{"id":27970,"date":"2015-08-11T14:31:18","date_gmt":"2015-08-11T13:31:18","guid":{"rendered":"http:\/\/zakrasnejsivimperk.cz\/?p=27970"},"modified":"2015-08-11T16:20:23","modified_gmt":"2015-08-11T15:20:23","slug":"horka-zprava-jihocesti-policiste-zadrzeli-u-hranic-s-nemeckem-skupinu-zen-a-deti-ze-syrie","status":"publish","type":"post","link":"https:\/\/zakrasnejsivimperk.cz\/?p=27970","title":{"rendered":"ZPR\u00c1VA DNE: Jiho\u010de\u0161t\u00ed policist\u00e9 zadr\u017eeli u Str\u00e1\u017en\u00e9ho skupinu \u010dty\u0159 \u017een a sedmi d\u011bt\u00ed ze S\u00fdrie"},"content":{"rendered":"<p style=\"text-align: justify;\">T\u0159et\u00ed p\u0159\u00edpad neleg\u00e1ln\u00ed migrace \u0159e\u0161\u00ed specialist\u00e9 odboru cizineck\u00e9 policie jiho\u010desk\u00e9ho policejn\u00edho \u0159editelstv\u00ed. V\u010dera kolem dev\u00e1t\u00e9 ve\u010der zadr\u017eela hl\u00eddka cizineck\u00e9 policie pobl\u00ed\u017e st\u00e1tn\u00ed hranice s N\u011bmeckem u Str\u00e1\u017en\u00e9ho skupinu \u010dty\u0159 \u017een a sedmi d\u011bt\u00ed. Podle prvotn\u00edch informac\u00ed jde o ob\u010dany S\u00fdrie. Cizinci vstoupili na \u00fazem\u00ed republiky v rozporu s pr\u00e1vn\u00edmi p\u0159edpisy, bez cestovn\u00edch doklad\u016f a povolen\u00ed k pobytu, \u00fadajn\u011b sm\u011b\u0159ovali do N\u011bmecka.<\/p>\n<p style=\"text-align: justify;\">P\u0159esto\u017ee policist\u00e9 skupinu zadr\u017eeli, postarali se v prvn\u00ed \u0159ad\u011b o jednu z \u017een, kter\u00e1 m\u011bla zdravotn\u00ed probl\u00e9my. Skupina \u201euprchl\u00edk\u016f\u201c byla n\u00e1sledn\u011b eskortovan\u00e1 do \u010cesk\u00fdch Bud\u011bjovic.\u00a0Policist\u00e9 v\u0161echny osoby prov\u011b\u0159\u00ed v datab\u00e1z\u00edch a n\u00e1sledovat bude spr\u00e1vn\u00ed \u0159\u00edzen\u00ed. Jeho v\u00fdsledkem bude pravd\u011bpodobn\u011b ukon\u010den\u00ed pobytu na \u00fazem\u00ed \u010cR. Komunikaci s \u017eenami zaji\u0161\u0165uje p\u0159ivolan\u00fd tlumo\u010dn\u00edk do arabsk\u00e9ho jazyka, policist\u00e9 tak\u00e9 prioritn\u011b \u0159e\u0161\u00ed z\u00e1zem\u00ed pro d\u011bti.<\/p>\n<div class=\"fotobox rgt\"><img loading=\"lazy\" decoding=\"async\" class=\" alignright\" src=\"http:\/\/www.policie.cz\/SCRIPT\/ViewImage.aspx?physid=649926&amp;docname=Migrace%202.jpg\" alt=\"Migrace 2.jpg\" width=\"300\" height=\"426\" \/><\/div>\n<p style=\"text-align: justify;\"><strong>Text a foto: (p\u010dr)<\/strong><\/p>\n<p>&nbsp;<\/p>\n<p>&nbsp;<\/p>\n<p>&nbsp;<\/p>\n<p>&nbsp;<\/p>\n<p>&nbsp;<\/p>\n<p>&nbsp;<\/p>\n<p>&nbsp;<\/p>\n<p>&nbsp;<\/p>\n<p>&nbsp;<\/p>\n<p>&nbsp;<\/p>\n<p>&nbsp;<\/p>\n<p>&nbsp;<\/p>\n","protected":false},"excerpt":{"rendered":"<p>T\u0159et\u00ed p\u0159\u00edpad <\/p>\n","protected":false},"author":2,"featured_media":27972,"comment_status":"open","ping_status":"open","sticky":false,"template":"","format":"standard","meta":{"footnotes":""},"categories":[7],"tags":[],"jetpack_featured_media_url":"https:\/\/zakrasnejsivimperk.cz\/wp-content\/uploads\/2015\/08\/uprchlici.jpg","_links":{"self":[{"href":"https:\/\/zakrasnejsivimperk.cz\/index.php?rest_route=\/wp\/v2\/posts\/27970"}],"collection":[{"href":"https:\/\/zakrasnejsivimperk.cz\/index.php?rest_route=\/wp\/v2\/posts"}],"about":[{"href":"https:\/\/zakrasnejsivimperk.cz\/index.php?rest_route=\/wp\/v2\/types\/post"}],"author":[{"embeddable":true,"href":"https:\/\/zakrasnejsivimperk.cz\/index.php?rest_route=\/wp\/v2\/users\/2"}],"replies":[{"embeddable":true,"href":"https:\/\/zakrasnejsivimperk.cz\/index.php?rest_route=%2Fwp%2Fv2%2Fcomments&post=27970"}],"version-history":[{"count":12,"href":"https:\/\/zakrasnejsivimperk.cz\/index.php?rest_route=\/wp\/v2\/posts\/27970\/revisions"}],"predecessor-version":[{"id":27985,"href":"https:\/\/zakrasnejsivimperk.cz\/index.php?rest_route=\/wp\/v2\/posts\/27970\/revisions\/27985"}],"wp:featuredmedia":[{"embeddable":true,"href":"https:\/\/zakrasnejsivimperk.cz\/index.php?rest_route=\/wp\/v2\/media\/27972"}],"wp:attachment":[{"href":"https:\/\/zakrasnejsivimperk.cz\/index.php?rest_route=%2Fwp%2Fv2%2Fmedia&parent=27970"}],"wp:term":[{"taxonomy":"category","embeddable":true,"href":"https:\/\/zakrasnejsivimperk.cz\/index.php?rest_route=%2Fwp%2Fv2%2Fcategories&post=27970"},{"taxonomy":"post_tag","embeddable":true,"href":"https:\/\/zakrasnejsivimperk.cz\/index.php?rest_route=%2Fwp%2Fv2%2Ftags&post=27970"}],"curies":[{"name":"wp","href":"https:\/\/api.w.org\/{rel}","templated":true}]}}