{"id":279689,"date":"2023-05-26T16:47:12","date_gmt":"2023-05-26T15:47:12","guid":{"rendered":"https:\/\/zakrasnejsivimperk.cz\/?p=279689"},"modified":"2023-05-29T13:28:26","modified_gmt":"2023-05-29T12:28:26","slug":"jizni-cechy-klistata-utoci-aktualni-informace-hygieniku-21-tyden-2023","status":"publish","type":"post","link":"https:\/\/zakrasnejsivimperk.cz\/?p=279689","title":{"rendered":"JI\u017dN\u00cd \u010cECHY: Kl\u00ed\u0161\u0165ata \u00fato\u010d\u00ed. Aktu\u00e1ln\u00ed informace hygienik\u016f \u2013 21. t\u00fdden 2023"},"content":{"rendered":"<p><img loading=\"lazy\" decoding=\"async\" class=\"aligncenter wp-image-199605 size-full\" src=\"https:\/\/zakrasnejsivimperk.cz\/wp-content\/uploads\/2020\/08\/06\/khs-logo.jpg\" alt=\"\" width=\"922\" height=\"396\" srcset=\"https:\/\/zakrasnejsivimperk.cz\/wp-content\/uploads\/2020\/08\/06\/khs-logo.jpg 922w, https:\/\/zakrasnejsivimperk.cz\/wp-content\/uploads\/2020\/08\/06\/khs-logo-300x129.jpg 300w, https:\/\/zakrasnejsivimperk.cz\/wp-content\/uploads\/2020\/08\/06\/khs-logo-768x330.jpg 768w, https:\/\/zakrasnejsivimperk.cz\/wp-content\/uploads\/2020\/08\/06\/khs-logo-831x357.jpg 831w\" sizes=\"(max-width: 922px) 100vw, 922px\" \/><\/p>\n<p>&nbsp;<\/p>\n<h4>V Jiho\u010desk\u00e9m kraji je 103 potvrzen\u00fdch p\u0159\u00edpad\u016f lymesk\u00e9 boreli\u00f3zy, v t\u00fddnu p\u0159ibylo 13 p\u0159\u00edpad\u016f<\/h4>\n<h6>Jiho\u010de\u0161t\u00ed hygienici registruj\u00ed ve 21. t\u00fddnu ji\u017e 103 nahl\u00e1\u0161en\u00fdch a potvrzen\u00fdch p\u0159\u00edpad\u016f lymesk\u00e9 boreli\u00f3zy a t\u0159i p\u0159\u00edpady kl\u00ed\u0161\u0165ov\u00e9 encefalitidy. Aktivita kl\u00ed\u0161\u0165at pro v\u00edkend a dal\u0161\u00ed dny je \u010cesk\u00fdm hydrometeorologick\u00fdm \u00fastavem predikov\u00e1na v ji\u017en\u00edch \u010cech\u00e1ch a prakticky v cel\u00e9 \u010cR na p\u011btistup\u0148ov\u00e9 \u0161k\u00e1le p\u011btkou, je a bude tedy na mimo\u0159\u00e1dn\u00e9m stupni rizika!<\/h6>\n<p>Na za\u010d\u00e1tku sezony hygienici registruj\u00ed o \u0161estadvacet p\u0159\u00edpad\u016f lymesk\u00e9 boreli\u00f3zy v\u00edce ne\u017e vloni. <em>\u201eVe dvac\u00e1t\u00e9m prvn\u00edm t\u00fddnu lo\u0148sk\u00e9ho roku bylo v kraji potvrzeno sedmasedmdes\u00e1t p\u0159\u00edpad\u016f, letos sto t\u0159i. V t\u00fddnu p\u0159ibylo t\u0159in\u00e1ct nov\u011b potvrzen\u00fdch p\u0159\u00edpad\u016f, t\u00e9m\u011b\u0159 polovina z nich na Jind\u0159ichohradecku (+6). Nejvy\u0161\u0161\u00ed v\u00fdskyt je nyn\u00ed na \u010ceskobud\u011bjovicku (26 p\u0159\u00edpad\u016f, +1) a T\u00e1borsku (26, +3), \u010ceskokrumlovsku (16, +2) a Jind\u0159ichohradecku (18, +6). Na Prachaticku je 10 potvrzen\u00fdch p\u0159\u00edpad\u016f (+1), Strakonicko m\u00e1 5 p\u0159\u00edpad\u016f a na P\u00edsecku jsou hl\u00e1\u0161eny 2 p\u0159\u00edpady,\u201c<\/em> komentovala t\u00fddenn\u00ed data \u0159editelka KHS Jiho\u010desk\u00e9ho kraje Kvetoslava Kotrbov\u00e1.<\/p>\n<p><em>\u201eCo se t\u00fd\u010de kl\u00ed\u0161\u0165ov\u00e9 encefalitidy, letos jsou evidov\u00e1ny zat\u00edm t\u0159i nahl\u00e1\u0161en\u00e9 a potvrzen\u00e9 p\u0159\u00edpady onemocn\u011bn\u00ed, a to na Strakonicku, Prachaticku a v t\u00fddnu p\u0159ibyl potvrzen\u00fd p\u0159\u00edpad na \u010ceskokrumlovsku. Vloni bylo v kraji v tomto obdob\u00ed 8 p\u0159\u00edpad\u016f, v cel\u00e9 sezon\u011b jsme na jihu \u010cech registrovali celkem 130 potvrzen\u00fdch onemocn\u011bn\u00ed. Letos je tedy zat\u00edm v\u00fdskyt kl\u00ed\u0161\u0165ov\u00e9 encefalitidy pon\u011bkud ni\u017e\u0161\u00ed ne\u017e vloni, opa\u010dn\u00fd trend ale vid\u00edme u lymesk\u00e9 boreli\u00f3zy. Pro srovn\u00e1n\u00ed: V Jiho\u010desk\u00e9m kraji bylo potvrzeno a nahl\u00e1\u0161eno 529 p\u0159\u00edpad\u016f lymesk\u00e9 boreli\u00f3zy,\u201c<\/em> dopl\u0148uje \u0159editelka protiepidemick\u00e9ho odboru KHS Jiho\u010desk\u00e9ho kraje Hana Bend\u00edkov\u00e1.<\/p>\n<p><em>\u201ePro dal\u0161\u00ed dny se o\u010dek\u00e1v\u00e1 mimo\u0159\u00e1dn\u00e1 aktivita kl\u00ed\u0161\u0165at, kon\u010d\u00ed de\u0161tiv\u00e9 vlhk\u00e9 dny a doch\u00e1z\u00ed k oteplen\u00ed, co\u017e je pro aktivitu kl\u00ed\u0161\u0165at optim\u00e1ln\u00ed kombinace. Kl\u00ed\u0161\u0165ata se zdr\u017euj\u00ed nejv\u00edce ve vy\u0161\u0161\u00ed tr\u00e1v\u011b a nese\u010den\u00fdch ploch\u00e1ch, u vodn\u00edch tok\u016f, v k\u0159ovin\u00e1ch na okraj\u00edch les\u016f, ale v posledn\u00edch des\u00edtk\u00e1ch let pozorujeme migraci i do park\u016f, p\u0159\u00edm\u011bstsk\u00fdch zahrad a vy\u0161\u0161\u00edch poloh nad sedm set i v\u00edce metr\u016f. Traduje se, \u017ee na sv\u00e9 hostitele sk\u00e1\u010dou z v\u00fd\u0161ky, co\u017e nen\u00ed pravda, zdr\u017euj\u00ed se podle toho, v jak\u00e9m jsou stadiu v\u00fdvoje, v poloh\u00e1ch, z nich\u017e maj\u00ed bl\u00edzko ke sv\u00fdm hostitel\u016fm, tedy my\u0161\u00edm a hlodavc\u016fm a dal\u0161\u00edm teplokrevn\u00fdm zv\u00ed\u0159at\u016fm, psy a dom\u00e1c\u00ed zv\u00ed\u0159ata nevyj\u00edmaje, vy vy\u0161\u0161\u00edm v\u00fdvojov\u00e9m st\u00e1diu m\u016f\u017eou b\u00fdt jejich hostiteli i srn\u010d\u00ed, pt\u00e1ci a podobn\u011b. Dok\u00e1\u017eou se dob\u0159e p\u0159ichytit na srst a proto jako jedno z preventivn\u00edch opat\u0159en\u00ed doporu\u010dujeme lidem, aby do p\u0159\u00edrody spr\u00e1vn\u011b obl\u00e9kli a nebrali si na sebe tkaniny s dlouh\u00fdm vlasem, na kter\u00fdch se kl\u00ed\u0161t\u011b sn\u00e1ze uchyt\u00ed ne\u017e na hladkou l\u00e1tku. D\u016fle\u017eit\u00fd je spr\u00e1vn\u00fd pohyb v p\u0159\u00edrod\u011b, nesedat a lehat si t\u0159eba do vysok\u00e9 tr\u00e1vy, dob\u0159e se po p\u0159\u00edchodu prohl\u00e9dnout, pou\u017e\u00edvat repelenty a samoz\u0159ejm\u011b proti kl\u00ed\u0161\u0165ov\u00e9 encefalitid\u011b se nechat o\u010dkovat. O\u010dkov\u00e1n\u00ed doporu\u010dujeme p\u0159edev\u0161\u00edm senior\u016fm a od pades\u00e1ti let v\u011bku je hrazeno poji\u0161\u0165ovnami,\u201c<\/em> uv\u00e1d\u00ed dal\u0161\u00ed obecn\u00e9 informace ke kl\u00ed\u0161\u0165aty p\u0159en\u00e1\u0161en\u00fdm infekc\u00edm Kvetoslava Kotrbov\u00e1.<\/p>\n<p>&nbsp;<\/p>\n<p><strong>V\u00fdskyt lymesk\u00e9 boreli\u00f3zy za posledn\u00edch p\u011bt let<\/strong><\/p>\n<ul>\n<li>o V r. 2018 to bylo 473 p\u0159\u00edpad\u016f<\/li>\n<li>o V r. 2019 to bylo 431 p\u0159\u00edpad\u016f<\/li>\n<li>o V r. 2020 to bylo 367 p\u0159\u00edpad\u016f<\/li>\n<li>o V r. 2021 to bylo 270 p\u0159\u00edpad\u016f<\/li>\n<li>o V r. 2022 to bylo 529 p\u0159\u00edpad\u016f<\/li>\n<li>\u00b7 V posledn\u00edch p\u011bti sez\u00f3n\u00e1ch byl nejv\u011bt\u0161\u00ed absolutn\u00ed v\u00fdskyt tohoto onemocn\u011bn\u00ed na \u010ceskobud\u011bjovicku \u2013 celkem 578 p\u0159\u00edpad\u016f, na Jind\u0159ichohradecku 430, na \u010ceskokrumlovsku 345 a T\u00e1borsku 336.<\/li>\n<\/ul>\n<p>&nbsp;<\/p>\n<p><strong>V\u00fdskyt kl\u00ed\u0161\u0165ov\u00e9 encefalitidy v absolutn\u00edch \u010d\u00edslech za posledn\u00edch p\u011bt let<\/strong><\/p>\n<ul>\n<li>o V r. 2018 to bylo 121 p\u0159\u00edpad\u016f<\/li>\n<li>o V r. 2019 to bylo 99 p\u0159\u00edpad\u016f<\/li>\n<li>o V r. 2020 to bylo 137 p\u0159\u00edpad\u016f<\/li>\n<li>o V r. 2021 to bylo 83 p\u0159\u00edpad\u016f<\/li>\n<li>o V r. 2022 to bylo 130 p\u0159\u00edpad\u016f<\/li>\n<li>\u00b7 V posledn\u00edch p\u011bti letech byl nejvy\u0161\u0161\u00ed v\u00fdskyt na \u010ceskobud\u011bjovicku (183 p\u0159\u00edpad\u016f), \u010ceskokrumlovsku s 98 p\u0159\u00edpady a Prachaticku s 81 p\u0159\u00edpadem. Okresem s dlouhodob\u011b nejni\u017e\u0161\u00edm v\u00fdskytem kl\u00ed\u0161\u0165aty p\u0159en\u00e1\u0161en\u00fdch onemocn\u011bn\u00ed P\u00edsecko, kde bylo v posledn\u00edch p\u011bti letech potvrzeno celkem 107 p\u0159\u00edpad\u016f lymesk\u00e9 boreli\u00f3zy a pouze 18 p\u0159\u00edpad\u016f kl\u00ed\u0161\u0165ov\u00e9 encefalitidy.<\/li>\n<li>\u00b7 U kl\u00ed\u0161\u0165ov\u00e9 encefalitidy byl nejvy\u0161\u0161\u00ed po\u010det onemocn\u011bn\u00ed v posledn\u00edch p\u011bti letech registrov\u00e1na ve skupin\u011b 45 \u2013 54 let (109), 65 \u2013 74 let (102) a 55 \u2013 64 let (94).<\/li>\n<li>\u00b7 U lymesk\u00e9 boreli\u00f3zy to byla skupina senior\u016f 65 \u2013 74 let (414 p\u0159\u00edpad\u016f), 55 \u2013 64 let (370) a 45 \u2013 54 let (356).<\/li>\n<\/ul>\n<p>&nbsp;<\/p>\n<ul>\n<li>\u00b7 Kl\u00ed\u0161\u0165ov\u00e1 encefalitida je onemocn\u011bn\u00ed virov\u00e9ho p\u016fvodu s p\u0159\u00edrodn\u00ed ohniskovost\u00ed, m\u016f\u017ee m\u00edt fat\u00e1ln\u00ed n\u00e1sledky, nap\u0159\u00edklad po\u0161kozen\u00ed nervov\u00e9ho syst\u00e9mu a ochrnut\u00ed<\/li>\n<li>\u00b7 Onemocn\u011bn\u00ed kl\u00ed\u0161\u0165ovou encefalitidou se projev\u00ed v prvn\u00ed f\u00e1zi po jednom a\u017e dvou t\u00fddnech od p\u0159is\u00e1t\u00ed zv\u00fd\u0161enou teplotou \u010di hore\u010dkou, mal\u00e1tnost\u00ed, bolestmi hlavy \u010di kloub\u016f<\/li>\n<li>\u00b7 Druh\u00e1 f\u00e1ze nastoup\u00ed po n\u011bkolika dnech relativn\u00edho klidu vysok\u00fdmi hore\u010dkami a p\u0159\u00edznaky napaden\u00ed centr\u00e1ln\u00edho nervov\u00e9ho syst\u00e9mu, kam krom\u011b siln\u00fdch bolest\u00ed hlavy pat\u0159\u00ed z\u00e1vrat\u011b, poruchy sp\u00e1nku, dezorientace, svalov\u00fd t\u0159es \u010di tuhost sval\u016f v \u0161\u00edji<\/li>\n<li>\u00b7 U osob s oslabenou imunitou, soub\u011b\u017en\u00fdm chronick\u00fdm onemocn\u011bn\u00edm \u010di u senior\u016f m\u016f\u017ee b\u00fdt pr\u016fb\u011bh z\u00e1va\u017en\u00fd v\u010detn\u011b ochrnut\u00ed a selh\u00e1v\u00e1n\u00ed \u017eivotn\u011b d\u016fle\u017eit\u00fdch funkc\u00ed<\/li>\n<li>\u00b7 U v\u0161ech pacient\u016f je d\u016fle\u017eit\u00fd klid na l\u016f\u017eku a podp\u016frn\u00e1 l\u00e9\u010dba<\/li>\n<li>\u00b7 Lymesk\u00e1 boreli\u00f3za je bakteri\u00e1ln\u00ed onemocn\u011bn\u00ed, asi p\u011btkr\u00e1t \u010dast\u011bj\u0161\u00ed ne\u017e kl\u00ed\u0161\u0165ov\u00e1 encefalitida, proto\u017ee p\u0159\u00edtomnost borreli\u00ed vykazuje v ohnisc\u00edch a\u017e deset procent populace kl\u00ed\u0161\u0165at. V ji\u017en\u00edch \u010cech\u00e1ch se nejv\u00edce p\u0159\u00edpad\u016f vyskytuje dlouhodob\u011b p\u0159edev\u0161\u00edm na Jind\u0159ichohradecku a T\u00e1borsku, tedy v povod\u00ed Ne\u017e\u00e1rky a Lu\u017enice, v posledn\u00edch letech stoup\u00e1 v\u00fdskyt i ve vy\u0161\u0161\u00edch nadmo\u0159sk\u00fdch v\u00fd\u0161k\u00e1ch a z okres\u016f velmi v\u00fdrazn\u011b v okrese \u010cesk\u00fd Krumlov<\/li>\n<li>\u00b7 Proti lymesk\u00e9 boreli\u00f3ze neexistuje v na\u0161ich podm\u00ednk\u00e1ch o\u010dkov\u00e1n\u00ed, jej\u00ed p\u0159\u00edznaky je mo\u017en\u00e9 l\u00e9\u010dit antibiotiky<\/li>\n<li>\u00b7 U boreli\u00f3zy m\u016f\u017ee b\u00fdt symptomem prvn\u00edho st\u00e1dia \u010derven\u00e1 skvrna, \u0161\u00ed\u0159\u00edc\u00ed se kolem m\u00edsta p\u0159is\u00e1t\u00ed<\/li>\n<li>\u00b7 Druh\u00e9 st\u00e1dium m\u00e1 chronick\u00fd pr\u016fb\u011bh a nastupuje i n\u011bkolik m\u011bs\u00edc\u016f po p\u0159is\u00e1t\u00ed<\/li>\n<li>\u00b7 Projevuje se bolestmi kloub\u016f \u010di posti\u017een\u00edm nervov\u00e9ho syst\u00e9mu, i boreli\u00f3za m\u016f\u017ee m\u00edt u oslaben\u00fdch pacient\u016f z\u00e1va\u017en\u00fd pr\u016fb\u011bh<\/li>\n<li>\u00b7 Doporu\u010dovanou prevenc\u00ed kl\u00ed\u0161\u0165ov\u00e9 encefalitidy je \u00fa\u010dinn\u00e9 o\u010dkov\u00e1n\u00ed, kter\u00e9 je optim\u00e1ln\u00ed postoupit p\u0159ed za\u010d\u00e1tkem hlavn\u00ed sez\u00f3ny aktivity kl\u00ed\u0161\u0165at, tedy na za\u010d\u00e1tku jara<\/li>\n<li>\u00b7 D\u016fle\u017eit\u00e1 je aktivn\u00ed obrana p\u0159i pobytu v p\u0159\u00edrod\u011b \u2013 spr\u00e1vn\u00e9 oble\u010den\u00ed a pou\u017eit\u00ed repelent\u016f<\/li>\n<li>\u00b7 Pro p\u0159enos infek\u010dn\u00ed d\u00e1vky z p\u0159is\u00e1t\u00e9ho kl\u00ed\u0161t\u011bte posta\u010d\u00ed v p\u0159\u00edpad\u011b encefalitidy n\u011bkolik m\u00e1lo hodin, t\u0159eba i pouh\u00e9 dv\u011b hodiny<\/li>\n<li>\u00b7 Aktivita kl\u00ed\u0161\u0165at z\u00e1vis\u00ed na klimatick\u00fdch podm\u00ednk\u00e1ch, vyhovuje jim tepl\u00e9 vlhk\u00e9 po\u010das\u00ed a m\u016f\u017ee se li\u0161it i v pr\u016fb\u011bhu dne, kdy b\u00fdvaj\u00ed kl\u00ed\u0161\u0165ata aktivn\u011bj\u0161\u00edch v rann\u00edch a dopoledn\u00edch hodin\u00e1ch<\/li>\n<li>\u00b7 V na\u0161ich podm\u00ednk\u00e1ch s oteplov\u00e1n\u00edm a zimami bez v\u00fdrazn\u00fdch mraz\u016f kl\u00ed\u0161\u0165ata migruj\u00ed i do vy\u0161\u0161\u00edch nadmo\u0159sk\u00fdch v\u00fd\u0161ek a\u017e kolem tis\u00edce metr\u016f, o \u010dem\u017e sv\u011bd\u010d\u00ed n\u00e1r\u016fst po\u010dtu p\u0159\u00edpad\u016f na \u0160umav\u011b v okresech \u010cesk\u00fd Krumlov a Prachatice<\/li>\n<li>\u00b7 Hygienici eviduj\u00ed prvn\u00ed p\u0159\u00edpady onemocn\u011bn\u00ed podle pr\u016fb\u011bhu zimy, charakteru po\u010das\u00ed atp. ji\u017e v b\u0159eznu s t\u00edm, \u017ee posledn\u00ed p\u0159\u00edpady se projevuj\u00ed b\u011b\u017en\u011b v listopadu<\/li>\n<li>\u00b7 O\u010dkov\u00e1n\u00ed proti kl\u00ed\u0161\u0165ov\u00e9 encefalitid\u011b pro osoby mlad\u0161\u00ed pades\u00e1ti let nen\u00ed hrazeno ze zdravotn\u00edho poji\u0161t\u011bn\u00ed, samotn\u00e9 o\u010dkov\u00e1n\u00ed realizuj\u00ed prakti\u010dt\u00ed l\u00e9ka\u0159i nebo o\u010dkovac\u00ed centra, zdravotn\u00ed poji\u0161\u0165ovny na n\u011b p\u0159isp\u00edvaj\u00ed dle sv\u00fdch program\u016f, zdarma je o\u010dkov\u00e1n\u00ed pro osoby star\u0161\u00ed pades\u00e1ti let<\/li>\n<li>\u00b7 Informace k p\u0159edpokl\u00e1dan\u00e9 aktivit\u011b kl\u00ed\u0161\u0165at zve\u0159ej\u0148uje v sez\u00f3n\u011b \u010cesk\u00fd hydrometeorologick\u00fd \u00fastav a informace k prevenci onemocn\u011bn\u00ed St\u00e1tn\u00ed zdravotn\u00ed \u00fastav \u010di krajsk\u00e9 hygienick\u00e9 stanice<\/li>\n<\/ul>\n<p>&nbsp;<\/p>\n<p><strong>(tz-khs)<\/strong><\/p>\n<hr \/>\n<p>&nbsp;<\/p>\n<p>&nbsp;<\/p>\n","protected":false},"excerpt":{"rendered":"<p>&nbsp; V <\/p>\n","protected":false},"author":2,"featured_media":199605,"comment_status":"open","ping_status":"open","sticky":false,"template":"","format":"gallery","meta":{"footnotes":""},"categories":[69],"tags":[],"jetpack_featured_media_url":"https:\/\/zakrasnejsivimperk.cz\/wp-content\/uploads\/2020\/08\/06\/khs-logo.jpg","_links":{"self":[{"href":"https:\/\/zakrasnejsivimperk.cz\/index.php?rest_route=\/wp\/v2\/posts\/279689"}],"collection":[{"href":"https:\/\/zakrasnejsivimperk.cz\/index.php?rest_route=\/wp\/v2\/posts"}],"about":[{"href":"https:\/\/zakrasnejsivimperk.cz\/index.php?rest_route=\/wp\/v2\/types\/post"}],"author":[{"embeddable":true,"href":"https:\/\/zakrasnejsivimperk.cz\/index.php?rest_route=\/wp\/v2\/users\/2"}],"replies":[{"embeddable":true,"href":"https:\/\/zakrasnejsivimperk.cz\/index.php?rest_route=%2Fwp%2Fv2%2Fcomments&post=279689"}],"version-history":[{"count":1,"href":"https:\/\/zakrasnejsivimperk.cz\/index.php?rest_route=\/wp\/v2\/posts\/279689\/revisions"}],"predecessor-version":[{"id":279690,"href":"https:\/\/zakrasnejsivimperk.cz\/index.php?rest_route=\/wp\/v2\/posts\/279689\/revisions\/279690"}],"wp:featuredmedia":[{"embeddable":true,"href":"https:\/\/zakrasnejsivimperk.cz\/index.php?rest_route=\/wp\/v2\/media\/199605"}],"wp:attachment":[{"href":"https:\/\/zakrasnejsivimperk.cz\/index.php?rest_route=%2Fwp%2Fv2%2Fmedia&parent=279689"}],"wp:term":[{"taxonomy":"category","embeddable":true,"href":"https:\/\/zakrasnejsivimperk.cz\/index.php?rest_route=%2Fwp%2Fv2%2Fcategories&post=279689"},{"taxonomy":"post_tag","embeddable":true,"href":"https:\/\/zakrasnejsivimperk.cz\/index.php?rest_route=%2Fwp%2Fv2%2Ftags&post=279689"}],"curies":[{"name":"wp","href":"https:\/\/api.w.org\/{rel}","templated":true}]}}