{"id":279430,"date":"2023-05-22T21:43:16","date_gmt":"2023-05-22T20:43:16","guid":{"rendered":"https:\/\/zakrasnejsivimperk.cz\/?p=279430"},"modified":"2023-05-22T21:43:16","modified_gmt":"2023-05-22T20:43:16","slug":"kalendar-rok-2023-v-lidovych-zvycich-rikadlech-a-moudrostech-21-tyden","status":"publish","type":"post","link":"https:\/\/zakrasnejsivimperk.cz\/?p=279430","title":{"rendered":"KALEND\u00c1\u0158: Rok 2023 v lidov\u00fdch zvyc\u00edch, \u0159\u00edkadlech a moudrostech \u2013 21. t\u00fdden"},"content":{"rendered":"<p><img loading=\"lazy\" decoding=\"async\" class=\"aligncenter wp-image-279431 size-full\" src=\"https:\/\/zakrasnejsivimperk.cz\/wp-content\/uploads\/2023\/05\/22\/kalendar-2123-1.jpg\" alt=\"\" width=\"920\" height=\"1100\" srcset=\"https:\/\/zakrasnejsivimperk.cz\/wp-content\/uploads\/2023\/05\/22\/kalendar-2123-1.jpg 920w, https:\/\/zakrasnejsivimperk.cz\/wp-content\/uploads\/2023\/05\/22\/kalendar-2123-1-251x300.jpg 251w, https:\/\/zakrasnejsivimperk.cz\/wp-content\/uploads\/2023\/05\/22\/kalendar-2123-1-856x1024.jpg 856w, https:\/\/zakrasnejsivimperk.cz\/wp-content\/uploads\/2023\/05\/22\/kalendar-2123-1-768x918.jpg 768w, https:\/\/zakrasnejsivimperk.cz\/wp-content\/uploads\/2023\/05\/22\/kalendar-2123-1-299x357.jpg 299w, https:\/\/zakrasnejsivimperk.cz\/wp-content\/uploads\/2023\/05\/22\/kalendar-2123-1-404x483.jpg 404w\" sizes=\"(max-width: 920px) 100vw, 920px\" \/><\/p>\n<h4 style=\"text-align: center;\"><a href=\"https:\/\/zakrasnejsivimperk.cz\/?p=270376\" target=\"_blank\" rel=\"noopener\">Rok 2023 v lidov\u00fdch zvyc\u00edch, \u0159\u00edkadlech a moudrostech<\/a><\/h4>\n<hr \/>\n<p>&nbsp;<\/p>\n<p>&nbsp;<\/p>\n","protected":false},"excerpt":{"rendered":"<p>Rok 2023 <\/p>\n","protected":false},"author":2,"featured_media":279432,"comment_status":"open","ping_status":"open","sticky":false,"template":"","format":"gallery","meta":{"footnotes":""},"categories":[120],"tags":[],"jetpack_featured_media_url":"https:\/\/zakrasnejsivimperk.cz\/wp-content\/uploads\/2023\/05\/22\/kalendar-2123-2.jpg","_links":{"self":[{"href":"https:\/\/zakrasnejsivimperk.cz\/index.php?rest_route=\/wp\/v2\/posts\/279430"}],"collection":[{"href":"https:\/\/zakrasnejsivimperk.cz\/index.php?rest_route=\/wp\/v2\/posts"}],"about":[{"href":"https:\/\/zakrasnejsivimperk.cz\/index.php?rest_route=\/wp\/v2\/types\/post"}],"author":[{"embeddable":true,"href":"https:\/\/zakrasnejsivimperk.cz\/index.php?rest_route=\/wp\/v2\/users\/2"}],"replies":[{"embeddable":true,"href":"https:\/\/zakrasnejsivimperk.cz\/index.php?rest_route=%2Fwp%2Fv2%2Fcomments&post=279430"}],"version-history":[{"count":1,"href":"https:\/\/zakrasnejsivimperk.cz\/index.php?rest_route=\/wp\/v2\/posts\/279430\/revisions"}],"predecessor-version":[{"id":279433,"href":"https:\/\/zakrasnejsivimperk.cz\/index.php?rest_route=\/wp\/v2\/posts\/279430\/revisions\/279433"}],"wp:featuredmedia":[{"embeddable":true,"href":"https:\/\/zakrasnejsivimperk.cz\/index.php?rest_route=\/wp\/v2\/media\/279432"}],"wp:attachment":[{"href":"https:\/\/zakrasnejsivimperk.cz\/index.php?rest_route=%2Fwp%2Fv2%2Fmedia&parent=279430"}],"wp:term":[{"taxonomy":"category","embeddable":true,"href":"https:\/\/zakrasnejsivimperk.cz\/index.php?rest_route=%2Fwp%2Fv2%2Fcategories&post=279430"},{"taxonomy":"post_tag","embeddable":true,"href":"https:\/\/zakrasnejsivimperk.cz\/index.php?rest_route=%2Fwp%2Fv2%2Ftags&post=279430"}],"curies":[{"name":"wp","href":"https:\/\/api.w.org\/{rel}","templated":true}]}}