{"id":278456,"date":"2023-05-08T12:38:09","date_gmt":"2023-05-08T11:38:09","guid":{"rendered":"https:\/\/zakrasnejsivimperk.cz\/?p=278456"},"modified":"2023-05-08T12:38:09","modified_gmt":"2023-05-08T11:38:09","slug":"kalendar-rok-2023-v-lidovych-zvycich-rikadlech-a-moudrostech-19-tyden","status":"publish","type":"post","link":"https:\/\/zakrasnejsivimperk.cz\/?p=278456","title":{"rendered":"KALEND\u00c1\u0158: Rok 2023 v lidov\u00fdch zvyc\u00edch, \u0159\u00edkadlech a moudrostech \u2013 19. t\u00fdden"},"content":{"rendered":"<p><img loading=\"lazy\" decoding=\"async\" class=\"aligncenter wp-image-278457 size-full\" src=\"https:\/\/zakrasnejsivimperk.cz\/wp-content\/uploads\/2023\/05\/08\/kalendar-1923-1.jpg\" alt=\"\" width=\"956\" height=\"1100\" srcset=\"https:\/\/zakrasnejsivimperk.cz\/wp-content\/uploads\/2023\/05\/08\/kalendar-1923-1.jpg 956w, https:\/\/zakrasnejsivimperk.cz\/wp-content\/uploads\/2023\/05\/08\/kalendar-1923-1-261x300.jpg 261w, https:\/\/zakrasnejsivimperk.cz\/wp-content\/uploads\/2023\/05\/08\/kalendar-1923-1-890x1024.jpg 890w, https:\/\/zakrasnejsivimperk.cz\/wp-content\/uploads\/2023\/05\/08\/kalendar-1923-1-768x884.jpg 768w, https:\/\/zakrasnejsivimperk.cz\/wp-content\/uploads\/2023\/05\/08\/kalendar-1923-1-310x357.jpg 310w, https:\/\/zakrasnejsivimperk.cz\/wp-content\/uploads\/2023\/05\/08\/kalendar-1923-1-420x483.jpg 420w\" sizes=\"(max-width: 956px) 100vw, 956px\" \/><\/p>\n<p>&nbsp;<\/p>\n<h4 style=\"text-align: center;\"><a href=\"https:\/\/zakrasnejsivimperk.cz\/?p=270376\" target=\"_blank\" rel=\"noopener\">Rok 2023 v lidov\u00fdch zvyc\u00edch, \u0159\u00edkadlech a moudrostech<\/a><\/h4>\n<hr \/>\n<p>&nbsp;<\/p>\n<p>&nbsp;<\/p>\n","protected":false},"excerpt":{"rendered":"<p>&nbsp; Rok <\/p>\n","protected":false},"author":2,"featured_media":278458,"comment_status":"open","ping_status":"open","sticky":false,"template":"","format":"gallery","meta":{"footnotes":""},"categories":[120],"tags":[],"jetpack_featured_media_url":"https:\/\/zakrasnejsivimperk.cz\/wp-content\/uploads\/2023\/05\/08\/kalendar-1923-2.jpg","_links":{"self":[{"href":"https:\/\/zakrasnejsivimperk.cz\/index.php?rest_route=\/wp\/v2\/posts\/278456"}],"collection":[{"href":"https:\/\/zakrasnejsivimperk.cz\/index.php?rest_route=\/wp\/v2\/posts"}],"about":[{"href":"https:\/\/zakrasnejsivimperk.cz\/index.php?rest_route=\/wp\/v2\/types\/post"}],"author":[{"embeddable":true,"href":"https:\/\/zakrasnejsivimperk.cz\/index.php?rest_route=\/wp\/v2\/users\/2"}],"replies":[{"embeddable":true,"href":"https:\/\/zakrasnejsivimperk.cz\/index.php?rest_route=%2Fwp%2Fv2%2Fcomments&post=278456"}],"version-history":[{"count":1,"href":"https:\/\/zakrasnejsivimperk.cz\/index.php?rest_route=\/wp\/v2\/posts\/278456\/revisions"}],"predecessor-version":[{"id":278459,"href":"https:\/\/zakrasnejsivimperk.cz\/index.php?rest_route=\/wp\/v2\/posts\/278456\/revisions\/278459"}],"wp:featuredmedia":[{"embeddable":true,"href":"https:\/\/zakrasnejsivimperk.cz\/index.php?rest_route=\/wp\/v2\/media\/278458"}],"wp:attachment":[{"href":"https:\/\/zakrasnejsivimperk.cz\/index.php?rest_route=%2Fwp%2Fv2%2Fmedia&parent=278456"}],"wp:term":[{"taxonomy":"category","embeddable":true,"href":"https:\/\/zakrasnejsivimperk.cz\/index.php?rest_route=%2Fwp%2Fv2%2Fcategories&post=278456"},{"taxonomy":"post_tag","embeddable":true,"href":"https:\/\/zakrasnejsivimperk.cz\/index.php?rest_route=%2Fwp%2Fv2%2Ftags&post=278456"}],"curies":[{"name":"wp","href":"https:\/\/api.w.org\/{rel}","templated":true}]}}