{"id":277204,"date":"2023-04-17T18:18:10","date_gmt":"2023-04-17T17:18:10","guid":{"rendered":"https:\/\/zakrasnejsivimperk.cz\/?p=277204"},"modified":"2023-04-17T18:18:10","modified_gmt":"2023-04-17T17:18:10","slug":"kalendar-rok-2023-v-lidovych-zvycich-rikadlech-a-moudrostech-16-tyden","status":"publish","type":"post","link":"https:\/\/zakrasnejsivimperk.cz\/?p=277204","title":{"rendered":"KALEND\u00c1\u0158: Rok 2023 v lidov\u00fdch zvyc\u00edch, \u0159\u00edkadlech a moudrostech \u2013 16. t\u00fdden"},"content":{"rendered":"<p><img loading=\"lazy\" decoding=\"async\" class=\"aligncenter wp-image-277206 size-full\" src=\"https:\/\/zakrasnejsivimperk.cz\/wp-content\/uploads\/2023\/04\/17\/kalendar-1623-2.jpg\" alt=\"\" width=\"966\" height=\"1100\" srcset=\"https:\/\/zakrasnejsivimperk.cz\/wp-content\/uploads\/2023\/04\/17\/kalendar-1623-2.jpg 966w, https:\/\/zakrasnejsivimperk.cz\/wp-content\/uploads\/2023\/04\/17\/kalendar-1623-2-263x300.jpg 263w, https:\/\/zakrasnejsivimperk.cz\/wp-content\/uploads\/2023\/04\/17\/kalendar-1623-2-899x1024.jpg 899w, https:\/\/zakrasnejsivimperk.cz\/wp-content\/uploads\/2023\/04\/17\/kalendar-1623-2-768x875.jpg 768w, https:\/\/zakrasnejsivimperk.cz\/wp-content\/uploads\/2023\/04\/17\/kalendar-1623-2-314x357.jpg 314w, https:\/\/zakrasnejsivimperk.cz\/wp-content\/uploads\/2023\/04\/17\/kalendar-1623-2-424x483.jpg 424w\" sizes=\"(max-width: 966px) 100vw, 966px\" \/><\/p>\n<p>&nbsp;<\/p>\n<h4 style=\"text-align: center;\"><a href=\"https:\/\/zakrasnejsivimperk.cz\/?p=270376\" target=\"_blank\" rel=\"noopener\">Rok 2023 v lidov\u00fdch zvyc\u00edch, \u0159\u00edkadlech a moudrostech<\/a><\/h4>\n<hr \/>\n<p>&nbsp;<\/p>\n<p>&nbsp;<\/p>\n","protected":false},"excerpt":{"rendered":"<p>&nbsp; Rok <\/p>\n","protected":false},"author":2,"featured_media":277205,"comment_status":"open","ping_status":"open","sticky":false,"template":"","format":"gallery","meta":{"footnotes":""},"categories":[120],"tags":[],"jetpack_featured_media_url":"https:\/\/zakrasnejsivimperk.cz\/wp-content\/uploads\/2023\/04\/17\/kalendar-1623-1.jpg","_links":{"self":[{"href":"https:\/\/zakrasnejsivimperk.cz\/index.php?rest_route=\/wp\/v2\/posts\/277204"}],"collection":[{"href":"https:\/\/zakrasnejsivimperk.cz\/index.php?rest_route=\/wp\/v2\/posts"}],"about":[{"href":"https:\/\/zakrasnejsivimperk.cz\/index.php?rest_route=\/wp\/v2\/types\/post"}],"author":[{"embeddable":true,"href":"https:\/\/zakrasnejsivimperk.cz\/index.php?rest_route=\/wp\/v2\/users\/2"}],"replies":[{"embeddable":true,"href":"https:\/\/zakrasnejsivimperk.cz\/index.php?rest_route=%2Fwp%2Fv2%2Fcomments&post=277204"}],"version-history":[{"count":1,"href":"https:\/\/zakrasnejsivimperk.cz\/index.php?rest_route=\/wp\/v2\/posts\/277204\/revisions"}],"predecessor-version":[{"id":277207,"href":"https:\/\/zakrasnejsivimperk.cz\/index.php?rest_route=\/wp\/v2\/posts\/277204\/revisions\/277207"}],"wp:featuredmedia":[{"embeddable":true,"href":"https:\/\/zakrasnejsivimperk.cz\/index.php?rest_route=\/wp\/v2\/media\/277205"}],"wp:attachment":[{"href":"https:\/\/zakrasnejsivimperk.cz\/index.php?rest_route=%2Fwp%2Fv2%2Fmedia&parent=277204"}],"wp:term":[{"taxonomy":"category","embeddable":true,"href":"https:\/\/zakrasnejsivimperk.cz\/index.php?rest_route=%2Fwp%2Fv2%2Fcategories&post=277204"},{"taxonomy":"post_tag","embeddable":true,"href":"https:\/\/zakrasnejsivimperk.cz\/index.php?rest_route=%2Fwp%2Fv2%2Ftags&post=277204"}],"curies":[{"name":"wp","href":"https:\/\/api.w.org\/{rel}","templated":true}]}}