{"id":276571,"date":"2025-04-17T19:33:56","date_gmt":"2025-04-17T18:33:56","guid":{"rendered":"https:\/\/zakrasnejsivimperk.cz\/?p=276571"},"modified":"2025-04-17T19:33:56","modified_gmt":"2025-04-17T18:33:56","slug":"stara-sumava-a-posumavi-velky-patek","status":"publish","type":"post","link":"https:\/\/zakrasnejsivimperk.cz\/?p=276571","title":{"rendered":"STAR\u00c1 \u0160UMAVA A PO\u0160UMAV\u00cd: Velk\u00fd p\u00e1tek"},"content":{"rendered":"<p><img loading=\"lazy\" decoding=\"async\" class=\"aligncenter wp-image-276572 size-full\" src=\"https:\/\/zakrasnejsivimperk.cz\/wp-content\/uploads\/2023\/04\/07\/O-VELKEM-PATKU.....jpg\" alt=\"\" width=\"2048\" height=\"1845\" srcset=\"https:\/\/zakrasnejsivimperk.cz\/wp-content\/uploads\/2023\/04\/07\/O-VELKEM-PATKU.....jpg 2048w, https:\/\/zakrasnejsivimperk.cz\/wp-content\/uploads\/2023\/04\/07\/O-VELKEM-PATKU....-300x270.jpg 300w, https:\/\/zakrasnejsivimperk.cz\/wp-content\/uploads\/2023\/04\/07\/O-VELKEM-PATKU....-1024x923.jpg 1024w, https:\/\/zakrasnejsivimperk.cz\/wp-content\/uploads\/2023\/04\/07\/O-VELKEM-PATKU....-768x692.jpg 768w, https:\/\/zakrasnejsivimperk.cz\/wp-content\/uploads\/2023\/04\/07\/O-VELKEM-PATKU....-1536x1384.jpg 1536w, https:\/\/zakrasnejsivimperk.cz\/wp-content\/uploads\/2023\/04\/07\/O-VELKEM-PATKU....-396x357.jpg 396w, https:\/\/zakrasnejsivimperk.cz\/wp-content\/uploads\/2023\/04\/07\/O-VELKEM-PATKU....-536x483.jpg 536w\" sizes=\"(max-width: 2048px) 100vw, 2048px\" \/><\/p>\n<p>&nbsp;<\/p>\n<h6>Velk\u00fd p\u00e1tek je nejen pro v\u011b\u0159\u00edc\u00ed k\u0159es\u0165any v\u00fdznamn\u00fdm dnem, dnem kdy vzpom\u00edn\u00e1me na smrt Kristovu, smrt \u010dlov\u011bka, pro jin\u00e9 Boha, Bo\u017e\u00edho syna \u010di proroka, kter\u00fd sv\u00fdm u\u010den\u00edm zalo\u017eil novou kulturu; nov\u00fd syst\u00e9m ch\u00e1p\u00e1n\u00ed Boha. Boha, kter\u00fd ji\u017e nen\u00ed t\u00edm ukrutn\u00fdm vl\u00e1dcem, staroz\u00e1konn\u00ed p\u0159\u00edsnou podstatou ve smyslu \u201eoko za oko, zub za zub\u201c, ale Bohem nov\u00fdm, odpou\u0161t\u011bj\u00edc\u00edm, konaj\u00edc\u00edm pro sv\u00e9 Stvo\u0159en\u00ed jen dobr\u00e9, pokud dobr\u00e9 kon\u00e1.<\/h6>\n<p>Velk\u00fd p\u00e1tek je prvn\u00edm dnem velikono\u010dn\u00edch t\u0159\u00eddenn\u00ed, tedy tridua, dn\u016f, kdy si p\u0159ipom\u00edn\u00e1me smrt Je\u017e\u00ed\u0161e Krista na k\u0159\u00ed\u017ei. Velk\u00fd p\u00e1tek, a\u010d se n\u011bkdy naz\u00fdv\u00e1 smutn\u00fdm l\u00edtostiv\u00fdm \u010di slzav\u00fdm, nen\u00ed dnem, kdy by lid\u00e9 m\u011bli b\u00fdt smutn\u00ed \u010di plakat pro utrpen\u00ed. Velk\u00fd p\u00e1tek je dnem, kdybychom se m\u011bli zamyslet nad smrt\u00ed Krista na k\u0159\u00ed\u017ei, v\u00fdznamem Jeho smrti a v\u00fdznamu v\u00edry v Krista jako Spasitele v\u016fbec.<\/p>\n<p>V minulosti se hr\u00e1valy ve v\u011bt\u0161\u00edch m\u011bstech a na vesnic\u00edch divadeln\u00ed pa\u0161ijov\u00e9 hry, \u010dasto z autorstv\u00ed m\u00edstn\u00edch um\u011blc\u016f, kdy hlavn\u00edm t\u00e9matem byly ud\u00e1losti posledn\u00edch dn\u016f z \u017eivota Krista, n\u00e1sledn\u011b Jeho zmrtv\u00fdchvst\u00e1n\u00ed. \u010casto se v r\u00e1mci pa\u0161ijov\u00fdch her do programu vloudily i komick\u00e9 kousky, zejm\u00e9na v souvislosti s proradn\u00fdm Jid\u00e1\u0161em, kter\u00fd Krista zradil. K\u0159\u00ed\u017eov\u00e1 cesta je symbolick\u00e1 cesta sleduj\u00edc\u00ed ud\u00e1losti spojen\u00e9 s uk\u0159i\u017eov\u00e1n\u00edm Je\u017e\u00ed\u0161e Krista. Zahrnuje d\u011bn\u00ed kolem jeho odsouzen\u00ed, nesen\u00ed k\u0159\u00ed\u017ee a uk\u0159i\u017eov\u00e1n\u00ed na ho\u0159e Golgot\u011b. Je rozd\u011blena obvykle na \u010dtrn\u00e1ct zastaven\u00ed, kter\u00e1 odpov\u00eddaj\u00ed jednotliv\u00fdm ud\u00e1lostem tradi\u010dn\u011b spojen\u00fdm s pa\u0161ijemi.<\/p>\n<p>V posledn\u00ed dob\u011b se p\u0159id\u00e1v\u00e1 je\u0161t\u011b posledn\u00ed zastaven\u00ed \u2013 vzk\u0159\u00ed\u0161en\u00ed. K\u0159\u00ed\u017eov\u00e1 cesta je symbolick\u00e1 cesta sleduj\u00edc\u00ed ud\u00e1losti spojen\u00e9 s uk\u0159i\u017eov\u00e1n\u00edm Je\u017e\u00ed\u0161e Krista. K\u0159\u00ed\u017eov\u00e1 cesta je projevem zbo\u017enosti, \u010derp\u00e1 ze st\u0159edov\u011bk\u00e9 tradice, kdy poutn\u00edci do Svat\u00e9 zem\u011b nav\u0161t\u011bvovali posv\u00e1tn\u00e1 m\u00edsta, v\u010detn\u011b Bo\u017e\u00edho hrobu a Golgoty. K vykon\u00e1n\u00ed pout\u011b z Evropy na Bl\u00edzk\u00fd V\u00fdchod koncem starov\u011bku a v ran\u00e9m st\u0159edov\u011bku bylo pot\u0159eba odhodl\u00e1n\u00ed, pevn\u00e9 zdrav\u00ed, dostatek financ\u00ed a nez\u00e1vislost. V\u011bt\u0161ina obyvatel t\u00e9 doby nem\u011bla volnost pohybu, pon\u011bvad\u017e byla nevolnictv\u00edm v\u00e1z\u00e1na ke sv\u00e9 vrchnosti. Aby se vy\u0161lo prost\u00fdm lidem vst\u0159\u00edc, za\u010daly se stav\u011bt napodobeniny Bo\u017e\u00edho hrobu, hory Golgoty a dal\u0161\u00edch m\u00edst a ty byly v\u010dle\u0148ov\u00e1ny do ter\u00e9nu. Tak se postupn\u011b zformovalo 14 zastaven\u00ed k\u0159\u00ed\u017eov\u00e9 cesty, kter\u00e1 m\u00e1 d\u00e1vat lidem odvahu a vnit\u0159n\u00ed s\u00edlu v\u00edt\u011bzit nad slabostmi, jim\u017e se na sv\u00e9 \u017eivotn\u00ed pouti nemohou vyhnout.<\/p>\n<p>Velikonoce, kter\u00e9 pr\u00e1v\u011b slav\u00edme, jsou kombinac\u00ed k\u0159es\u0165ansk\u00fdch zvyk\u016f a pohansk\u00fdch pov\u011br. Starov\u011bk\u00e9 pov\u011bry n\u00e1s t\u00edmto sv\u00e1tkem prov\u00e1zej\u00ed ji\u017e tis\u00edce let. Lidov\u00e9 tradice vypr\u00e1v\u011bj\u00ed rovn\u011b\u017e o magick\u00e9 moci Velk\u00e9ho p\u00e1tku, kdy se \u00fadajn\u011b otev\u00edraj\u00ed ve skal\u00e1ch poklady. Tyto poklady \u00fadajn\u011b ozna\u010dovalo mal\u00e9 sv\u011bt\u00fdlko nebo kaprad\u00ed, kter\u00e9 z\u00e1\u0159ilo \u010di kvetlo. Kdy\u017e um\u0159ete na Velk\u00fd p\u00e1tek, p\u016fjdete rovnou do nebe: N\u011bkte\u0159\u00ed lid\u00e9 v\u011b\u0159\u00ed, \u017ee kdy\u017e zem\u0159ou na Velk\u00fd p\u00e1tek, tak se pod\u00edvaj\u00ed rovnou do nebe. Tato pov\u011bra skute\u010dn\u011b existovala, ale pozor, ur\u010dit\u011b neplatila v p\u0159\u00edpad\u011b sebevra\u017ed. Jd\u011bte ke kade\u0159n\u00edkovi, nebudou v\u00e1s bolet zuby: Pokud na Velk\u00fd p\u00e1tek nav\u0161t\u00edv\u00edte kade\u0159n\u00edka, po cel\u00fd rok v\u00e1s nebudou bolet zuby.<\/p>\n<p>Nevym\u011b\u0148ujte lo\u017en\u00ed pr\u00e1dlo, \u010dek\u00e1 v\u00e1s \u0161patn\u00e9 span\u00ed: Rozhodli jste se na Velk\u00fd p\u00e1tek m\u011bnit lo\u017en\u00ed pr\u00e1dlo? Ned\u011blejte to, pokud chcete klidn\u011b sp\u00e1t. V\u00fdm\u011bna v\u00e1m p\u0159inese \u0161patn\u00e9 sny. D\u011bti narozen\u00e9 na Velk\u00fd p\u00e1tek maj\u00ed zvl\u00e1\u0161tn\u00ed schopnosti: Traduje se, \u017ee pokud se v\u00e1m na Velk\u00fd p\u00e1tek narod\u00ed potomek a na Velikonoce jej pok\u0159t\u00edte, bude m\u00edt s\u00edlu a schopnost l\u00e9\u010dit. Na Velk\u00fd p\u00e1tek bylo rovn\u011b\u017e tradic\u00ed j\u00edt je\u0161t\u011b p\u0159ed v\u00fdchodem sluncem k potoku pro omyt\u00ed cel\u00e9ho t\u011bla proto, aby se nemoc po cel\u00fd rok t\u011blu vyhnula; jednou z tradic je rovn\u011b\u017e loven\u00ed kam\u00ednk\u016f v potoce \u00fasty, kdy uloven\u00fd kam\u00ednek byl n\u00e1sledn\u011b levou rukou odhozen za hlavu. Toto \u201ekouzlo\u201c m\u011blo zabezpe\u010dit, \u017ee se \u010dlov\u011bku vyhnou zubn\u00ed onemocn\u011bn\u00ed. Jeliko\u017e m\u00e1 voda magickou s\u00edlu, mo\u017en\u00e1 si budete cht\u00edt ud\u011blat z\u00e1soby. Vyndejte lahev a napl\u0148te ji. M\u00e1 to ale podm\u00ednku. Mus\u00edte s n\u00ed b\u00fdt doma p\u0159ed v\u00fdchodem slunce, neohl\u00ed\u017eejte se, nic ne\u0159\u00edkejte a nep\u0159ekro\u010dte \u017e\u00e1dnou k\u0159i\u017eovatku.<\/p>\n<p>Proto\u017ee se neslou\u017eila m\u0161e, velmi \u010dasto na vesnic\u00edch na Velk\u00fd p\u00e1tek pat\u0159il tento den i d\u011btem. Zvony z kostela byly nahrazeny \u0159ehta\u010dkami, kter\u00e9 ohla\u0161ovaly rann\u00ed i ve\u010dern\u00ed klek\u00e1n\u00ed. Na mnoha m\u00edstech se na Velk\u00fd p\u00e1tek jedla \u010do\u010dka, aby p\u0159inesla do stavebn\u00ed pen\u00edze, rovn\u011b\u017e se v tento den nem\u011blo nic p\u016fj\u010dovat, nebo\u0165 tato v\u011bc by mohla b\u00fdt o\u010darovan\u00e1. Na Velk\u00fd p\u00e1tek \u017eeny nepraly pr\u00e1dlo, nebo\u0165 nam\u00e1\u010den\u00ed ve vod\u011b znamenalo znehodnocen\u00ed krve Kristovy.<\/p>\n<p>Velk\u00fd p\u00e1tek maj\u00ed v oblib\u011b zejm\u00e9na lid\u00e9, kte\u0159\u00ed v\u011b\u0159\u00ed na nadpozemsk\u00e9 s\u00edly a maj\u00ed r\u00e1di tajemno. Podle pov\u011bst\u00ed se tento den d\u011bj\u00ed z\u00e1zraky a otev\u00edraj\u00ed se poklady, co\u017e se pr\u00fd projevuje r\u016fzn\u00fdmi puklinami ve skal\u00e1ch a zemi, odkud vych\u00e1z\u00ed sv\u011btlo. Je to den jako stvo\u0159en\u00fd pro r\u016fzn\u00e9 druhy v\u011b\u0161t\u011bn\u00ed, a z\u00e1rove\u0148 by m\u011bl b\u00fdt v\u011bnov\u00e1n vzpom\u00ednk\u00e1m na zem\u0159el\u00e9. Pov\u011bry dokonce \u0159\u00edkaj\u00ed, \u017ee pokud v tento den spat\u0159\u00edme n\u011bjak\u00e9 osudov\u00e9 znamen\u00ed, jedn\u00e1 se o p\u0159edpov\u011b\u010f budoucnosti. Do sou\u010dasn\u00e9 doby se jako jedna z m\u00e1la tradic tohoto dne p\u0159enesl pr\u016fvod koledn\u00edk\u016f, kte\u0159\u00ed chod\u00ed po ulic\u00edch s \u0159ehta\u010dkami a klepa\u010di.<\/p>\n<p>Velk\u00fd p\u00e1tek je dnem, kter\u00fd se odprad\u00e1vna setk\u00e1v\u00e1 s \u00factou jak mezi v\u011b\u0159\u00edc\u00edmi, tak i mezi nev\u011b\u0159\u00edc\u00edmi \u2013 slavnostn\u00ed duch tohoto dne prostupuje cel\u00e1 stalet\u00ed ve v\u0161ech zem\u00edch, kter\u00e9 ovlivnila my\u0161lenka l\u00e1sky a bratrstv\u00ed mezi lidmi zalo\u017een\u00e1 na k\u0159es\u0165ansk\u00e9m z\u00e1klad\u011b.<\/p>\n<p><strong>A pov\u011bst na konec:<\/strong> <em>Velikono\u010dn\u00ed kohout. Vypr\u00e1v\u011blo se, \u017ee v prachatick\u00e9 Skalce kon\u010dila tajn\u00e1 chodba vedouc\u00ed sem z m\u011bsta. Kdysi do n\u00ed schovali m\u011b\u0161\u0165an\u00e9 sv\u00e9 cennosti p\u0159i jednom obl\u00e9h\u00e1n\u00ed. Jen\u017ee nep\u0159\u00edtel se dostal do Prachatic, v\u0161ichni byli pobiti a nez\u016fstal nikdo, kdo by znal m\u00edsto \u00fakrytu. Jednou na Velk\u00fd p\u00e1tek si jeden Prachati\u010d\u00e1k v\u0161iml velk\u00e9ho kohouta, kter\u00fd sed\u011bl na Skalce a v\u00e1biv\u011b zp\u00edval. M\u011b\u0161\u0165an \u0161el bl\u00ed\u017ee, a tu pt\u00e1k zmizel v n\u011bjak\u00e9 d\u00ed\u0159e, kter\u00e1 se za n\u00edm zav\u0159ela. Mu\u017e hned v\u011bd\u011bl, kter\u00e1 bije a rozhodl se o p\u0159\u00ed\u0161t\u00edch Velikonoc\u00edch na tom m\u00edst\u011b hledat. Jen\u017ee sv\u016fj \u00famysl neproz\u0159eteln\u011b vyzradil sv\u00e9 pov\u00eddav\u00e9 \u017een\u011b. A tak se za rok se\u0161el p\u0159ed Skalkou z\u00e1stup pokladuchtiv\u00fdch soused\u016f. Sotva zadun\u011bla zem\u011b, objevil se vchod do podzem\u00ed a \u010darovn\u00fd kohout l\u00e1k\u00e1 odv\u00e1\u017elivce do hlubin. N\u011bkolik mu\u017e\u016f se vydalo dovnit\u0159. Nikdo se v\u0161ak nevr\u00e1til. Kdy\u017e skon\u010dily pa\u0161ije, zem\u011b se zav\u0159ela a jen kohout posm\u011b\u0161n\u011b t\u0159epe k\u0159\u00eddly. Na druh\u00fd rok se je\u0161t\u011b p\u00e1r lid\u00ed odv\u00e1\u017eilo, vybaveno sv\u011bcenou vodou a k\u0159\u00eddou, ale darmo. V\u0161ichni tam z\u016fstali. Uplynulo n\u011bkolik let a do m\u011bsta p\u0159i\u0161el jeden dobrodruh. Kdy\u017e se doslechl o Skalce a ukryt\u00fdch pokladech, vydal se na Velk\u00fd p\u00e1tek na m\u00edsto. Po chv\u00edli se otev\u0159ela zem\u011b a v temnot\u00e1ch se mih\u00e1 odlesk zlata. A u\u017e je tu kohout\u00ed pr\u016fvodce a nab\u00e1d\u00e1: \u201eA\u0165 tam \u010di zp\u00e1tky jde\u0161, na m\u011b se d\u00edvej, nebo oslepne\u0161!\u201c Mlad\u00edk se pok\u0159i\u017eoval a s o\u010dima up\u0159en\u00fdma na kohouta couval do chodby. U\u0161el ji\u017e p\u011bkn\u00fd kus a tu se mu n\u011bjak\u00fd hlas vemlouv\u00e1: \u201eOto\u010d se, pod\u00edvej se za sebe!\u201c Ml\u00e1denec neodolal, ohl\u00e9dl se a v \u00faleku za sebou spat\u0159il propast. To bylo to posledn\u00ed, co uvid\u011bl, nebo\u0165 vz\u00e1p\u011bt\u00ed oslepl. V zoufalstv\u00ed t\u00e1pe pod\u00e9l st\u011bn na \u010derstv\u00fd vzduch. Te\u010f v\u00ed, \u017ee v\u0161ichni jeho p\u0159edch\u016fdci zmizeli v propasti. Jen on se zachr\u00e1nil, av\u0161ak za jakou cenu! Jakmile byl venku, ozval se za n\u00edm posm\u011b\u0161n\u00fd kohout\u00ed hlas a chodbu nav\u017edy zavalilo kamen\u00ed.<\/em><\/p>\n<p>&nbsp;<\/p>\n<p><strong>Zdroj:<\/strong> Velikono\u010dn\u00ed kohout &#8211; Adolf Dan\u011bk, B\u00e1je \u010desk\u00e9ho Po\u0161umav\u00ed, 1910<\/p>\n<p><strong>P\u0159ipravuje: Miroslav K\u016eS ANDRES<\/strong><\/p>\n<p><strong>Foto: archiv autora<\/strong><\/p>\n<hr \/>\n<p>&nbsp;<\/p>\n","protected":false},"excerpt":{"rendered":"<p>&nbsp; Velk\u00fd <\/p>\n","protected":false},"author":2,"featured_media":343126,"comment_status":"open","ping_status":"open","sticky":false,"template":"","format":"gallery","meta":{"footnotes":""},"categories":[111],"tags":[],"jetpack_featured_media_url":"https:\/\/zakrasnejsivimperk.cz\/wp-content\/uploads\/2025\/04\/17\/ram-velky-patek.jpg","_links":{"self":[{"href":"https:\/\/zakrasnejsivimperk.cz\/index.php?rest_route=\/wp\/v2\/posts\/276571"}],"collection":[{"href":"https:\/\/zakrasnejsivimperk.cz\/index.php?rest_route=\/wp\/v2\/posts"}],"about":[{"href":"https:\/\/zakrasnejsivimperk.cz\/index.php?rest_route=\/wp\/v2\/types\/post"}],"author":[{"embeddable":true,"href":"https:\/\/zakrasnejsivimperk.cz\/index.php?rest_route=\/wp\/v2\/users\/2"}],"replies":[{"embeddable":true,"href":"https:\/\/zakrasnejsivimperk.cz\/index.php?rest_route=%2Fwp%2Fv2%2Fcomments&post=276571"}],"version-history":[{"count":2,"href":"https:\/\/zakrasnejsivimperk.cz\/index.php?rest_route=\/wp\/v2\/posts\/276571\/revisions"}],"predecessor-version":[{"id":343125,"href":"https:\/\/zakrasnejsivimperk.cz\/index.php?rest_route=\/wp\/v2\/posts\/276571\/revisions\/343125"}],"wp:featuredmedia":[{"embeddable":true,"href":"https:\/\/zakrasnejsivimperk.cz\/index.php?rest_route=\/wp\/v2\/media\/343126"}],"wp:attachment":[{"href":"https:\/\/zakrasnejsivimperk.cz\/index.php?rest_route=%2Fwp%2Fv2%2Fmedia&parent=276571"}],"wp:term":[{"taxonomy":"category","embeddable":true,"href":"https:\/\/zakrasnejsivimperk.cz\/index.php?rest_route=%2Fwp%2Fv2%2Fcategories&post=276571"},{"taxonomy":"post_tag","embeddable":true,"href":"https:\/\/zakrasnejsivimperk.cz\/index.php?rest_route=%2Fwp%2Fv2%2Ftags&post=276571"}],"curies":[{"name":"wp","href":"https:\/\/api.w.org\/{rel}","templated":true}]}}