{"id":275856,"date":"2023-03-27T20:55:33","date_gmt":"2023-03-27T19:55:33","guid":{"rendered":"https:\/\/zakrasnejsivimperk.cz\/?p=275856"},"modified":"2023-03-27T20:55:33","modified_gmt":"2023-03-27T19:55:33","slug":"kalendar-rok-2023-v-lidovych-zvycich-rikadlech-a-moudrostech-13-tyden","status":"publish","type":"post","link":"https:\/\/zakrasnejsivimperk.cz\/?p=275856","title":{"rendered":"KALEND\u00c1\u0158: Rok 2023 v lidov\u00fdch zvyc\u00edch, \u0159\u00edkadlech a moudrostech \u2013 13. t\u00fdden"},"content":{"rendered":"<p><img loading=\"lazy\" decoding=\"async\" class=\"aligncenter wp-image-275858 size-full\" src=\"https:\/\/zakrasnejsivimperk.cz\/wp-content\/uploads\/2023\/03\/27\/kalendar-1323-2.jpg\" alt=\"\" width=\"935\" height=\"1100\" srcset=\"https:\/\/zakrasnejsivimperk.cz\/wp-content\/uploads\/2023\/03\/27\/kalendar-1323-2.jpg 935w, https:\/\/zakrasnejsivimperk.cz\/wp-content\/uploads\/2023\/03\/27\/kalendar-1323-2-255x300.jpg 255w, https:\/\/zakrasnejsivimperk.cz\/wp-content\/uploads\/2023\/03\/27\/kalendar-1323-2-870x1024.jpg 870w, https:\/\/zakrasnejsivimperk.cz\/wp-content\/uploads\/2023\/03\/27\/kalendar-1323-2-768x904.jpg 768w, https:\/\/zakrasnejsivimperk.cz\/wp-content\/uploads\/2023\/03\/27\/kalendar-1323-2-303x357.jpg 303w, https:\/\/zakrasnejsivimperk.cz\/wp-content\/uploads\/2023\/03\/27\/kalendar-1323-2-411x483.jpg 411w\" sizes=\"(max-width: 935px) 100vw, 935px\" \/><\/p>\n<p>&nbsp;<\/p>\n<h4 style=\"text-align: center;\"><a href=\"https:\/\/zakrasnejsivimperk.cz\/?p=270376\" target=\"_blank\" rel=\"noopener\">Rok 2023 v lidov\u00fdch zvyc\u00edch, \u0159\u00edkadlech a moudrostech<\/a><\/h4>\n<hr \/>\n<p>&nbsp;<\/p>\n<p>&nbsp;<\/p>\n<p>&nbsp;<\/p>\n","protected":false},"excerpt":{"rendered":"<p>&nbsp; Rok <\/p>\n","protected":false},"author":2,"featured_media":275857,"comment_status":"open","ping_status":"open","sticky":false,"template":"","format":"gallery","meta":{"footnotes":""},"categories":[120],"tags":[],"jetpack_featured_media_url":"https:\/\/zakrasnejsivimperk.cz\/wp-content\/uploads\/2023\/03\/27\/kalendar-1323-1.jpg","_links":{"self":[{"href":"https:\/\/zakrasnejsivimperk.cz\/index.php?rest_route=\/wp\/v2\/posts\/275856"}],"collection":[{"href":"https:\/\/zakrasnejsivimperk.cz\/index.php?rest_route=\/wp\/v2\/posts"}],"about":[{"href":"https:\/\/zakrasnejsivimperk.cz\/index.php?rest_route=\/wp\/v2\/types\/post"}],"author":[{"embeddable":true,"href":"https:\/\/zakrasnejsivimperk.cz\/index.php?rest_route=\/wp\/v2\/users\/2"}],"replies":[{"embeddable":true,"href":"https:\/\/zakrasnejsivimperk.cz\/index.php?rest_route=%2Fwp%2Fv2%2Fcomments&post=275856"}],"version-history":[{"count":1,"href":"https:\/\/zakrasnejsivimperk.cz\/index.php?rest_route=\/wp\/v2\/posts\/275856\/revisions"}],"predecessor-version":[{"id":275859,"href":"https:\/\/zakrasnejsivimperk.cz\/index.php?rest_route=\/wp\/v2\/posts\/275856\/revisions\/275859"}],"wp:featuredmedia":[{"embeddable":true,"href":"https:\/\/zakrasnejsivimperk.cz\/index.php?rest_route=\/wp\/v2\/media\/275857"}],"wp:attachment":[{"href":"https:\/\/zakrasnejsivimperk.cz\/index.php?rest_route=%2Fwp%2Fv2%2Fmedia&parent=275856"}],"wp:term":[{"taxonomy":"category","embeddable":true,"href":"https:\/\/zakrasnejsivimperk.cz\/index.php?rest_route=%2Fwp%2Fv2%2Fcategories&post=275856"},{"taxonomy":"post_tag","embeddable":true,"href":"https:\/\/zakrasnejsivimperk.cz\/index.php?rest_route=%2Fwp%2Fv2%2Ftags&post=275856"}],"curies":[{"name":"wp","href":"https:\/\/api.w.org\/{rel}","templated":true}]}}