{"id":275015,"date":"2023-03-13T17:20:02","date_gmt":"2023-03-13T16:20:02","guid":{"rendered":"https:\/\/zakrasnejsivimperk.cz\/?p=275015"},"modified":"2023-03-13T17:20:02","modified_gmt":"2023-03-13T16:20:02","slug":"vseobecna-zdravotni-pojistovna-uhrada-rehabilitacnich-procedur","status":"publish","type":"post","link":"https:\/\/zakrasnejsivimperk.cz\/?p=275015","title":{"rendered":"V\u0160EOBECN\u00c1 ZDRAVOTN\u00cd POJI\u0160\u0164OVNA: \u00dahrada rehabilita\u010dn\u00edch procedur"},"content":{"rendered":"<p><img loading=\"lazy\" decoding=\"async\" class=\"aligncenter wp-image-201756 size-full\" src=\"https:\/\/zakrasnejsivimperk.cz\/wp-content\/uploads\/2020\/08\/31\/vzp-logo.png\" alt=\"\" width=\"646\" height=\"223\" srcset=\"https:\/\/zakrasnejsivimperk.cz\/wp-content\/uploads\/2020\/08\/31\/vzp-logo.png 646w, https:\/\/zakrasnejsivimperk.cz\/wp-content\/uploads\/2020\/08\/31\/vzp-logo-300x104.png 300w\" sizes=\"(max-width: 646px) 100vw, 646px\" \/><\/p>\n<h6 style=\"text-align: center;\">OT\u00c1ZKA T\u00ddDNE:<\/h6>\n<h6 style=\"text-align: center;\">Jak\u00e9 procedury hrad\u00ed zdravotn\u00ed poji\u0161\u0165ovna v r\u00e1mci rehabilitace?<\/h6>\n<h6 style=\"text-align: center;\">ODPOV\u011a\u010e:<\/h6>\n<p class=\"-wm-MsoNormal\">Aby mohla b\u00fdt<b>\u00a0fyzioterapeutick\u00e1 p\u00e9\u010de\u00a0<\/b>hrazen\u00e1 zdravotn\u00ed poji\u0161\u0165ovnou,\u00a0<b>mus\u00ed b\u00fdt pacientovi indikov\u00e1na a p\u0159edeps\u00e1na o\u0161et\u0159uj\u00edc\u00edm l\u00e9ka\u0159em<\/b>.\u00a0<b>Rehabilitaci mohou p\u0159edepisovat jak prakti\u010dt\u00ed l\u00e9ka\u0159i, tak ambulantn\u00ed specialist\u00e9.\u00a0<\/b>Fyzioterapeutick\u00e1 l\u00e9\u010dba m\u016f\u017ee b\u00fdt\u00a0<b>p\u0159edeps\u00e1na pouze na dokladu \u201ePoukaz na vy\u0161et\u0159en\u00ed\/o\u0161et\u0159en\u00ed FT\u201c<\/b>. Zdravotn\u00ed slu\u017eby v odbornosti fyzioterapie poskytuj\u00ed odborn\u00ed zdravotni\u010dt\u00ed pracovn\u00edci \u2013 fyzioterapeuti.<\/p>\n<h6 class=\"-wm-MsoNormal\"><b>Doba platnosti poukazu a n\u00e1le\u017eitosti<\/b><\/h6>\n<p class=\"-wm-MsoNormal\"><b>Platnost poukazu je 7 dn\u00ed od vystaven\u00ed<\/b>\u00a0a na tuto skute\u010dnost by v\u00e1s m\u011bl l\u00e9ka\u0159 upozornit, ale najdete ji takt\u00e9\u017e uvedenou na formul\u00e1\u0159i. A\u010dkoli m\u00e1 poukaz sedmidenn\u00ed platnost, neznamen\u00e1 to v\u00a0praxi, \u017ee hned mus\u00edte za\u010d\u00edt rehabilitovat. Je b\u011b\u017en\u00e9, \u017ee v\u00e1s na fyzioterapii na odborn\u00e9m pracovi\u0161ti objednaj\u00ed s\u00a0\u010dasov\u00fdm odstupem od vystaven\u00ed. Poukaz je do 7 dn\u016f t\u0159eba uplatnit. N\u011bkter\u00e1 pracovi\u0161t\u011b fyzioterapie akceptuj\u00ed objedn\u00e1n\u00ed po telefonu \u010di elektronicky. Poukaz n\u00e1sledn\u011b odevzd\u00e1te p\u0159i prvn\u00ed fyzick\u00e9 n\u00e1v\u0161t\u011bv\u011b v\u00a0objednan\u00e9m term\u00ednu.<\/p>\n<p class=\"-wm-MsoNormal\"><b>Poukaz mus\u00ed b\u00fdt o\u0161et\u0159uj\u00edc\u00edm l\u00e9ka\u0159em spr\u00e1vn\u011b a \u00fapln\u011b vypln\u011bn. Fyzioterapeut nem\u00e1 opr\u00e1vn\u011bn\u00ed doklad jakkoli m\u011bnit nebo dopl\u0148ovat<\/b>.<\/p>\n<p class=\"-wm-MsoNormal\">Na poukazu mus\u00ed b\u00fdt indikuj\u00edc\u00edm l\u00e9ka\u0159em v\u017edy uvedena jednozna\u010dn\u00e1 specifikace po\u017eadovan\u00e9 p\u00e9\u010de, tedy po\u017eadovan\u00fdch zdravotn\u00edch v\u00fdkon\u016f, c\u00edl, kter\u00e9ho m\u00e1 b\u00fdt rehabilitac\u00ed dosa\u017eeno, a kontraindikace a mo\u017en\u00e1 rizika vypl\u00fdvaj\u00edc\u00ed z\u00a0aktu\u00e1ln\u00edho klinick\u00e9ho stavu pacienta.<\/p>\n<p class=\"-wm-MsoNormal\"><b>V\u00a0p\u0159\u00edpad\u011b, \u017ee poukaz nebude obsahovat nezbytn\u00e9 \u00fadaje, mus\u00ed fyzioterapeut doklad vr\u00e1tit k\u00a0dopln\u011bn\u00ed\/up\u0159esn\u011bn\u00ed o\u0161et\u0159uj\u00edc\u00edmu l\u00e9ka\u0159i<\/b>. Jestli\u017ee fyzioterapeut p\u0159evezme ne\u00fapln\u011b \u010di nep\u0159esn\u011b vypln\u011bn\u00fd poukaz, hroz\u00ed mu, \u017ee poskytnut\u00e1 p\u00e9\u010de nebude uhrazena.<\/p>\n<h6 class=\"-wm-MsoNormal\"><b>Procedury a v\u00fdkony v\u00a0r\u00e1mci rehabilitace<\/b><\/h6>\n<p class=\"-wm-MsoNoSpacing\"><strong>Z\u00a0ve\u0159ejn\u00e9ho zdravotn\u00edho poji\u0161t\u011bn\u00ed\u00a0<\/strong>jsou hrazen\u00e9 nap\u0159.\u00a0<strong>reflexn\u00ed a vazivov\u00e1 mas\u00e1\u017e<\/strong>\u00a0(u indikac\u00ed ve vymezen\u00fdch p\u0159\u00edpadech),\u00a0<strong>m\u011bkk\u00e9 techniky, mobilizace p\u00e1te\u0159e a perifern\u00edch kloub\u016f, l\u00e9\u010debn\u00e1 t\u011blesn\u00e1 v\u00fdchova\u00a0<\/strong>(a to i\u00a0cvi\u010den\u00ed s vyu\u017eit\u00edm pom\u016fcek, jako jsou overbally, velk\u00fd m\u00ed\u010d, nestabiln\u00ed plochy, d\u00e1le speci\u00e1ln\u00ed techniky vych\u00e1zej\u00edc\u00ed z\u00a0pohybov\u00e9ho v\u00fdvoje \u010dlov\u011bka apod.),\u00a0<strong>elektrol\u00e9\u010dba, magnetoterapie, l\u00e9\u010debn\u00fd ultrazvuk, kineziologick\u00e9 vy\u0161et\u0159en\u00ed a dal\u0161\u00ed v\u00fdkony v\u00a0souladu s\u00a0platn\u00fdm Seznamem zdravotn\u00edch v\u00fdkon\u016f s\u00a0bodov\u00fdmi hodnotami<\/strong>.<b><\/b><\/p>\n<p class=\"-wm-MsoNoSpacing\">Z koupel\u00ed jsou hrazeny\u00a0<strong>vodol\u00e9\u010debn\u00e9 procedury aplikovan\u00e9 na kon\u010detiny \u2013\u00a0<\/strong>tedy nap\u0159. vzestupn\u00e9 kon\u010detinov\u00e9 koupele, v\u00ed\u0159iv\u00e9 koupele, st\u0159\u00eddav\u00e9 no\u017en\u00ed koupele, subakv\u00e1ln\u00ed mas\u00e1\u017ee nebo st\u0159\u00eddav\u00e9 skotsk\u00e9 st\u0159iky.<\/p>\n<p class=\"-wm-MsoNoSpacing\"><strong>N\u011bkter\u00e9 v\u00fdkony, kter\u00e9 mohou b\u00fdt poskytovan\u00e9 v r\u00e1mci ambulantn\u00ed fyzioterapie, nejsou hrazen\u00e9<\/strong>\u00a0z\u00a0ve\u0159ejn\u00e9ho zdravotn\u00edho poji\u0161t\u011bn\u00ed \u2013 nap\u0159. klasick\u00e9 mas\u00e1\u017ee (celot\u011blov\u00e1 i \u010d\u00e1ste\u010dn\u00e1), mas\u00e1\u017ee l\u00e1vov\u00fdmi kameny, perli\u010dkov\u00e9 koupele.\u00a0<b>Zm\u00edn\u011bn\u00e9 procedury si mus\u00ed pacient zaplatit s\u00e1m jako samopl\u00e1tce \u2013 l\u00e9ka\u0159 m\u00e1 povinnost o t\u00e9to skute\u010dnosti pacienta informovat p\u0159edem.<\/b><\/p>\n<h6 class=\"-wm-MsoNormal\"><b>Po\u010det opakov\u00e1n\u00ed rehabilita\u010dn\u00edch procedur<\/b><\/h6>\n<p class=\"-wm-MsoNormal\"><b>Maxim\u00e1ln\u00ed po\u010det opakov\u00e1n\u00ed jednotliv\u00fdch hrazen\u00fdch procedur ur\u010duje frekven\u010dn\u00ed omezen\u00ed poskytovan\u00fdch v\u00fdkon\u016f, kter\u00e9 je d\u00e1no Seznamem zdravotn\u00edch v\u00fdkon\u016f. Seznam zdravotn\u00edch v\u00fdkon\u016f je obsahem vyhl\u00e1\u0161ky Ministerstva zdravotnictv\u00ed v\u00a0platn\u00e9m zn\u011bn\u00ed.<\/b><\/p>\n<p class=\"-wm-MsoNormal\"><strong>P\u0159\u00edklad frekven\u010dn\u00edho omezen\u00ed:<\/strong><\/p>\n<ul type=\"disc\">\n<li class=\"-wm-MsoListParagraphCxSpFirst\"><u>reflexn\u00ed mas\u00e1\u017e (v\u00fdkon 21713)<\/u>\u00a0\u2013 m\u00e1 dobu trv\u00e1n\u00ed 30 minut, lze vyk\u00e1zat 1x za den a\u00a010x\u00a0za\u00a0\u010dtvrtlet\u00ed<\/li>\n<li class=\"-wm-MsoListParagraphCxSpMiddle\"><u>komplexn\u00ed kineziologick\u00e9 vy\u0161et\u0159en\u00ed (v\u00fdkon 21001)<\/u>\u00a0\u2013 m\u00e1 dobu trv\u00e1n\u00ed 45 minut, lze vyk\u00e1zat pouze 1x p\u0159i zah\u00e1jen\u00ed kinezioterapie<\/li>\n<li class=\"-wm-MsoListParagraphCxSpMiddle\"><u>kontroln\u00ed kineziologick\u00e9 vy\u0161et\u0159en\u00ed (v\u00fdkon 21003)<\/u>\u00a0\u2013 m\u00e1 dobu trv\u00e1n\u00ed 20 minut, lze vyk\u00e1zat 1x\u00a0za\u00a0den a 4x za \u010dtvrtlet\u00ed<\/li>\n<li class=\"-wm-MsoListParagraphCxSpLast\"><u>fyzik\u00e1ln\u00ed terapie II (k\u00f3d 21113)<\/u>\u00a0\u2013 nap\u0159.\u00a0<i>elektroterapie, magnetoterapie, ultrazvuk, p\u0159\u00edstrojov\u00e1 lymfodren\u00e1\u017e, paraf\u00edn, podtlakov\u00e9 p\u0159\u00edstroje, terapie TENS<\/i>\u00a0\u2013 d\u00e9lka v\u00fdkonu je\u00a015\u00a0min), lze vyk\u00e1zat 2x za den<\/li>\n<\/ul>\n<p><strong>(tz-vzp)<\/strong><\/p>\n<hr \/>\n<p>&nbsp;<\/p>\n<p>&nbsp;<\/p>\n","protected":false},"excerpt":{"rendered":"<p>OT\u00c1ZKA T\u00ddDNE: <\/p>\n","protected":false},"author":2,"featured_media":275016,"comment_status":"open","ping_status":"open","sticky":false,"template":"","format":"gallery","meta":{"footnotes":""},"categories":[79,88],"tags":[],"jetpack_featured_media_url":"https:\/\/zakrasnejsivimperk.cz\/wp-content\/uploads\/2023\/03\/13\/ram-vzp.jpg","_links":{"self":[{"href":"https:\/\/zakrasnejsivimperk.cz\/index.php?rest_route=\/wp\/v2\/posts\/275015"}],"collection":[{"href":"https:\/\/zakrasnejsivimperk.cz\/index.php?rest_route=\/wp\/v2\/posts"}],"about":[{"href":"https:\/\/zakrasnejsivimperk.cz\/index.php?rest_route=\/wp\/v2\/types\/post"}],"author":[{"embeddable":true,"href":"https:\/\/zakrasnejsivimperk.cz\/index.php?rest_route=\/wp\/v2\/users\/2"}],"replies":[{"embeddable":true,"href":"https:\/\/zakrasnejsivimperk.cz\/index.php?rest_route=%2Fwp%2Fv2%2Fcomments&post=275015"}],"version-history":[{"count":1,"href":"https:\/\/zakrasnejsivimperk.cz\/index.php?rest_route=\/wp\/v2\/posts\/275015\/revisions"}],"predecessor-version":[{"id":275017,"href":"https:\/\/zakrasnejsivimperk.cz\/index.php?rest_route=\/wp\/v2\/posts\/275015\/revisions\/275017"}],"wp:featuredmedia":[{"embeddable":true,"href":"https:\/\/zakrasnejsivimperk.cz\/index.php?rest_route=\/wp\/v2\/media\/275016"}],"wp:attachment":[{"href":"https:\/\/zakrasnejsivimperk.cz\/index.php?rest_route=%2Fwp%2Fv2%2Fmedia&parent=275015"}],"wp:term":[{"taxonomy":"category","embeddable":true,"href":"https:\/\/zakrasnejsivimperk.cz\/index.php?rest_route=%2Fwp%2Fv2%2Fcategories&post=275015"},{"taxonomy":"post_tag","embeddable":true,"href":"https:\/\/zakrasnejsivimperk.cz\/index.php?rest_route=%2Fwp%2Fv2%2Ftags&post=275015"}],"curies":[{"name":"wp","href":"https:\/\/api.w.org\/{rel}","templated":true}]}}