{"id":273929,"date":"2023-02-27T13:23:25","date_gmt":"2023-02-27T12:23:25","guid":{"rendered":"https:\/\/zakrasnejsivimperk.cz\/?p=273929"},"modified":"2023-03-01T14:25:38","modified_gmt":"2023-03-01T13:25:38","slug":"nase-mesto-vimperk-pridaji-si-zastupitele-na-odmenach","status":"publish","type":"post","link":"https:\/\/zakrasnejsivimperk.cz\/?p=273929","title":{"rendered":"NA\u0160E M\u011aSTO VIMPERK: P\u0159idaj\u00ed si zastupitel\u00e9 na odm\u011bn\u00e1ch?"},"content":{"rendered":"<figure id=\"attachment_188343\" aria-describedby=\"caption-attachment-188343\" style=\"width: 730px\" class=\"wp-caption aligncenter\"><img loading=\"lazy\" decoding=\"async\" class=\"wp-image-188343 size-full\" src=\"https:\/\/zakrasnejsivimperk.cz\/wp-content\/uploads\/2020\/03\/31\/radnice-nov\u00e1-a-star\u00e1-upr..jpg\" alt=\"\" width=\"730\" height=\"481\" srcset=\"https:\/\/zakrasnejsivimperk.cz\/wp-content\/uploads\/2020\/03\/31\/radnice-nov\u00e1-a-star\u00e1-upr..jpg 730w, https:\/\/zakrasnejsivimperk.cz\/wp-content\/uploads\/2020\/03\/31\/radnice-nov\u00e1-a-star\u00e1-upr.-300x198.jpg 300w, https:\/\/zakrasnejsivimperk.cz\/wp-content\/uploads\/2020\/03\/31\/radnice-nov\u00e1-a-star\u00e1-upr.-100x65.jpg 100w, https:\/\/zakrasnejsivimperk.cz\/wp-content\/uploads\/2020\/03\/31\/radnice-nov\u00e1-a-star\u00e1-upr.-542x357.jpg 542w\" sizes=\"(max-width: 730px) 100vw, 730px\" \/><figcaption id=\"caption-attachment-188343\" class=\"wp-caption-text\">Ilustra\u010dn\u00ed foto: (red) &#8211; Za kr\u00e1sn\u011bj\u0161\u00ed Vimperk<\/figcaption><\/figure>\n<hr \/>\n<p>&nbsp;<\/p>\n<h4>Na programu \u010dtvrt\u00e9ho zased\u00e1n\u00ed vimpersk\u00e9ho m\u011bstsk\u00e9ho zastupitelstva (6. b\u0159ezna) bude tak\u00e9 materi\u00e1l nazvan\u00fd <a href=\"https:\/\/zakrasnejsivimperk.cz\/wp-content\/uploads\/2023\/02\/25\/navrh-odmen-zastupitelum.pdf\" target=\"_blank\" rel=\"noopener\">Stanoven\u00ed v\u00fd<\/a><a href=\"https:\/\/zakrasnejsivimperk.cz\/wp-content\/uploads\/2023\/02\/25\/navrh-odmen-zastupitelum.pdf\" target=\"_blank\" rel=\"noopener\">\u0161e odm\u011bn neuvoln\u011bn\u00fdm \u010dlen\u016fm zastupitelstva <\/a>(form\u00e1t PDF).<\/h4>\n<h6>N\u00e1vrh na zv\u00fd\u0161en\u00ed odm\u011bn p\u0159edlo\u017eil, jak vypl\u00fdv\u00e1 z podkladov\u00fdch materi\u00e1l\u016f, Pavel Dvo\u0159\u00e1k (Jiho\u010de\u0161i 2012).<\/h6>\n<h6>Stanoven\u00ed odm\u011bn se \u0159\u00edd\u00ed vl\u00e1dn\u00edm na\u0159\u00edzen\u00edm, kter\u00e9 ur\u010duje jejich maxim\u00e1ln\u00ed v\u00fd\u0161i. N\u00e1vrh pro jedn\u00e1n\u00ed zastupitelstva je uveden v tabulce zde:<\/h6>\n<p><img loading=\"lazy\" decoding=\"async\" class=\"alignnone wp-image-273930 size-full\" src=\"https:\/\/zakrasnejsivimperk.cz\/wp-content\/uploads\/2023\/02\/25\/tabulka-navrh-odmen.jpg\" alt=\"\" width=\"941\" height=\"215\" srcset=\"https:\/\/zakrasnejsivimperk.cz\/wp-content\/uploads\/2023\/02\/25\/tabulka-navrh-odmen.jpg 941w, https:\/\/zakrasnejsivimperk.cz\/wp-content\/uploads\/2023\/02\/25\/tabulka-navrh-odmen-300x69.jpg 300w, https:\/\/zakrasnejsivimperk.cz\/wp-content\/uploads\/2023\/02\/25\/tabulka-navrh-odmen-768x175.jpg 768w\" sizes=\"(max-width: 941px) 100vw, 941px\" \/><\/p>\n<p>&nbsp;<\/p>\n<h6><em>&#8220;Prost\u0159edky na odm\u011bny pro \u010dleny zastupitelstva jsou alokov\u00e1ny v rozpo\u010dtu na rok 2023 ve v\u00fd\u0161i 2.650.000 K\u010d. Nav\u00fd\u0161en\u00edm odm\u011bn pro \u010dleny zastupitelstva, p\u0159edsedy a \u010dleny v\u00fdbor\u016f a komis\u00ed bude znamenat nav\u00fd\u0161en\u00ed o 193.512 K\u010d za rok. \u010c\u00e1stka ve schv\u00e1len\u00e9m rozpo\u010dtu by m\u011bla b\u00fdt dosta\u010duj\u00edc\u00ed (rezerva 4.840 K\u010d),&#8221;<\/em> p\u00ed\u0161e se v <a href=\"https:\/\/zakrasnejsivimperk.cz\/wp-content\/uploads\/2023\/02\/25\/navrh-odmen-zastupitelum.pdf\" target=\"_blank\" rel=\"noopener\">d\u016fvodov\u00e9 zpr\u00e1v\u011b<\/a>\u00a0(form\u00e1t PDF).<\/h6>\n<p><strong>Zdroj: M\u011aSTO VIMPERK<\/strong><\/p>\n<p>&nbsp;<\/p>\n<h6>Informujeme:<\/h6>\n<h4><a href=\"https:\/\/zakrasnejsivimperk.cz\/?p=273856\" target=\"_blank\" rel=\"noopener\">NA\u0160E M\u011aSTO VIMPERK: Pozv\u00e1nka na 4. zased\u00e1n\u00ed m\u011bstsk\u00e9ho zastupitelstva<\/a><\/h4>\n<h4><a href=\"https:\/\/zakrasnejsivimperk.cz\/?p=273859\" target=\"_blank\" rel=\"noopener\">NA\u0160E M\u011aSTO VIMPERK: Podklady pro 4. zased\u00e1n\u00ed m\u011bstsk\u00e9ho zastupitelstva<\/a><\/h4>\n<hr \/>\n<p>(zj) &#8211; Za kr\u00e1sn\u011bj\u0161\u00ed Vimperk<\/p>\n<p>&nbsp;<\/p>\n<p>&nbsp;<\/p>\n<h6><strong>KOMENT\u00c1\u0158E:\u00a0<a href=\"mailto:krasnejsivimperk@seznam.cz\" target=\"_blank\" rel=\"noopener\">krasnejsivimperk@seznam.cz<\/a><\/strong><\/h6>\n<p>&nbsp;<\/p>\n<p>&nbsp;<\/p>\n<hr \/>\n<p>&nbsp;<\/p>\n<p>&nbsp;<\/p>\n<p>&nbsp;<\/p>\n","protected":false},"excerpt":{"rendered":"<p>&nbsp; Na <\/p>\n","protected":false},"author":2,"featured_media":273934,"comment_status":"closed","ping_status":"open","sticky":false,"template":"","format":"gallery","meta":{"footnotes":""},"categories":[108],"tags":[],"jetpack_featured_media_url":"https:\/\/zakrasnejsivimperk.cz\/wp-content\/uploads\/2023\/02\/25\/193-512.jpg","_links":{"self":[{"href":"https:\/\/zakrasnejsivimperk.cz\/index.php?rest_route=\/wp\/v2\/posts\/273929"}],"collection":[{"href":"https:\/\/zakrasnejsivimperk.cz\/index.php?rest_route=\/wp\/v2\/posts"}],"about":[{"href":"https:\/\/zakrasnejsivimperk.cz\/index.php?rest_route=\/wp\/v2\/types\/post"}],"author":[{"embeddable":true,"href":"https:\/\/zakrasnejsivimperk.cz\/index.php?rest_route=\/wp\/v2\/users\/2"}],"replies":[{"embeddable":true,"href":"https:\/\/zakrasnejsivimperk.cz\/index.php?rest_route=%2Fwp%2Fv2%2Fcomments&post=273929"}],"version-history":[{"count":3,"href":"https:\/\/zakrasnejsivimperk.cz\/index.php?rest_route=\/wp\/v2\/posts\/273929\/revisions"}],"predecessor-version":[{"id":274053,"href":"https:\/\/zakrasnejsivimperk.cz\/index.php?rest_route=\/wp\/v2\/posts\/273929\/revisions\/274053"}],"wp:featuredmedia":[{"embeddable":true,"href":"https:\/\/zakrasnejsivimperk.cz\/index.php?rest_route=\/wp\/v2\/media\/273934"}],"wp:attachment":[{"href":"https:\/\/zakrasnejsivimperk.cz\/index.php?rest_route=%2Fwp%2Fv2%2Fmedia&parent=273929"}],"wp:term":[{"taxonomy":"category","embeddable":true,"href":"https:\/\/zakrasnejsivimperk.cz\/index.php?rest_route=%2Fwp%2Fv2%2Fcategories&post=273929"},{"taxonomy":"post_tag","embeddable":true,"href":"https:\/\/zakrasnejsivimperk.cz\/index.php?rest_route=%2Fwp%2Fv2%2Ftags&post=273929"}],"curies":[{"name":"wp","href":"https:\/\/api.w.org\/{rel}","templated":true}]}}