{"id":272139,"date":"2023-01-29T21:43:24","date_gmt":"2023-01-29T20:43:24","guid":{"rendered":"https:\/\/zakrasnejsivimperk.cz\/?p=272139"},"modified":"2023-01-29T21:43:24","modified_gmt":"2023-01-29T20:43:24","slug":"kalendar-rok-2023-v-lidovych-zvycich-rikadlech-a-moudrostech-5-tyden","status":"publish","type":"post","link":"https:\/\/zakrasnejsivimperk.cz\/?p=272139","title":{"rendered":"KALEND\u00c1\u0158: Rok 2023 v lidov\u00fdch zvyc\u00edch, \u0159\u00edkadlech a moudrostech \u2013 5. t\u00fdden"},"content":{"rendered":"<p><img loading=\"lazy\" decoding=\"async\" class=\"aligncenter wp-image-272140 size-full\" src=\"https:\/\/zakrasnejsivimperk.cz\/wp-content\/uploads\/2023\/01\/29\/kalend\u00e1\u0159-0523-1.jpg\" alt=\"\" width=\"943\" height=\"1100\" srcset=\"https:\/\/zakrasnejsivimperk.cz\/wp-content\/uploads\/2023\/01\/29\/kalend\u00e1\u0159-0523-1.jpg 943w, https:\/\/zakrasnejsivimperk.cz\/wp-content\/uploads\/2023\/01\/29\/kalend\u00e1\u0159-0523-1-257x300.jpg 257w, https:\/\/zakrasnejsivimperk.cz\/wp-content\/uploads\/2023\/01\/29\/kalend\u00e1\u0159-0523-1-768x896.jpg 768w, https:\/\/zakrasnejsivimperk.cz\/wp-content\/uploads\/2023\/01\/29\/kalend\u00e1\u0159-0523-1-878x1024.jpg 878w, https:\/\/zakrasnejsivimperk.cz\/wp-content\/uploads\/2023\/01\/29\/kalend\u00e1\u0159-0523-1-306x357.jpg 306w, https:\/\/zakrasnejsivimperk.cz\/wp-content\/uploads\/2023\/01\/29\/kalend\u00e1\u0159-0523-1-414x483.jpg 414w\" sizes=\"(max-width: 943px) 100vw, 943px\" \/><\/p>\n<p>&nbsp;<\/p>\n<h4 style=\"text-align: center;\"><a href=\"https:\/\/zakrasnejsivimperk.cz\/?p=270376\" target=\"_blank\" rel=\"noopener\">Rok 2023 v lidov\u00fdch zvyc\u00edch, \u0159\u00edkadlech a moudrostech<\/a><\/h4>\n<hr \/>\n<p>&nbsp;<\/p>\n<p>&nbsp;<\/p>\n<p>&nbsp;<\/p>\n","protected":false},"excerpt":{"rendered":"<p>&nbsp; Rok <\/p>\n","protected":false},"author":2,"featured_media":272141,"comment_status":"open","ping_status":"open","sticky":false,"template":"","format":"gallery","meta":{"footnotes":""},"categories":[120],"tags":[],"jetpack_featured_media_url":"https:\/\/zakrasnejsivimperk.cz\/wp-content\/uploads\/2023\/01\/29\/kalend\u00e1\u0159-0523-2.jpg","_links":{"self":[{"href":"https:\/\/zakrasnejsivimperk.cz\/index.php?rest_route=\/wp\/v2\/posts\/272139"}],"collection":[{"href":"https:\/\/zakrasnejsivimperk.cz\/index.php?rest_route=\/wp\/v2\/posts"}],"about":[{"href":"https:\/\/zakrasnejsivimperk.cz\/index.php?rest_route=\/wp\/v2\/types\/post"}],"author":[{"embeddable":true,"href":"https:\/\/zakrasnejsivimperk.cz\/index.php?rest_route=\/wp\/v2\/users\/2"}],"replies":[{"embeddable":true,"href":"https:\/\/zakrasnejsivimperk.cz\/index.php?rest_route=%2Fwp%2Fv2%2Fcomments&post=272139"}],"version-history":[{"count":1,"href":"https:\/\/zakrasnejsivimperk.cz\/index.php?rest_route=\/wp\/v2\/posts\/272139\/revisions"}],"predecessor-version":[{"id":272142,"href":"https:\/\/zakrasnejsivimperk.cz\/index.php?rest_route=\/wp\/v2\/posts\/272139\/revisions\/272142"}],"wp:featuredmedia":[{"embeddable":true,"href":"https:\/\/zakrasnejsivimperk.cz\/index.php?rest_route=\/wp\/v2\/media\/272141"}],"wp:attachment":[{"href":"https:\/\/zakrasnejsivimperk.cz\/index.php?rest_route=%2Fwp%2Fv2%2Fmedia&parent=272139"}],"wp:term":[{"taxonomy":"category","embeddable":true,"href":"https:\/\/zakrasnejsivimperk.cz\/index.php?rest_route=%2Fwp%2Fv2%2Fcategories&post=272139"},{"taxonomy":"post_tag","embeddable":true,"href":"https:\/\/zakrasnejsivimperk.cz\/index.php?rest_route=%2Fwp%2Fv2%2Ftags&post=272139"}],"curies":[{"name":"wp","href":"https:\/\/api.w.org\/{rel}","templated":true}]}}