{"id":271292,"date":"2023-01-16T14:50:54","date_gmt":"2023-01-16T13:50:54","guid":{"rendered":"https:\/\/zakrasnejsivimperk.cz\/?p=271292"},"modified":"2023-01-18T13:46:32","modified_gmt":"2023-01-18T12:46:32","slug":"nase-mesto-vimperk-fotografie-ze-stareho-alba-vimperska-devadesata-15","status":"publish","type":"post","link":"https:\/\/zakrasnejsivimperk.cz\/?p=271292","title":{"rendered":"NA\u0160E M\u011aSTO VIMPERK: Fotografie ze star\u00e9ho alba \u2013 Vimpersk\u00e1 devades\u00e1t\u00e1"},"content":{"rendered":"<h6 style=\"text-align: center;\">T\u011blocvi\u010dna Z\u00e1kladn\u00ed \u0161koly Smetanova Vimperk &#8211; radost v\u00edt\u011bz\u016f halov\u00e9ho fotbalov\u00e9ho turnaje:<\/h6>\n<p>&nbsp;<\/p>\n<figure id=\"attachment_271293\" aria-describedby=\"caption-attachment-271293\" style=\"width: 1100px\" class=\"wp-caption aligncenter\"><img loading=\"lazy\" decoding=\"async\" class=\"wp-image-271293 size-full\" src=\"https:\/\/zakrasnejsivimperk.cz\/wp-content\/uploads\/2023\/01\/16\/vpk-90-radost-v\u00edt\u011bz\u016f.jpg\" alt=\"\" width=\"1100\" height=\"753\" srcset=\"https:\/\/zakrasnejsivimperk.cz\/wp-content\/uploads\/2023\/01\/16\/vpk-90-radost-v\u00edt\u011bz\u016f.jpg 1100w, https:\/\/zakrasnejsivimperk.cz\/wp-content\/uploads\/2023\/01\/16\/vpk-90-radost-v\u00edt\u011bz\u016f-300x205.jpg 300w, https:\/\/zakrasnejsivimperk.cz\/wp-content\/uploads\/2023\/01\/16\/vpk-90-radost-v\u00edt\u011bz\u016f-768x526.jpg 768w, https:\/\/zakrasnejsivimperk.cz\/wp-content\/uploads\/2023\/01\/16\/vpk-90-radost-v\u00edt\u011bz\u016f-1024x701.jpg 1024w, https:\/\/zakrasnejsivimperk.cz\/wp-content\/uploads\/2023\/01\/16\/vpk-90-radost-v\u00edt\u011bz\u016f-522x357.jpg 522w, https:\/\/zakrasnejsivimperk.cz\/wp-content\/uploads\/2023\/01\/16\/vpk-90-radost-v\u00edt\u011bz\u016f-706x483.jpg 706w\" sizes=\"(max-width: 1100px) 100vw, 1100px\" \/><figcaption id=\"caption-attachment-271293\" class=\"wp-caption-text\">Foto: Zden\u011bk JUNGVIRT<\/figcaption><\/figure>\n<p>&nbsp;<\/p>\n<p style=\"text-align: center;\"><strong>Autor u\u017e nezn\u00e1 p\u0159esnou dataci tohoto a dal\u0161\u00edch zde pod t\u00edmto titulkem zve\u0159ej\u0148ovan\u00fdch sn\u00edmk\u016f, p\u0159esto se domn\u00edv\u00e1, \u017ee by nem\u011bly z\u016fstat pouze v jeho archivu, ale \u017ee mohou zaj\u00edmat i mnoh\u00e9 \u010dten\u00e1\u0159e.<\/strong><\/p>\n<hr \/>\n<p>&nbsp;<\/p>\n<p>&nbsp;<\/p>\n<p>&nbsp;<\/p>\n","protected":false},"excerpt":{"rendered":"<p>T\u011blocvi\u010dna Z\u00e1kladn\u00ed <\/p>\n","protected":false},"author":2,"featured_media":271294,"comment_status":"open","ping_status":"open","sticky":false,"template":"","format":"gallery","meta":{"footnotes":""},"categories":[74],"tags":[],"jetpack_featured_media_url":"https:\/\/zakrasnejsivimperk.cz\/wp-content\/uploads\/2023\/01\/16\/vpk-radost.jpg","_links":{"self":[{"href":"https:\/\/zakrasnejsivimperk.cz\/index.php?rest_route=\/wp\/v2\/posts\/271292"}],"collection":[{"href":"https:\/\/zakrasnejsivimperk.cz\/index.php?rest_route=\/wp\/v2\/posts"}],"about":[{"href":"https:\/\/zakrasnejsivimperk.cz\/index.php?rest_route=\/wp\/v2\/types\/post"}],"author":[{"embeddable":true,"href":"https:\/\/zakrasnejsivimperk.cz\/index.php?rest_route=\/wp\/v2\/users\/2"}],"replies":[{"embeddable":true,"href":"https:\/\/zakrasnejsivimperk.cz\/index.php?rest_route=%2Fwp%2Fv2%2Fcomments&post=271292"}],"version-history":[{"count":1,"href":"https:\/\/zakrasnejsivimperk.cz\/index.php?rest_route=\/wp\/v2\/posts\/271292\/revisions"}],"predecessor-version":[{"id":271295,"href":"https:\/\/zakrasnejsivimperk.cz\/index.php?rest_route=\/wp\/v2\/posts\/271292\/revisions\/271295"}],"wp:featuredmedia":[{"embeddable":true,"href":"https:\/\/zakrasnejsivimperk.cz\/index.php?rest_route=\/wp\/v2\/media\/271294"}],"wp:attachment":[{"href":"https:\/\/zakrasnejsivimperk.cz\/index.php?rest_route=%2Fwp%2Fv2%2Fmedia&parent=271292"}],"wp:term":[{"taxonomy":"category","embeddable":true,"href":"https:\/\/zakrasnejsivimperk.cz\/index.php?rest_route=%2Fwp%2Fv2%2Fcategories&post=271292"},{"taxonomy":"post_tag","embeddable":true,"href":"https:\/\/zakrasnejsivimperk.cz\/index.php?rest_route=%2Fwp%2Fv2%2Ftags&post=271292"}],"curies":[{"name":"wp","href":"https:\/\/api.w.org\/{rel}","templated":true}]}}