{"id":270818,"date":"2023-01-08T20:27:14","date_gmt":"2023-01-08T19:27:14","guid":{"rendered":"https:\/\/zakrasnejsivimperk.cz\/?p=270818"},"modified":"2023-01-10T17:47:35","modified_gmt":"2023-01-10T16:47:35","slug":"nase-mesto-vimperk-radnice-nabizi-k-pronajmu-ctyri-volne-byty","status":"publish","type":"post","link":"https:\/\/zakrasnejsivimperk.cz\/?p=270818","title":{"rendered":"NA\u0160E M\u011aSTO VIMPERK: Radnice nab\u00edz\u00ed k pron\u00e1jmu \u010dty\u0159i voln\u00e9 m\u011bstsk\u00e9 byty"},"content":{"rendered":"<p><img loading=\"lazy\" decoding=\"async\" class=\"aligncenter wp-image-270819 size-full\" src=\"https:\/\/zakrasnejsivimperk.cz\/wp-content\/uploads\/2023\/01\/07\/m\u00edrov\u00e1-430-25.jpg\" alt=\"\" width=\"1580\" height=\"711\" srcset=\"https:\/\/zakrasnejsivimperk.cz\/wp-content\/uploads\/2023\/01\/07\/m\u00edrov\u00e1-430-25.jpg 1580w, https:\/\/zakrasnejsivimperk.cz\/wp-content\/uploads\/2023\/01\/07\/m\u00edrov\u00e1-430-25-300x135.jpg 300w, https:\/\/zakrasnejsivimperk.cz\/wp-content\/uploads\/2023\/01\/07\/m\u00edrov\u00e1-430-25-768x346.jpg 768w, https:\/\/zakrasnejsivimperk.cz\/wp-content\/uploads\/2023\/01\/07\/m\u00edrov\u00e1-430-25-1024x461.jpg 1024w, https:\/\/zakrasnejsivimperk.cz\/wp-content\/uploads\/2023\/01\/07\/m\u00edrov\u00e1-430-25-1074x483.jpg 1074w, https:\/\/zakrasnejsivimperk.cz\/wp-content\/uploads\/2023\/01\/07\/m\u00edrov\u00e1-430-25-793x357.jpg 793w, https:\/\/zakrasnejsivimperk.cz\/wp-content\/uploads\/2023\/01\/07\/m\u00edrov\u00e1-430-25-1073x483.jpg 1073w\" sizes=\"(max-width: 1580px) 100vw, 1580px\" \/><\/p>\n<h6 style=\"text-align: center;\">M\u00edrov\u00e1 430\/25<\/h6>\n<h4 style=\"text-align: center;\"><a href=\"https:\/\/www.vimperk.cz\/vismo\/dokumenty2.asp?id_org=18208&amp;id=31654\" target=\"_blank\" rel=\"noopener\">V\u00edce informac\u00ed a foto ZDE<\/a><\/h4>\n<hr \/>\n<p>&nbsp;<\/p>\n<p><img loading=\"lazy\" decoding=\"async\" class=\"aligncenter wp-image-270820 size-full\" src=\"https:\/\/zakrasnejsivimperk.cz\/wp-content\/uploads\/2023\/01\/07\/pod-pek\u00e1rnou-591.jpg\" alt=\"\" width=\"1580\" height=\"711\" srcset=\"https:\/\/zakrasnejsivimperk.cz\/wp-content\/uploads\/2023\/01\/07\/pod-pek\u00e1rnou-591.jpg 1580w, https:\/\/zakrasnejsivimperk.cz\/wp-content\/uploads\/2023\/01\/07\/pod-pek\u00e1rnou-591-300x135.jpg 300w, https:\/\/zakrasnejsivimperk.cz\/wp-content\/uploads\/2023\/01\/07\/pod-pek\u00e1rnou-591-768x346.jpg 768w, https:\/\/zakrasnejsivimperk.cz\/wp-content\/uploads\/2023\/01\/07\/pod-pek\u00e1rnou-591-1024x461.jpg 1024w, https:\/\/zakrasnejsivimperk.cz\/wp-content\/uploads\/2023\/01\/07\/pod-pek\u00e1rnou-591-1074x483.jpg 1074w, https:\/\/zakrasnejsivimperk.cz\/wp-content\/uploads\/2023\/01\/07\/pod-pek\u00e1rnou-591-793x357.jpg 793w, https:\/\/zakrasnejsivimperk.cz\/wp-content\/uploads\/2023\/01\/07\/pod-pek\u00e1rnou-591-1073x483.jpg 1073w\" sizes=\"(max-width: 1580px) 100vw, 1580px\" \/><\/p>\n<h6 style=\"text-align: center;\">Pod Pek\u00e1rnou 591\/8<\/h6>\n<h4 style=\"text-align: center;\"><a href=\"https:\/\/www.vimperk.cz\/vismo\/dokumenty2.asp?id_org=18208&amp;id=31656\" target=\"_blank\" rel=\"noopener\">V\u00edce informac\u00ed a foto ZDE<\/a><\/h4>\n<hr \/>\n<p>&nbsp;<\/p>\n<p><img loading=\"lazy\" decoding=\"async\" class=\"aligncenter wp-image-270822 size-full\" src=\"https:\/\/zakrasnejsivimperk.cz\/wp-content\/uploads\/2023\/01\/07\/k-weise-393.jpg\" alt=\"\" width=\"1580\" height=\"888\" srcset=\"https:\/\/zakrasnejsivimperk.cz\/wp-content\/uploads\/2023\/01\/07\/k-weise-393.jpg 1580w, https:\/\/zakrasnejsivimperk.cz\/wp-content\/uploads\/2023\/01\/07\/k-weise-393-300x169.jpg 300w, https:\/\/zakrasnejsivimperk.cz\/wp-content\/uploads\/2023\/01\/07\/k-weise-393-768x432.jpg 768w, https:\/\/zakrasnejsivimperk.cz\/wp-content\/uploads\/2023\/01\/07\/k-weise-393-1024x576.jpg 1024w, https:\/\/zakrasnejsivimperk.cz\/wp-content\/uploads\/2023\/01\/07\/k-weise-393-635x357.jpg 635w, https:\/\/zakrasnejsivimperk.cz\/wp-content\/uploads\/2023\/01\/07\/k-weise-393-859x483.jpg 859w\" sizes=\"(max-width: 1580px) 100vw, 1580px\" \/><\/p>\n<h6 style=\"text-align: center;\">Weise 393\/11<\/h6>\n<h4 style=\"text-align: center;\"><a href=\"https:\/\/www.vimperk.cz\/vismo\/dokumenty2.asp?id_org=18208&amp;id=31658\" target=\"_blank\" rel=\"noopener\">V\u00edce informac\u00ed a foto ZDE<\/a><\/h4>\n<hr \/>\n<p>&nbsp;<\/p>\n<p><img loading=\"lazy\" decoding=\"async\" class=\"aligncenter wp-image-270823 size-full\" src=\"https:\/\/zakrasnejsivimperk.cz\/wp-content\/uploads\/2023\/01\/07\/h\u0159bitovn\u00ed-313.jpg\" alt=\"\" width=\"1580\" height=\"711\" srcset=\"https:\/\/zakrasnejsivimperk.cz\/wp-content\/uploads\/2023\/01\/07\/h\u0159bitovn\u00ed-313.jpg 1580w, https:\/\/zakrasnejsivimperk.cz\/wp-content\/uploads\/2023\/01\/07\/h\u0159bitovn\u00ed-313-300x135.jpg 300w, https:\/\/zakrasnejsivimperk.cz\/wp-content\/uploads\/2023\/01\/07\/h\u0159bitovn\u00ed-313-768x346.jpg 768w, https:\/\/zakrasnejsivimperk.cz\/wp-content\/uploads\/2023\/01\/07\/h\u0159bitovn\u00ed-313-1024x461.jpg 1024w, https:\/\/zakrasnejsivimperk.cz\/wp-content\/uploads\/2023\/01\/07\/h\u0159bitovn\u00ed-313-1074x483.jpg 1074w, https:\/\/zakrasnejsivimperk.cz\/wp-content\/uploads\/2023\/01\/07\/h\u0159bitovn\u00ed-313-793x357.jpg 793w, https:\/\/zakrasnejsivimperk.cz\/wp-content\/uploads\/2023\/01\/07\/h\u0159bitovn\u00ed-313-1073x483.jpg 1073w\" sizes=\"(max-width: 1580px) 100vw, 1580px\" \/><\/p>\n<h6 style=\"text-align: center;\">H\u0159bitovn\u00ed 313\/4<\/h6>\n<h4 style=\"text-align: center;\"><a href=\"https:\/\/www.vimperk.cz\/vismo\/dokumenty2.asp?id_org=18208&amp;id=31660\" target=\"_blank\" rel=\"noopener\">V\u00edce informac\u00ed a foto ZDE<\/a><\/h4>\n<hr \/>\n<p>&nbsp;<\/p>\n<p><strong>Zdroj: M\u011aSTO VIMPERK<\/strong><\/p>\n<p>&nbsp;<\/p>\n<p>(red) &#8211; Za kr\u00e1sn\u011bj\u0161\u00ed Vimperk<\/p>\n<hr \/>\n<p>&nbsp;<\/p>\n<p>&nbsp;<\/p>\n","protected":false},"excerpt":{"rendered":"<p>M\u00edrov\u00e1 430\/25 <\/p>\n","protected":false},"author":2,"featured_media":270822,"comment_status":"open","ping_status":"open","sticky":false,"template":"","format":"gallery","meta":{"footnotes":""},"categories":[10],"tags":[],"jetpack_featured_media_url":"https:\/\/zakrasnejsivimperk.cz\/wp-content\/uploads\/2023\/01\/07\/k-weise-393.jpg","_links":{"self":[{"href":"https:\/\/zakrasnejsivimperk.cz\/index.php?rest_route=\/wp\/v2\/posts\/270818"}],"collection":[{"href":"https:\/\/zakrasnejsivimperk.cz\/index.php?rest_route=\/wp\/v2\/posts"}],"about":[{"href":"https:\/\/zakrasnejsivimperk.cz\/index.php?rest_route=\/wp\/v2\/types\/post"}],"author":[{"embeddable":true,"href":"https:\/\/zakrasnejsivimperk.cz\/index.php?rest_route=\/wp\/v2\/users\/2"}],"replies":[{"embeddable":true,"href":"https:\/\/zakrasnejsivimperk.cz\/index.php?rest_route=%2Fwp%2Fv2%2Fcomments&post=270818"}],"version-history":[{"count":3,"href":"https:\/\/zakrasnejsivimperk.cz\/index.php?rest_route=\/wp\/v2\/posts\/270818\/revisions"}],"predecessor-version":[{"id":270870,"href":"https:\/\/zakrasnejsivimperk.cz\/index.php?rest_route=\/wp\/v2\/posts\/270818\/revisions\/270870"}],"wp:featuredmedia":[{"embeddable":true,"href":"https:\/\/zakrasnejsivimperk.cz\/index.php?rest_route=\/wp\/v2\/media\/270822"}],"wp:attachment":[{"href":"https:\/\/zakrasnejsivimperk.cz\/index.php?rest_route=%2Fwp%2Fv2%2Fmedia&parent=270818"}],"wp:term":[{"taxonomy":"category","embeddable":true,"href":"https:\/\/zakrasnejsivimperk.cz\/index.php?rest_route=%2Fwp%2Fv2%2Fcategories&post=270818"},{"taxonomy":"post_tag","embeddable":true,"href":"https:\/\/zakrasnejsivimperk.cz\/index.php?rest_route=%2Fwp%2Fv2%2Ftags&post=270818"}],"curies":[{"name":"wp","href":"https:\/\/api.w.org\/{rel}","templated":true}]}}