{"id":270134,"date":"2022-12-26T21:07:39","date_gmt":"2022-12-26T20:07:39","guid":{"rendered":"https:\/\/zakrasnejsivimperk.cz\/?p=270134"},"modified":"2022-12-27T13:08:43","modified_gmt":"2022-12-27T12:08:43","slug":"nase-mesto-vimperk-fotografie-ze-stareho-alba-vimperska-devadesata-9","status":"publish","type":"post","link":"https:\/\/zakrasnejsivimperk.cz\/?p=270134","title":{"rendered":"NA\u0160E M\u011aSTO VIMPERK: Fotografie ze star\u00e9ho alba \u2013 Vimpersk\u00e1 devades\u00e1t\u00e1"},"content":{"rendered":"<h6 style=\"text-align: center;\">V\u00edt\u011bzov\u00e9 \u017e\u00e1kovsk\u00e9ho fotbalov\u00e9ho turnaje v t\u011blocvi\u010dn\u011b Z\u0160 Smetanova:<\/h6>\n<p>&nbsp;<\/p>\n<figure id=\"attachment_270135\" aria-describedby=\"caption-attachment-270135\" style=\"width: 1100px\" class=\"wp-caption aligncenter\"><img loading=\"lazy\" decoding=\"async\" class=\"wp-image-270135 size-full\" src=\"https:\/\/zakrasnejsivimperk.cz\/wp-content\/uploads\/2022\/12\/26\/vpk-90-fotbal-\u017e\u00e1ci.jpg\" alt=\"\" width=\"1100\" height=\"739\" srcset=\"https:\/\/zakrasnejsivimperk.cz\/wp-content\/uploads\/2022\/12\/26\/vpk-90-fotbal-\u017e\u00e1ci.jpg 1100w, https:\/\/zakrasnejsivimperk.cz\/wp-content\/uploads\/2022\/12\/26\/vpk-90-fotbal-\u017e\u00e1ci-300x202.jpg 300w, https:\/\/zakrasnejsivimperk.cz\/wp-content\/uploads\/2022\/12\/26\/vpk-90-fotbal-\u017e\u00e1ci-768x516.jpg 768w, https:\/\/zakrasnejsivimperk.cz\/wp-content\/uploads\/2022\/12\/26\/vpk-90-fotbal-\u017e\u00e1ci-1024x688.jpg 1024w, https:\/\/zakrasnejsivimperk.cz\/wp-content\/uploads\/2022\/12\/26\/vpk-90-fotbal-\u017e\u00e1ci-531x357.jpg 531w, https:\/\/zakrasnejsivimperk.cz\/wp-content\/uploads\/2022\/12\/26\/vpk-90-fotbal-\u017e\u00e1ci-719x483.jpg 719w\" sizes=\"(max-width: 1100px) 100vw, 1100px\" \/><figcaption id=\"caption-attachment-270135\" class=\"wp-caption-text\">Foto: Zden\u011bk JUNGVIRT<\/figcaption><\/figure>\n<p>&nbsp;<\/p>\n<p style=\"text-align: center;\"><strong>Autor u\u017e nezn\u00e1 p\u0159esnou dataci tohoto a dal\u0161\u00edch zde pod t\u00edmto titulkem zve\u0159ej\u0148ovan\u00fdch sn\u00edmk\u016f, p\u0159esto se domn\u00edv\u00e1, \u017ee by nem\u011bly z\u016fstat pouze v jeho archivu, ale \u017ee mohou zaj\u00edmat i mnoh\u00e9 \u010dten\u00e1\u0159e.<\/strong><\/p>\n<p>&nbsp;<\/p>\n<hr \/>\n<p>&nbsp;<\/p>\n<p>&nbsp;<\/p>\n","protected":false},"excerpt":{"rendered":"<p>V\u00edt\u011bzov\u00e9 \u017e\u00e1kovsk\u00e9ho <\/p>\n","protected":false},"author":2,"featured_media":270136,"comment_status":"open","ping_status":"open","sticky":false,"template":"","format":"gallery","meta":{"footnotes":""},"categories":[74],"tags":[],"jetpack_featured_media_url":"https:\/\/zakrasnejsivimperk.cz\/wp-content\/uploads\/2022\/12\/26\/r\u00e1m-fotbal-\u017e\u00e1ci.jpg","_links":{"self":[{"href":"https:\/\/zakrasnejsivimperk.cz\/index.php?rest_route=\/wp\/v2\/posts\/270134"}],"collection":[{"href":"https:\/\/zakrasnejsivimperk.cz\/index.php?rest_route=\/wp\/v2\/posts"}],"about":[{"href":"https:\/\/zakrasnejsivimperk.cz\/index.php?rest_route=\/wp\/v2\/types\/post"}],"author":[{"embeddable":true,"href":"https:\/\/zakrasnejsivimperk.cz\/index.php?rest_route=\/wp\/v2\/users\/2"}],"replies":[{"embeddable":true,"href":"https:\/\/zakrasnejsivimperk.cz\/index.php?rest_route=%2Fwp%2Fv2%2Fcomments&post=270134"}],"version-history":[{"count":2,"href":"https:\/\/zakrasnejsivimperk.cz\/index.php?rest_route=\/wp\/v2\/posts\/270134\/revisions"}],"predecessor-version":[{"id":270139,"href":"https:\/\/zakrasnejsivimperk.cz\/index.php?rest_route=\/wp\/v2\/posts\/270134\/revisions\/270139"}],"wp:featuredmedia":[{"embeddable":true,"href":"https:\/\/zakrasnejsivimperk.cz\/index.php?rest_route=\/wp\/v2\/media\/270136"}],"wp:attachment":[{"href":"https:\/\/zakrasnejsivimperk.cz\/index.php?rest_route=%2Fwp%2Fv2%2Fmedia&parent=270134"}],"wp:term":[{"taxonomy":"category","embeddable":true,"href":"https:\/\/zakrasnejsivimperk.cz\/index.php?rest_route=%2Fwp%2Fv2%2Fcategories&post=270134"},{"taxonomy":"post_tag","embeddable":true,"href":"https:\/\/zakrasnejsivimperk.cz\/index.php?rest_route=%2Fwp%2Fv2%2Ftags&post=270134"}],"curies":[{"name":"wp","href":"https:\/\/api.w.org\/{rel}","templated":true}]}}