{"id":270109,"date":"2022-12-25T22:44:00","date_gmt":"2022-12-25T21:44:00","guid":{"rendered":"https:\/\/zakrasnejsivimperk.cz\/?p=270109"},"modified":"2023-01-01T12:02:27","modified_gmt":"2023-01-01T11:02:27","slug":"nase-mesto-vimperk-fotografie-ze-stareho-alba-vimperska-devadesata-8","status":"publish","type":"post","link":"https:\/\/zakrasnejsivimperk.cz\/?p=270109","title":{"rendered":"NA\u0160E M\u011aSTO VIMPERK: Fotografie ze star\u00e9ho alba \u2013 Vimpersk\u00e1 devades\u00e1t\u00e1"},"content":{"rendered":"<h6 style=\"text-align: center;\">Fotbalist\u00e9 vimpersk\u00e9ho \u0160umavanu s tren\u00e9rem Mare\u0161em p\u0159i silvestrovsk\u00e9m tr\u00e9ninku.<\/h6>\n<figure id=\"attachment_270110\" aria-describedby=\"caption-attachment-270110\" style=\"width: 1014px\" class=\"wp-caption aligncenter\"><img loading=\"lazy\" decoding=\"async\" class=\"wp-image-270110 size-full\" src=\"https:\/\/zakrasnejsivimperk.cz\/wp-content\/uploads\/2022\/12\/25\/fotbalist\u00e9-silvestr.jpg\" alt=\"\" width=\"1014\" height=\"683\" srcset=\"https:\/\/zakrasnejsivimperk.cz\/wp-content\/uploads\/2022\/12\/25\/fotbalist\u00e9-silvestr.jpg 1014w, https:\/\/zakrasnejsivimperk.cz\/wp-content\/uploads\/2022\/12\/25\/fotbalist\u00e9-silvestr-300x202.jpg 300w, https:\/\/zakrasnejsivimperk.cz\/wp-content\/uploads\/2022\/12\/25\/fotbalist\u00e9-silvestr-768x517.jpg 768w, https:\/\/zakrasnejsivimperk.cz\/wp-content\/uploads\/2022\/12\/25\/fotbalist\u00e9-silvestr-530x357.jpg 530w, https:\/\/zakrasnejsivimperk.cz\/wp-content\/uploads\/2022\/12\/25\/fotbalist\u00e9-silvestr-717x483.jpg 717w\" sizes=\"(max-width: 1014px) 100vw, 1014px\" \/><figcaption id=\"caption-attachment-270110\" class=\"wp-caption-text\">Foto: Zden\u011bk JUNGVIRT<\/figcaption><\/figure>\n<p>&nbsp;<\/p>\n<p style=\"text-align: center;\"><strong>Autor u\u017e nezn\u00e1 p\u0159esnou dataci tohoto a dal\u0161\u00edch zde pod t\u00edmto titulkem zve\u0159ej\u0148ovan\u00fdch sn\u00edmk\u016f, p\u0159esto se domn\u00edv\u00e1, \u017ee by nem\u011bly z\u016fstat pouze v jeho archivu, ale \u017ee mohou zaj\u00edmat i mnoh\u00e9 \u010dten\u00e1\u0159e.<\/strong><\/p>\n<hr \/>\n<p>&nbsp;<\/p>\n<p>&nbsp;<\/p>\n","protected":false},"excerpt":{"rendered":"<p>Fotbalist\u00e9 vimpersk\u00e9ho <\/p>\n","protected":false},"author":2,"featured_media":270112,"comment_status":"open","ping_status":"open","sticky":false,"template":"","format":"gallery","meta":{"footnotes":""},"categories":[74],"tags":[],"jetpack_featured_media_url":"https:\/\/zakrasnejsivimperk.cz\/wp-content\/uploads\/2022\/12\/25\/r\u00e1m-fotbalist\u00e9.jpg","_links":{"self":[{"href":"https:\/\/zakrasnejsivimperk.cz\/index.php?rest_route=\/wp\/v2\/posts\/270109"}],"collection":[{"href":"https:\/\/zakrasnejsivimperk.cz\/index.php?rest_route=\/wp\/v2\/posts"}],"about":[{"href":"https:\/\/zakrasnejsivimperk.cz\/index.php?rest_route=\/wp\/v2\/types\/post"}],"author":[{"embeddable":true,"href":"https:\/\/zakrasnejsivimperk.cz\/index.php?rest_route=\/wp\/v2\/users\/2"}],"replies":[{"embeddable":true,"href":"https:\/\/zakrasnejsivimperk.cz\/index.php?rest_route=%2Fwp%2Fv2%2Fcomments&post=270109"}],"version-history":[{"count":3,"href":"https:\/\/zakrasnejsivimperk.cz\/index.php?rest_route=\/wp\/v2\/posts\/270109\/revisions"}],"predecessor-version":[{"id":270114,"href":"https:\/\/zakrasnejsivimperk.cz\/index.php?rest_route=\/wp\/v2\/posts\/270109\/revisions\/270114"}],"wp:featuredmedia":[{"embeddable":true,"href":"https:\/\/zakrasnejsivimperk.cz\/index.php?rest_route=\/wp\/v2\/media\/270112"}],"wp:attachment":[{"href":"https:\/\/zakrasnejsivimperk.cz\/index.php?rest_route=%2Fwp%2Fv2%2Fmedia&parent=270109"}],"wp:term":[{"taxonomy":"category","embeddable":true,"href":"https:\/\/zakrasnejsivimperk.cz\/index.php?rest_route=%2Fwp%2Fv2%2Fcategories&post=270109"},{"taxonomy":"post_tag","embeddable":true,"href":"https:\/\/zakrasnejsivimperk.cz\/index.php?rest_route=%2Fwp%2Fv2%2Ftags&post=270109"}],"curies":[{"name":"wp","href":"https:\/\/api.w.org\/{rel}","templated":true}]}}