{"id":269753,"date":"2022-12-18T23:15:07","date_gmt":"2022-12-18T22:15:07","guid":{"rendered":"https:\/\/zakrasnejsivimperk.cz\/?p=269753"},"modified":"2022-12-18T23:15:07","modified_gmt":"2022-12-18T22:15:07","slug":"cesky-hydrometeorologicky-ustav-vyvoj-situace-a-predpoved-pocasi-pro-ceskou-republiku-do-26-prosince-2","status":"publish","type":"post","link":"https:\/\/zakrasnejsivimperk.cz\/?p=269753","title":{"rendered":"\u010cESK\u00dd HYDROMETEOROLOGICK\u00dd \u00daSTAV: V\u00fdvoj situace a p\u0159edpov\u011b\u010f po\u010das\u00ed pro \u010ceskou republiku do 26. prosince"},"content":{"rendered":"<figure id=\"attachment_269754\" aria-describedby=\"caption-attachment-269754\" style=\"width: 822px\" class=\"wp-caption aligncenter\"><img loading=\"lazy\" decoding=\"async\" class=\"wp-image-269754 size-full\" src=\"https:\/\/zakrasnejsivimperk.cz\/wp-content\/uploads\/2022\/12\/18\/vpk-201122-39.jpg\" alt=\"\" width=\"822\" height=\"796\" srcset=\"https:\/\/zakrasnejsivimperk.cz\/wp-content\/uploads\/2022\/12\/18\/vpk-201122-39.jpg 822w, https:\/\/zakrasnejsivimperk.cz\/wp-content\/uploads\/2022\/12\/18\/vpk-201122-39-300x291.jpg 300w, https:\/\/zakrasnejsivimperk.cz\/wp-content\/uploads\/2022\/12\/18\/vpk-201122-39-768x744.jpg 768w, https:\/\/zakrasnejsivimperk.cz\/wp-content\/uploads\/2022\/12\/18\/vpk-201122-39-369x357.jpg 369w, https:\/\/zakrasnejsivimperk.cz\/wp-content\/uploads\/2022\/12\/18\/vpk-201122-39-499x483.jpg 499w\" sizes=\"(max-width: 822px) 100vw, 822px\" \/><figcaption id=\"caption-attachment-269754\" class=\"wp-caption-text\">Ilustra\u010dn\u00ed foto: (red) &#8211; Za kr\u00e1sn\u011bj\u0161\u00ed Vimperk<\/figcaption><\/figure>\n<hr \/>\n<p>&nbsp;<\/p>\n<h6 class=\"textik1\">Situace: Po\u010das\u00ed u n\u00e1s\u00a0bude ovliv\u0148ovat tepl\u00e1 fronta postupuj\u00edc\u00ed od jihoz\u00e1padu. Za n\u00ed k\u00a0n\u00e1m bude proudit tepl\u00fd vzduch, zejm\u00e9na ve vy\u0161\u0161\u00edch vrstv\u00e1ch atmosf\u00e9ry. Ve st\u0159edu odpoledne a ve\u010der bude postupovat p\u0159es\u00a0na\u0161e \u00fazem\u00ed k\u00a0v\u00fdchodu studen\u00e1 fronta. Od \u010dtvrtka budou v\u00a0\u010derstv\u00e9m z\u00e1padn\u00edm proud\u011bn\u00ed postupovat p\u0159es\u00a0st\u0159edn\u00ed Evropu jednotliv\u00e9 front\u00e1ln\u00ed syst\u00e9my.<\/h6>\n<p>&nbsp;<\/p>\n<h6 class=\"textik1\"><strong>P\u0159edpov\u011b\u010f na pond\u011bl\u00ed 19. prosince:<\/strong><\/h6>\n<p class=\"textik2\"><img loading=\"lazy\" decoding=\"async\" class=\"alignright wp-image-191184\" src=\"https:\/\/zakrasnejsivimperk.cz\/wp-content\/uploads\/2020\/05\/07\/\u010dhm\u00fa-logo-nov\u00e9-300x123.jpg\" alt=\"\" width=\"400\" height=\"164\" srcset=\"https:\/\/zakrasnejsivimperk.cz\/wp-content\/uploads\/2020\/05\/07\/\u010dhm\u00fa-logo-nov\u00e9-300x123.jpg 300w, https:\/\/zakrasnejsivimperk.cz\/wp-content\/uploads\/2020\/05\/07\/\u010dhm\u00fa-logo-nov\u00e9-768x316.jpg 768w, https:\/\/zakrasnejsivimperk.cz\/wp-content\/uploads\/2020\/05\/07\/\u010dhm\u00fa-logo-nov\u00e9.jpg 861w\" sizes=\"(max-width: 400px) 100vw, 400px\" \/>Zata\u017eeno a\u017e obla\u010dno, na v\u00fdchod\u011b zpo\u010d\u00e1tku m\u00edsty i polojasno, ojedin\u011ble mrznouc\u00ed mlhy. Ojedin\u011ble slab\u00e9 sn\u011b\u017een\u00ed nebo mrznouc\u00ed mrholen\u00ed, zejm\u00e9na na z\u00e1pad\u011b a severu m\u00edsty mrznouc\u00ed d\u00e9\u0161\u0165 s\u00a0tvorbou ledovky. Nejni\u017e\u0161\u00ed no\u010dn\u00ed teploty -7 a\u017e -12\u00a0\u00b0C, na Morav\u011b a ve Slezsku m\u00edsty kolem -14\u00a0\u00b0C, b\u011bhem noci zm\u00edr\u0148ov\u00e1n\u00ed mraz\u016f. Nejvy\u0161\u0161\u00ed denn\u00ed teploty -3 a\u017e +1\u00a0\u00b0C, p\u0159i \u010derstv\u00e9m v\u011btru ojedin\u011ble kolem +3\u00a0\u00b0C, v\u00a01000 m na hor\u00e1ch na v\u00fdchod\u011b kolem -6\u00a0\u00b0C, od z\u00e1padu oteplov\u00e1n\u00ed a pozd\u011bji na z\u00e1pad\u011b kolem +3\u00a0\u00b0C. M\u00edrn\u00fd jihov\u00fdchodn\u00ed a\u017e ji\u017en\u00ed v\u00edtr 2 a\u017e 6 m\/s, postupn\u011b od vy\u0161\u0161\u00edch poloh mimo \u0160umavu \u010derstv\u00fd 5 a\u017e 10 m\/s\u00a0s\u00a0n\u00e1razy 15 a\u017e 20 m\/s\u00a0(55 a\u017e 70 km\/h), na h\u0159ebenech hor kolem 25 m\/s\u00a0(90 km\/h). Na z\u00e1pad\u011b \u010cech jen slab\u00fd v\u00edtr do 3 m\/s.<\/p>\n<p class=\"textik2\"><strong>KOMENT\u00c1\u0158 METEOROLOGA:<\/strong><\/p>\n<p class=\"textik2\"><em>Na \u010ceskomoravsk\u00e9 vrchovin\u011b a na hor\u00e1ch na severu m\u00edsty tvorba sn\u011bhov\u00fdch jazyk\u016f, m\u00edsty i tvorba n\u00e1mrazy. P\u0159i mrznouc\u00edm de\u0161ti m\u00edsty tvorba ledovky.<\/em><\/p>\n<p>&nbsp;<\/p>\n<h6 class=\"textik1\">P\u0159edpov\u011b\u010f na \u00fater\u00fd 20. prosince:<\/h6>\n<p class=\"textik2\">Obla\u010dno a\u017e polojasno. M\u00edsty zata\u017eeno n\u00edzkou obla\u010dnost\u00ed, zejm\u00e9na na \u010ceskomoravsk\u00e9 vrchovin\u011b a na z\u00e1pad\u011b Moravy. Ojedin\u011ble mrznouc\u00ed mlhy. Nejni\u017e\u0161\u00ed no\u010dn\u00ed teploty -1 a\u017e -5\u00a0\u00b0C, p\u0159i zmen\u0161en\u00e9 obla\u010dnosti ojedin\u011ble kolem -7\u00a0\u00b0C. Nejvy\u0161\u0161\u00ed denn\u00ed teploty -3 a\u017e +1\u00a0\u00b0C. M\u00edrn\u00fd jihov\u00fdchodn\u00ed a\u017e ji\u017en\u00ed v\u00edtr 2 a\u017e 5 m\/s, na severov\u00fdchod\u011b a zpo\u010d\u00e1tku i na \u010ceskomoravsk\u00e9 vrchovin\u011b \u010derstv\u00fd 4 a\u017e 9 m\/s\u00a0s\u00a0n\u00e1razy kolem 15 m\/s, na hor\u00e1ch na severu a severov\u00fdchod\u011b kolem 20 m\/s\u00a0(70 km\/h). Na z\u00e1pad\u011b \u010cech jen slab\u00fd v\u00edtr do 3 m\/s.<\/p>\n<p class=\"textik1\"><strong>KOMENT\u00c1\u0158 METEOROLOGA:<\/strong><\/p>\n<p class=\"textik2\"><em>Na \u010ceskomoravsk\u00e9 vrchovin\u011b a na hor\u00e1ch na severu m\u00edsty tvorba sn\u011bhov\u00fdch jazyk\u016f a n\u00e1mrazy.<\/em><\/p>\n<p>&nbsp;<\/p>\n<h6 class=\"textik1\">P\u0159edpov\u011b\u010f na st\u0159edu 21. prosince:<\/h6>\n<p class=\"textik2\">Zata\u017eeno a\u017e obla\u010dno, zpo\u010d\u00e1tku m\u00edsty polojasno. Ojedin\u011ble mrznouc\u00ed mlhy. Ojedin\u011ble, odpoledne a ve\u010der na v\u011bt\u0161in\u011b \u00fazem\u00ed d\u00e9\u0161\u0165, zejm\u00e9na na severu a v\u00fdchod\u011b i mrznouc\u00ed. Pozd\u011bji nad 900 m sn\u011b\u017een\u00ed. Nejni\u017e\u0161\u00ed no\u010dn\u00ed teploty 0 a\u017e -4\u00a0\u00b0C, p\u0159i zmen\u0161en\u00e9 obla\u010dnosti ojedin\u011ble kolem -6\u00a0\u00b0C. Nejvy\u0161\u0161\u00ed denn\u00ed teploty -1 a\u017e +3\u00a0\u00b0C, v\u00a0\u010cech\u00e1ch a ve Slezsku m\u00edsty a\u017e +5\u00a0\u00b0C. M\u00edrn\u00fd ji\u017en\u00ed a\u017e jihoz\u00e1padn\u00ed v\u00edtr 2 a\u017e 6 m\/s, na severov\u00fdchod\u011b \u010derstv\u00fd 4 a\u017e 8 m\/s\u00a0s\u00a0n\u00e1razy kolem 15 m\/s.<\/p>\n<p class=\"textik1\"><strong>KOMENT\u00c1\u0158 METEOROLOGA:<\/strong><\/p>\n<p class=\"textik2\"><em>P\u0159i mrznouc\u00edch sr\u00e1\u017ek\u00e1ch se b\u011bhem dne bude zejm\u00e9na na severu a v\u00fdchod\u011b \u00fazem\u00ed m\u00edsty tvo\u0159it ledovka.<\/em><\/p>\n<p>&nbsp;<\/p>\n<h6 class=\"textik1\">P\u0159edpov\u011b\u010f na \u010dtvrtek 22. prosince:<\/h6>\n<p class=\"textik2\">Obla\u010dno a\u017e zata\u017eeno a m\u00edsty d\u00e9\u0161\u0165, na severov\u00fdchod\u011b \u010cech a na Morav\u011b zpo\u010d\u00e1tku ojedin\u011ble sr\u00e1\u017eky sn\u011bhov\u00e9 nebo mrznouc\u00ed. Na hor\u00e1ch sr\u00e1\u017eky \u010detn\u011bj\u0161\u00ed, v\u011bt\u0161inou sm\u00ed\u0161en\u00e9 nebo sn\u011bhov\u00e9. Nejni\u017e\u0161\u00ed no\u010dn\u00ed teploty +2 a\u017e -2\u00a0\u00b0C. Nejvy\u0161\u0161\u00ed denn\u00ed teploty 2 a\u017e 6\u00a0\u00b0C. M\u00edrn\u00fd jihoz\u00e1padn\u00ed v\u00edtr 3 a\u017e 7 m\/s, na severov\u00fdchod\u011b \u010cech a na Morav\u011b zpo\u010d\u00e1tku slab\u00fd do 4 m\/s.<\/p>\n<p>&nbsp;<\/p>\n<h6 class=\"textik1\">P\u0159edpov\u011b\u010f na p\u00e1tek 23. prosince:<\/h6>\n<p class=\"textik2\">P\u0159ev\u00e1\u017en\u011b zata\u017eeno s\u00a0de\u0161t\u011bm, na Morav\u011b zpo\u010d\u00e1tku ojedin\u011ble mrznouc\u00edm. Nejni\u017e\u0161\u00ed no\u010dn\u00ed teploty +3 a\u017e -1\u00a0\u00b0C. Nejvy\u0161\u0161\u00ed denn\u00ed teploty 6 a\u017e 10\u00a0\u00b0C, na Morav\u011b m\u00edsty kolem 4\u00a0\u00b0C. M\u00edrn\u00fd jihoz\u00e1padn\u00ed a\u017e ji\u017en\u00ed v\u00edtr 3 a\u017e 7 m\/s, m\u00edsty s\u00a0n\u00e1razy kolem 15 m\/s, na severov\u00fdchod\u011b \u010cech a na Morav\u011b slab\u00fd v\u00edtr 1 a\u017e 4 m\/s.<\/p>\n<p>&nbsp;<\/p>\n<h6 class=\"textik1\">Vyhl\u00eddka po\u010das\u00ed od soboty 24. prosince do pond\u011bl\u00ed 26. prosince:<\/h6>\n<p class=\"textik2\">Zata\u017eeno a\u017e obla\u010dno, na v\u011bt\u0161in\u011b \u00fazem\u00ed d\u00e9\u0161\u0165 nebo p\u0159eh\u00e1\u0148ky. Postupn\u011b sr\u00e1\u017eky jen m\u00edsty a na hor\u00e1ch sm\u00ed\u0161en\u00e9 nebo sn\u011bhov\u00e9. Nejni\u017e\u0161\u00ed no\u010dn\u00ed teploty zpo\u010d\u00e1tku 9 a\u017e 5\u00a0\u00b0C a na Morav\u011b m\u00edsty kolem 3\u00a0\u00b0C, postupn\u011b +2 a\u017e -2\u00a0\u00b0C. Nejvy\u0161\u0161\u00ed denn\u00ed teploty zpo\u010d\u00e1tku 8 a\u017e 12\u00a0\u00b0C a na Morav\u011b m\u00edsty kolem 6\u00a0\u00b0C, postupn\u011b 2 a\u017e 6\u00a0\u00b0C.<\/p>\n<p>&nbsp;<\/p>\n<p><a href=\"https:\/\/www.chmi.cz\/\" target=\"_blank\" rel=\"noopener\"><strong>\u010cESK\u00dd HYDROMETEOROLOGICK\u00dd \u00daSTAV<\/strong><\/a><\/p>\n<p>&nbsp;<\/p>\n<h4><a href=\"https:\/\/zakrasnejsivimperk.cz\/?p=231510\" target=\"_blank\" rel=\"noopener\">V\u00fdstrahy \u010cesk\u00e9ho hydrometeorologick\u00e9ho \u00fastavu pro regiony a m\u011bsta najdete ZDE<\/a><\/h4>\n<hr \/>\n<p>&nbsp;<\/p>\n<p>&nbsp;<\/p>\n<p>&nbsp;<\/p>\n<p>&nbsp;<\/p>\n","protected":false},"excerpt":{"rendered":"<p>&nbsp; Situace: <\/p>\n","protected":false},"author":2,"featured_media":269756,"comment_status":"open","ping_status":"open","sticky":false,"template":"","format":"gallery","meta":{"footnotes":""},"categories":[110],"tags":[],"jetpack_featured_media_url":"https:\/\/zakrasnejsivimperk.cz\/wp-content\/uploads\/2022\/12\/18\/r\u00e1m-po\u010das\u00ed.jpg","_links":{"self":[{"href":"https:\/\/zakrasnejsivimperk.cz\/index.php?rest_route=\/wp\/v2\/posts\/269753"}],"collection":[{"href":"https:\/\/zakrasnejsivimperk.cz\/index.php?rest_route=\/wp\/v2\/posts"}],"about":[{"href":"https:\/\/zakrasnejsivimperk.cz\/index.php?rest_route=\/wp\/v2\/types\/post"}],"author":[{"embeddable":true,"href":"https:\/\/zakrasnejsivimperk.cz\/index.php?rest_route=\/wp\/v2\/users\/2"}],"replies":[{"embeddable":true,"href":"https:\/\/zakrasnejsivimperk.cz\/index.php?rest_route=%2Fwp%2Fv2%2Fcomments&post=269753"}],"version-history":[{"count":1,"href":"https:\/\/zakrasnejsivimperk.cz\/index.php?rest_route=\/wp\/v2\/posts\/269753\/revisions"}],"predecessor-version":[{"id":269757,"href":"https:\/\/zakrasnejsivimperk.cz\/index.php?rest_route=\/wp\/v2\/posts\/269753\/revisions\/269757"}],"wp:featuredmedia":[{"embeddable":true,"href":"https:\/\/zakrasnejsivimperk.cz\/index.php?rest_route=\/wp\/v2\/media\/269756"}],"wp:attachment":[{"href":"https:\/\/zakrasnejsivimperk.cz\/index.php?rest_route=%2Fwp%2Fv2%2Fmedia&parent=269753"}],"wp:term":[{"taxonomy":"category","embeddable":true,"href":"https:\/\/zakrasnejsivimperk.cz\/index.php?rest_route=%2Fwp%2Fv2%2Fcategories&post=269753"},{"taxonomy":"post_tag","embeddable":true,"href":"https:\/\/zakrasnejsivimperk.cz\/index.php?rest_route=%2Fwp%2Fv2%2Ftags&post=269753"}],"curies":[{"name":"wp","href":"https:\/\/api.w.org\/{rel}","templated":true}]}}