{"id":269707,"date":"2022-12-19T13:43:56","date_gmt":"2022-12-19T12:43:56","guid":{"rendered":"https:\/\/zakrasnejsivimperk.cz\/?p=269707"},"modified":"2022-12-21T13:47:45","modified_gmt":"2022-12-21T12:47:45","slug":"nase-mesto-vimperk-slibem-nezarmoutis","status":"publish","type":"post","link":"https:\/\/zakrasnejsivimperk.cz\/?p=269707","title":{"rendered":"NA\u0160E M\u011aSTO VIMPERK: Slibem nezarmout\u00ed\u0161"},"content":{"rendered":"<figure id=\"attachment_188343\" aria-describedby=\"caption-attachment-188343\" style=\"width: 730px\" class=\"wp-caption aligncenter\"><img loading=\"lazy\" decoding=\"async\" class=\"wp-image-188343 size-full\" src=\"https:\/\/zakrasnejsivimperk.cz\/wp-content\/uploads\/2020\/03\/31\/radnice-nov\u00e1-a-star\u00e1-upr..jpg\" alt=\"\" width=\"730\" height=\"481\" srcset=\"https:\/\/zakrasnejsivimperk.cz\/wp-content\/uploads\/2020\/03\/31\/radnice-nov\u00e1-a-star\u00e1-upr..jpg 730w, https:\/\/zakrasnejsivimperk.cz\/wp-content\/uploads\/2020\/03\/31\/radnice-nov\u00e1-a-star\u00e1-upr.-300x198.jpg 300w, https:\/\/zakrasnejsivimperk.cz\/wp-content\/uploads\/2020\/03\/31\/radnice-nov\u00e1-a-star\u00e1-upr.-100x65.jpg 100w, https:\/\/zakrasnejsivimperk.cz\/wp-content\/uploads\/2020\/03\/31\/radnice-nov\u00e1-a-star\u00e1-upr.-542x357.jpg 542w\" sizes=\"(max-width: 730px) 100vw, 730px\" \/><figcaption id=\"caption-attachment-188343\" class=\"wp-caption-text\">Foto: (red) &#8211; Za kr\u00e1sn\u011bj\u0161\u00ed Vimperk<\/figcaption><\/figure>\n<hr \/>\n<p>&nbsp;<\/p>\n<h6>Jak vypad\u00e1 v praxi starostlivost radnice o zvelebov\u00e1n\u00ed sp\u00e1dov\u00fdch osad, to n\u00e1zorn\u011b dokl\u00e1d\u00e1 na webu m\u011bsta zve\u0159ejn\u011bn\u00fd z\u00e1pis ze sch\u016fze osadn\u00edho v\u00fdboru v Prav\u011bt\u00edn\u011b. Slibem nezarmout\u00ed\u0161&#8230;<\/h6>\n<p><a href=\"https:\/\/zakrasnejsivimperk.cz\/wp-content\/uploads\/2022\/12\/17\/z\u00e1pis-ov-prav\u011bt\u00edn.pdf\" target=\"_blank\" rel=\"noopener\"><img loading=\"lazy\" decoding=\"async\" class=\"aligncenter wp-image-269708 size-full\" src=\"https:\/\/zakrasnejsivimperk.cz\/wp-content\/uploads\/2022\/12\/17\/z\u00e1pis-ov-prav\u011bt\u00edn.jpg\" alt=\"\" width=\"647\" height=\"753\" srcset=\"https:\/\/zakrasnejsivimperk.cz\/wp-content\/uploads\/2022\/12\/17\/z\u00e1pis-ov-prav\u011bt\u00edn.jpg 647w, https:\/\/zakrasnejsivimperk.cz\/wp-content\/uploads\/2022\/12\/17\/z\u00e1pis-ov-prav\u011bt\u00edn-258x300.jpg 258w, https:\/\/zakrasnejsivimperk.cz\/wp-content\/uploads\/2022\/12\/17\/z\u00e1pis-ov-prav\u011bt\u00edn-307x357.jpg 307w, https:\/\/zakrasnejsivimperk.cz\/wp-content\/uploads\/2022\/12\/17\/z\u00e1pis-ov-prav\u011bt\u00edn-415x483.jpg 415w\" sizes=\"(max-width: 647px) 100vw, 647px\" \/><\/a><\/p>\n<p style=\"text-align: center;\">Po kliknut\u00ed na obr\u00e1zek zobraz\u00edte z\u00e1pis ve form\u00e1tu PDF.<\/p>\n<hr \/>\n<p>&nbsp;<\/p>\n<p><strong>Zdroj: M\u011aSTO VIMPERK<\/strong><\/p>\n<p>&nbsp;<\/p>\n<p>(red) &#8211; Za kr\u00e1sn\u011bj\u0161\u00ed Vimperk<\/p>\n<hr \/>\n<p>&nbsp;<\/p>\n<p>&nbsp;<\/p>\n<p>&nbsp;<\/p>\n","protected":false},"excerpt":{"rendered":"<p>&nbsp; Jak <\/p>\n","protected":false},"author":2,"featured_media":269711,"comment_status":"open","ping_status":"open","sticky":false,"template":"","format":"gallery","meta":{"footnotes":""},"categories":[120,108],"tags":[],"jetpack_featured_media_url":"https:\/\/zakrasnejsivimperk.cz\/wp-content\/uploads\/2022\/12\/17\/r\u00e1m-slibem.jpg","_links":{"self":[{"href":"https:\/\/zakrasnejsivimperk.cz\/index.php?rest_route=\/wp\/v2\/posts\/269707"}],"collection":[{"href":"https:\/\/zakrasnejsivimperk.cz\/index.php?rest_route=\/wp\/v2\/posts"}],"about":[{"href":"https:\/\/zakrasnejsivimperk.cz\/index.php?rest_route=\/wp\/v2\/types\/post"}],"author":[{"embeddable":true,"href":"https:\/\/zakrasnejsivimperk.cz\/index.php?rest_route=\/wp\/v2\/users\/2"}],"replies":[{"embeddable":true,"href":"https:\/\/zakrasnejsivimperk.cz\/index.php?rest_route=%2Fwp%2Fv2%2Fcomments&post=269707"}],"version-history":[{"count":2,"href":"https:\/\/zakrasnejsivimperk.cz\/index.php?rest_route=\/wp\/v2\/posts\/269707\/revisions"}],"predecessor-version":[{"id":269712,"href":"https:\/\/zakrasnejsivimperk.cz\/index.php?rest_route=\/wp\/v2\/posts\/269707\/revisions\/269712"}],"wp:featuredmedia":[{"embeddable":true,"href":"https:\/\/zakrasnejsivimperk.cz\/index.php?rest_route=\/wp\/v2\/media\/269711"}],"wp:attachment":[{"href":"https:\/\/zakrasnejsivimperk.cz\/index.php?rest_route=%2Fwp%2Fv2%2Fmedia&parent=269707"}],"wp:term":[{"taxonomy":"category","embeddable":true,"href":"https:\/\/zakrasnejsivimperk.cz\/index.php?rest_route=%2Fwp%2Fv2%2Fcategories&post=269707"},{"taxonomy":"post_tag","embeddable":true,"href":"https:\/\/zakrasnejsivimperk.cz\/index.php?rest_route=%2Fwp%2Fv2%2Ftags&post=269707"}],"curies":[{"name":"wp","href":"https:\/\/api.w.org\/{rel}","templated":true}]}}