{"id":269606,"date":"2022-12-16T13:56:24","date_gmt":"2022-12-16T12:56:24","guid":{"rendered":"https:\/\/zakrasnejsivimperk.cz\/?p=269606"},"modified":"2022-12-16T13:58:50","modified_gmt":"2022-12-16T12:58:50","slug":"cesky-hydrometeorologicky-ustav-bude-stedry-den-na-snehu","status":"publish","type":"post","link":"https:\/\/zakrasnejsivimperk.cz\/?p=269606","title":{"rendered":"\u010cESK\u00dd HYDROMETEOROLOGICK\u00dd \u00daSTAV:\u00a0Bude \u0160t\u011bdr\u00fd den na sn\u011bhu?"},"content":{"rendered":"<p><img loading=\"lazy\" decoding=\"async\" class=\"aligncenter wp-image-191184 size-full\" src=\"https:\/\/zakrasnejsivimperk.cz\/wp-content\/uploads\/2020\/05\/07\/\u010dhm\u00fa-logo-nov\u00e9.jpg\" alt=\"\" width=\"861\" height=\"354\" srcset=\"https:\/\/zakrasnejsivimperk.cz\/wp-content\/uploads\/2020\/05\/07\/\u010dhm\u00fa-logo-nov\u00e9.jpg 861w, https:\/\/zakrasnejsivimperk.cz\/wp-content\/uploads\/2020\/05\/07\/\u010dhm\u00fa-logo-nov\u00e9-300x123.jpg 300w, https:\/\/zakrasnejsivimperk.cz\/wp-content\/uploads\/2020\/05\/07\/\u010dhm\u00fa-logo-nov\u00e9-768x316.jpg 768w\" sizes=\"(max-width: 861px) 100vw, 861px\" \/><\/p>\n<p>&nbsp;<\/p>\n<h6>Osm dn\u00ed p\u0159ed V\u00e1noci to venku vypad\u00e1 jako z ladovsk\u00fdch obr\u00e1zk\u016f. Sn\u00edh le\u017e\u00ed na cel\u00e9m \u00fazem\u00ed a v\u011bt\u0161inou i d\u00e1l sn\u011b\u017e\u00ed.<\/h6>\n<p>Jak b\u00fdv\u00e1 zvykem v posledn\u00edch letech, tak by se m\u011blo p\u0159ed V\u00e1noci i letos citeln\u011b oteplit.<\/p>\n<p>Na hor\u00e1ch, hlavn\u011b na \u0160umav\u011b se teploty dostanou nad nulu pravd\u011bpodobn\u011b u\u017e v pond\u011bl\u00ed, v n\u00ed\u017ein\u00e1ch je\u0161t\u011b ze za\u010d\u00e1tku p\u0159\u00ed\u0161t\u00edho t\u00fddne vydr\u017e\u00ed inverze a mr\u00e1z. V \u00fater\u00fd u\u017e za\u010dnou teploty vystupovat nad nulu na n\u011bkter\u00fdch m\u00edstech i v n\u00ed\u017ein\u00e1ch a od st\u0159edy u\u017e budou v n\u00ed\u017ein\u00e1ch nadnulov\u00e9 teploty p\u0159eva\u017eovat.<\/p>\n<p>Sn\u00edh tak bude t\u011bsn\u011b p\u0159ed V\u00e1noci mizet. Nad\u011bje na b\u00edl\u00e9 V\u00e1noce v n\u00ed\u017ein\u00e1ch je tak nejvy\u0161\u0161\u00ed v m\u00edstech, kde bude ve st\u0159edu r\u00e1no sn\u011bhu tolik, \u017ee nestihne do soboty rozt\u00e1t.<\/p>\n<p>Nejvy\u0161\u0161\u00ed nad\u011bji maj\u00ed v n\u00ed\u017ein\u00e1ch na Liberecku, v Moravskoslezsk\u00e9m a tak\u00e9 Zl\u00ednsk\u00e9m kraji. Na hor\u00e1ch bude sn\u011bhov\u00e1 pe\u0159ina v\u011bt\u0161inou dostate\u010dn\u011b vysok\u00e1 na to, aby n\u011bjak\u00fd ten sn\u00edh do V\u00e1noc zbyl.<\/p>\n<p>P\u0159edpov\u011bdn\u00ed modely prozat\u00edm po\u010d\u00edtaj\u00ed na \u0160t\u011bdr\u00fd den s teplotami i nad 5 \u00b0C. P\u0159edpov\u011b\u010f po\u010das\u00ed budeme pr\u016fb\u011b\u017en\u011b up\u0159es\u0148ovat. Jak\u00e1 je \u0161ance na b\u00edl\u00e9 V\u00e1noce se pod\u00edv\u00e1me op\u011bt v pond\u011bl\u00ed.<\/p>\n<p>&nbsp;<\/p>\n<p><strong>FB \u2013\u00a0<a href=\"https:\/\/www.facebook.com\/chmi.cz\/posts\/7757962847560904\" target=\"_blank\" rel=\"noopener\">\u010cesk\u00fd hydrometeorologick\u00fd \u00fastav<\/a><\/strong><\/p>\n<p>&nbsp;<\/p>\n<h4><a href=\"https:\/\/zakrasnejsivimperk.cz\/?p=231510\" target=\"_blank\" rel=\"noopener\">V\u00fdstrahy \u010cesk\u00e9ho hydrometeorologick\u00e9ho \u00fastavu pro regiony a m\u011bsta najdete ZDE<\/a><\/h4>\n<p>&nbsp;<\/p>\n<p><img loading=\"lazy\" decoding=\"async\" class=\"aligncenter wp-image-269607 size-full\" src=\"https:\/\/zakrasnejsivimperk.cz\/wp-content\/uploads\/2022\/12\/16\/mapa-po\u010das\u00ed-\u0161t\u011bdr\u00fd-den.jpg\" alt=\"\" width=\"945\" height=\"680\" srcset=\"https:\/\/zakrasnejsivimperk.cz\/wp-content\/uploads\/2022\/12\/16\/mapa-po\u010das\u00ed-\u0161t\u011bdr\u00fd-den.jpg 945w, https:\/\/zakrasnejsivimperk.cz\/wp-content\/uploads\/2022\/12\/16\/mapa-po\u010das\u00ed-\u0161t\u011bdr\u00fd-den-300x216.jpg 300w, https:\/\/zakrasnejsivimperk.cz\/wp-content\/uploads\/2022\/12\/16\/mapa-po\u010das\u00ed-\u0161t\u011bdr\u00fd-den-768x553.jpg 768w, https:\/\/zakrasnejsivimperk.cz\/wp-content\/uploads\/2022\/12\/16\/mapa-po\u010das\u00ed-\u0161t\u011bdr\u00fd-den-326x235.jpg 326w, https:\/\/zakrasnejsivimperk.cz\/wp-content\/uploads\/2022\/12\/16\/mapa-po\u010das\u00ed-\u0161t\u011bdr\u00fd-den-496x357.jpg 496w, https:\/\/zakrasnejsivimperk.cz\/wp-content\/uploads\/2022\/12\/16\/mapa-po\u010das\u00ed-\u0161t\u011bdr\u00fd-den-671x483.jpg 671w, https:\/\/zakrasnejsivimperk.cz\/wp-content\/uploads\/2022\/12\/16\/mapa-po\u010das\u00ed-\u0161t\u011bdr\u00fd-den-198x143.jpg 198w\" sizes=\"(max-width: 945px) 100vw, 945px\" \/><\/p>\n<hr \/>\n<p>&nbsp;<\/p>\n<p>&nbsp;<\/p>\n<p>&nbsp;<\/p>\n","protected":false},"excerpt":{"rendered":"<p>&nbsp; Osm <\/p>\n","protected":false},"author":2,"featured_media":269609,"comment_status":"open","ping_status":"open","sticky":false,"template":"","format":"gallery","meta":{"footnotes":""},"categories":[110],"tags":[],"jetpack_featured_media_url":"https:\/\/zakrasnejsivimperk.cz\/wp-content\/uploads\/2022\/12\/16\/r\u00e1m-po\u010das\u00ed.jpg","_links":{"self":[{"href":"https:\/\/zakrasnejsivimperk.cz\/index.php?rest_route=\/wp\/v2\/posts\/269606"}],"collection":[{"href":"https:\/\/zakrasnejsivimperk.cz\/index.php?rest_route=\/wp\/v2\/posts"}],"about":[{"href":"https:\/\/zakrasnejsivimperk.cz\/index.php?rest_route=\/wp\/v2\/types\/post"}],"author":[{"embeddable":true,"href":"https:\/\/zakrasnejsivimperk.cz\/index.php?rest_route=\/wp\/v2\/users\/2"}],"replies":[{"embeddable":true,"href":"https:\/\/zakrasnejsivimperk.cz\/index.php?rest_route=%2Fwp%2Fv2%2Fcomments&post=269606"}],"version-history":[{"count":1,"href":"https:\/\/zakrasnejsivimperk.cz\/index.php?rest_route=\/wp\/v2\/posts\/269606\/revisions"}],"predecessor-version":[{"id":269608,"href":"https:\/\/zakrasnejsivimperk.cz\/index.php?rest_route=\/wp\/v2\/posts\/269606\/revisions\/269608"}],"wp:featuredmedia":[{"embeddable":true,"href":"https:\/\/zakrasnejsivimperk.cz\/index.php?rest_route=\/wp\/v2\/media\/269609"}],"wp:attachment":[{"href":"https:\/\/zakrasnejsivimperk.cz\/index.php?rest_route=%2Fwp%2Fv2%2Fmedia&parent=269606"}],"wp:term":[{"taxonomy":"category","embeddable":true,"href":"https:\/\/zakrasnejsivimperk.cz\/index.php?rest_route=%2Fwp%2Fv2%2Fcategories&post=269606"},{"taxonomy":"post_tag","embeddable":true,"href":"https:\/\/zakrasnejsivimperk.cz\/index.php?rest_route=%2Fwp%2Fv2%2Ftags&post=269606"}],"curies":[{"name":"wp","href":"https:\/\/api.w.org\/{rel}","templated":true}]}}