{"id":269482,"date":"2022-12-14T16:14:45","date_gmt":"2022-12-14T15:14:45","guid":{"rendered":"https:\/\/zakrasnejsivimperk.cz\/?p=269482"},"modified":"2022-12-14T16:16:28","modified_gmt":"2022-12-14T15:16:28","slug":"jizni-cechy-take-letos-vyjedou-na-sve-trasy-zimni-spoje-ctyr-autobusovych-linek","status":"publish","type":"post","link":"https:\/\/zakrasnejsivimperk.cz\/?p=269482","title":{"rendered":"JI\u017dN\u00cd \u010cECHY: Tak\u00e9 letos vyjedou na sv\u00e9 trasy \u010dty\u0159i zimn\u00ed autobusov\u00e9 linky"},"content":{"rendered":"<p><img loading=\"lazy\" decoding=\"async\" class=\"aligncenter wp-image-269487 size-full\" src=\"https:\/\/zakrasnejsivimperk.cz\/wp-content\/uploads\/2022\/12\/14\/skibus.jpg\" alt=\"\" width=\"994\" height=\"429\" srcset=\"https:\/\/zakrasnejsivimperk.cz\/wp-content\/uploads\/2022\/12\/14\/skibus.jpg 994w, https:\/\/zakrasnejsivimperk.cz\/wp-content\/uploads\/2022\/12\/14\/skibus-300x129.jpg 300w, https:\/\/zakrasnejsivimperk.cz\/wp-content\/uploads\/2022\/12\/14\/skibus-768x331.jpg 768w, https:\/\/zakrasnejsivimperk.cz\/wp-content\/uploads\/2022\/12\/14\/skibus-827x357.jpg 827w\" sizes=\"(max-width: 994px) 100vw, 994px\" \/><\/p>\n<p>&nbsp;<\/p>\n<h6>Letos vyjedou na sv\u00e9 trasy op\u011bt zimn\u00ed spoje \u010dty\u0159 linek. Umo\u017e\u0148uj\u00ed p\u0159epravu zimn\u00edho vybaven\u00ed. V provozu budou od 17. prosince 2022 do 19. b\u0159ezna 2023 a spoj\u00ed v\u011bt\u0161inu velk\u00fdch region\u00e1ln\u00edch m\u011bst se zimn\u00edmi lokacemi Jiho\u010desk\u00e9ho kraje. Potvrdil to n\u00e1m\u011bstek hejtmana pro oblast dopravy Anton\u00edn Kr\u00e1k.<\/h6>\n<p><em><img loading=\"lazy\" decoding=\"async\" class=\"size-medium wp-image-200261 alignright\" src=\"https:\/\/zakrasnejsivimperk.cz\/wp-content\/uploads\/2020\/08\/14\/jiho\u010desk\u00fd-kraj3-logo-xx-300x136.jpg\" alt=\"\" width=\"300\" height=\"136\" srcset=\"https:\/\/zakrasnejsivimperk.cz\/wp-content\/uploads\/2020\/08\/14\/jiho\u010desk\u00fd-kraj3-logo-xx-300x136.jpg 300w, https:\/\/zakrasnejsivimperk.cz\/wp-content\/uploads\/2020\/08\/14\/jiho\u010desk\u00fd-kraj3-logo-xx-768x349.jpg 768w, https:\/\/zakrasnejsivimperk.cz\/wp-content\/uploads\/2020\/08\/14\/jiho\u010desk\u00fd-kraj3-logo-xx-786x357.jpg 786w, https:\/\/zakrasnejsivimperk.cz\/wp-content\/uploads\/2020\/08\/14\/jiho\u010desk\u00fd-kraj3-logo-xx.jpg 881w\" sizes=\"(max-width: 300px) 100vw, 300px\" \/>\u201eKonkr\u00e9tn\u011b se jedn\u00e1 o spojen\u00ed \u010cesk\u00fdch Bud\u011bjovic a \u010cesk\u00e9ho Krumlova s Lipnem nad Vltavou. Tato linka krom\u011b v\u00edkendov\u00e9ho provozu pojede i v obdob\u00ed jarn\u00edch pr\u00e1zdnin pro tyto dva okresy. Cestuj\u00edc\u00ed, kte\u0159\u00ed se prok\u00e1\u017eou platn\u00fdm j\u00edzdn\u00edm dokladem, maj\u00ed n\u00e1rok na slevu 30 % z jednodenn\u00edho skipasu ve skiare\u00e1lu Lipno, kde je pro n\u00e1v\u0161t\u011bvn\u00edky p\u0159ipraveno mnoho zaj\u00edmav\u00fdch aktivit,<\/em>\u201c uvedl Kr\u00e1k a dodal, \u017ee druh\u00e1 linka spoj\u00ed \u010cesk\u00e9 Bud\u011bjovice, Prachatice a Vimperk se \u0161umavsk\u00fdm Zadovem. Zimn\u00ed spoje budou jezdit ve v\u00edkendov\u00e9m provozu. Cestuj\u00edc\u00ed s platn\u00fdm j\u00edzdn\u00edm dokladem budou m\u00edt n\u00e1rok na 20% slevu z jednodenn\u00edho skipasu v Ly\u017ea\u0159sk\u00e9m are\u00e1lu Zadov (Are\u00e1l Kobyla a Lanov\u00e1 dr\u00e1ha Zadov-Chur\u00e1\u0148ov).<\/p>\n<p>T\u0159et\u00ed linka pak podle n\u00e1m\u011bstka Kr\u00e1ka spoj\u00ed T\u00e1bor, P\u00edsek, Strakonice a Vimperk s \u0161umavsk\u00fdm centrem Kvildou. Zimn\u00ed spoje budou jezdit v r\u00e1mci v\u00edkendov\u00e9ho provozu. I z t\u00e9to linky budou m\u00edt cestuj\u00edc\u00ed po p\u0159edlo\u017een\u00ed platn\u00e9ho j\u00edzdn\u00edho dokladu slevu 20 % z jednodenn\u00edho skipasu na vleku Nov\u00e9 Hut\u011b a ve Skiare\u00e1lu Kvilda. Ve Vimperku bude umo\u017en\u011bn vz\u00e1jemn\u00fd p\u0159estup mezi linkou na Kvildu a linkou na Zadov, a to jak rann\u00ed cestou tam, tak odpoledn\u00ed cestou zp\u011bt.<\/p>\n<p>Posledn\u00ed linka leto\u0161n\u00edho syst\u00e9mu bude tvo\u0159ena linkou z \u010cesk\u00fdch Bud\u011bjovic, p\u0159es Trhov\u00e9 Sviny na Hojnou Vodu v Novohradsk\u00fdch hor\u00e1ch, kde se nach\u00e1z\u00ed upraven\u00e9 stopy pro b\u011b\u017eeck\u00e9 ly\u017eov\u00e1n\u00ed. Spoje umo\u017e\u0148uj\u00edc\u00ed p\u0159epravu zimn\u00edho vybaven\u00ed budou takt\u00e9\u017e ve v\u00edkendov\u00e9m provozu.<\/p>\n<p>Na syst\u00e9mu Jiho\u010desk\u00fdch zimn\u00edch linek bude uplat\u0148ov\u00e1n smluvn\u00ed tarif dopravc\u016f (tj. jednotn\u00fd tarif Jiho\u010desk\u00e9ho kraje) a bude zde akceptov\u00e1na Jiho\u010desk\u00e1 j\u00edzdenka JIKORD plus, kter\u00e1 nab\u00edz\u00ed zv\u00fdhodn\u011bn\u00e9 cestov\u00e1n\u00ed p\u0159edev\u0161\u00edm pro rodiny \u010di skupiny dvou osob.<\/p>\n<p>Nejen autobusy, ale i vlaky jsou pro z\u00e1jemce p\u0159ipraveny k doprav\u011b za zimn\u00edmi radov\u00e1nkami a sportem. Pravideln\u00fdmi vlaky se dostanou bez probl\u00e9m\u016f a\u017e do nitra N\u00e1rodn\u00edho parku \u0160umava k v\u00fdchodi\u0161t\u00edm b\u011b\u017eeck\u00fdch stop \u010di turistick\u00fdch tras. Vlaky jsou o v\u00edkendech a st\u00e1tn\u00edch sv\u00e1tc\u00edch v provozu zhruba ka\u017ed\u00e9 dv\u011b hodiny na trat\u00edch \u010cesk\u00e9 Bud\u011bjovice-\u010cern\u00fd K\u0159\u00ed\u017e, \u010c\u00ed\u010denice-Nov\u00e9 \u00dadol\u00ed a Strakonice-Volary. K Lipnu a do oblasti Vy\u0161\u0161\u00edho Brodu a \u010certovy st\u011bny se dostanete bez probl\u00e9m\u016f vlakem p\u0159es Rybn\u00edk. Do Rybn\u00edka dojedete osobn\u00edm, sp\u011b\u0161n\u00fdm nebo EC vlakem s j\u00eddeln\u00edm vozem a odtud lok\u00e1lkou a\u017e pod hr\u00e1z Lipensk\u00e9 n\u00e1dr\u017ee.<\/p>\n<p>M\u00e1te r\u00e1di p\u011b\u0161\u00ed turistiku a nevyhled\u00e1v\u00e1te horsk\u00e9 lokality? Na mnoho kr\u00e1sn\u00fdch m\u00edst se o v\u00edkendech a st\u00e1tn\u00edch sv\u00e1tc\u00edch dostanete rovn\u011b\u017e region\u00e1ln\u00edmi vlaky, kter\u00e9 jedou na v\u011bt\u0161in\u011b trat\u00ed ka\u017ed\u00e9 dv\u011b hodiny a m\u016f\u017eete obdivovat nap\u0159\u00edklad kr\u00e1sy \u00fadol\u00ed Lu\u017enice z v\u00fdchodi\u0161\u0165 turistick\u00fdch tras od trat\u011b T\u00e1bor-Bechyn\u011b \u010di podh\u016f\u0159\u00ed Novohradsk\u00fdch hor od trat\u011b \u010cesk\u00e9 Bud\u011bjovice-\u010cesk\u00e9 Velenice.<\/p>\n<p><strong>(tz-j\u010d)<\/strong><\/p>\n<h6 style=\"text-align: center;\">J\u00edzdn\u00ed \u0159\u00e1dy ZDE:<\/h6>\n<h1 style=\"text-align: center;\"><a href=\"https:\/\/jikord.cz\/informace-pro-cestujici\/skibusy\/?fbclid=IwAR0yEZP0K-jqnJn58dxY31JRuTZi8mspC75yG7S0pNzM4EbmAn6c-ywU4k4\" target=\"_blank\" rel=\"noopener\">JIHO\u010cESK\u00c9 ZIMN\u00cd LINKY<\/a><\/h1>\n<hr \/>\n<p>&nbsp;<\/p>\n<p>&nbsp;<\/p>\n<p>&nbsp;<\/p>\n","protected":false},"excerpt":{"rendered":"<p>&nbsp; Letos <\/p>\n","protected":false},"author":2,"featured_media":269487,"comment_status":"open","ping_status":"open","sticky":false,"template":"","format":"gallery","meta":{"footnotes":""},"categories":[128],"tags":[],"jetpack_featured_media_url":"https:\/\/zakrasnejsivimperk.cz\/wp-content\/uploads\/2022\/12\/14\/skibus.jpg","_links":{"self":[{"href":"https:\/\/zakrasnejsivimperk.cz\/index.php?rest_route=\/wp\/v2\/posts\/269482"}],"collection":[{"href":"https:\/\/zakrasnejsivimperk.cz\/index.php?rest_route=\/wp\/v2\/posts"}],"about":[{"href":"https:\/\/zakrasnejsivimperk.cz\/index.php?rest_route=\/wp\/v2\/types\/post"}],"author":[{"embeddable":true,"href":"https:\/\/zakrasnejsivimperk.cz\/index.php?rest_route=\/wp\/v2\/users\/2"}],"replies":[{"embeddable":true,"href":"https:\/\/zakrasnejsivimperk.cz\/index.php?rest_route=%2Fwp%2Fv2%2Fcomments&post=269482"}],"version-history":[{"count":6,"href":"https:\/\/zakrasnejsivimperk.cz\/index.php?rest_route=\/wp\/v2\/posts\/269482\/revisions"}],"predecessor-version":[{"id":269490,"href":"https:\/\/zakrasnejsivimperk.cz\/index.php?rest_route=\/wp\/v2\/posts\/269482\/revisions\/269490"}],"wp:featuredmedia":[{"embeddable":true,"href":"https:\/\/zakrasnejsivimperk.cz\/index.php?rest_route=\/wp\/v2\/media\/269487"}],"wp:attachment":[{"href":"https:\/\/zakrasnejsivimperk.cz\/index.php?rest_route=%2Fwp%2Fv2%2Fmedia&parent=269482"}],"wp:term":[{"taxonomy":"category","embeddable":true,"href":"https:\/\/zakrasnejsivimperk.cz\/index.php?rest_route=%2Fwp%2Fv2%2Fcategories&post=269482"},{"taxonomy":"post_tag","embeddable":true,"href":"https:\/\/zakrasnejsivimperk.cz\/index.php?rest_route=%2Fwp%2Fv2%2Ftags&post=269482"}],"curies":[{"name":"wp","href":"https:\/\/api.w.org\/{rel}","templated":true}]}}