{"id":269412,"date":"2022-12-14T15:12:51","date_gmt":"2022-12-14T14:12:51","guid":{"rendered":"https:\/\/zakrasnejsivimperk.cz\/?p=269412"},"modified":"2022-12-18T14:16:45","modified_gmt":"2022-12-18T13:16:45","slug":"nase-mesto-vimperk-otazka-redakce-odpoved-radnice-5","status":"publish","type":"post","link":"https:\/\/zakrasnejsivimperk.cz\/?p=269412","title":{"rendered":"NA\u0160E M\u011aSTO VIMPERK: Ot\u00e1zka redakce \u2013 odpov\u011b\u010f radnice"},"content":{"rendered":"<p><img loading=\"lazy\" decoding=\"async\" class=\"aligncenter wp-image-249847 size-full\" src=\"https:\/\/zakrasnejsivimperk.cz\/wp-content\/uploads\/2022\/03\/19\/Logo-fb.jpg\" alt=\"\" width=\"800\" height=\"324\" srcset=\"https:\/\/zakrasnejsivimperk.cz\/wp-content\/uploads\/2022\/03\/19\/Logo-fb.jpg 800w, https:\/\/zakrasnejsivimperk.cz\/wp-content\/uploads\/2022\/03\/19\/Logo-fb-300x122.jpg 300w, https:\/\/zakrasnejsivimperk.cz\/wp-content\/uploads\/2022\/03\/19\/Logo-fb-768x311.jpg 768w\" sizes=\"(max-width: 800px) 100vw, 800px\" \/><\/p>\n<hr \/>\n<p>&nbsp;<\/p>\n<h4>Zeptali jsme se tajemn\u00edka M\u011bstsk\u00e9ho \u00fa\u0159adu Vimperk Jana T\u016eMY:<\/h4>\n<h6>Je pravda, \u017ee si radnice na sv\u016fj v\u00e1no\u010dn\u00ed ve\u010d\u00edrek objednala catering a\u017e z \u010cesk\u00fdch Bud\u011bjovic? Pokud ano, to se ve Vimperku a bl\u00edzk\u00e9m okol\u00ed nenajde firma, kter\u00e1 by spl\u0148ovala po\u017eadavky veden\u00ed m\u011bsta a odborov\u00e9 organizace na zaji\u0161t\u011bn\u00ed ob\u010derstven\u00ed zam\u011bstnanc\u016f radnice p\u0159i t\u00e9to akci? Je toto forma (ne)podpory m\u00edstn\u00edch podnikatel\u016f?<\/h6>\n<h4>Dostalo se n\u00e1m t\u00e9to odpov\u011bdi:<\/h4>\n<h6><em><img loading=\"lazy\" decoding=\"async\" class=\"alignright wp-image-267345\" src=\"https:\/\/zakrasnejsivimperk.cz\/wp-content\/uploads\/2022\/11\/16\/jan-t\u016fma-225x300.jpg\" alt=\"\" width=\"180\" height=\"240\" srcset=\"https:\/\/zakrasnejsivimperk.cz\/wp-content\/uploads\/2022\/11\/16\/jan-t\u016fma-225x300.jpg 225w, https:\/\/zakrasnejsivimperk.cz\/wp-content\/uploads\/2022\/11\/16\/jan-t\u016fma-768x1024.jpg 768w, https:\/\/zakrasnejsivimperk.cz\/wp-content\/uploads\/2022\/11\/16\/jan-t\u016fma-268x357.jpg 268w, https:\/\/zakrasnejsivimperk.cz\/wp-content\/uploads\/2022\/11\/16\/jan-t\u016fma-362x483.jpg 362w, https:\/\/zakrasnejsivimperk.cz\/wp-content\/uploads\/2022\/11\/16\/jan-t\u016fma.jpg 800w\" sizes=\"(max-width: 180px) 100vw, 180px\" \/>&#8220;Uspo\u0159\u00e1d\u00e1n\u00ed p\u0159edv\u00e1no\u010dn\u00edho setk\u00e1n\u00ed zam\u011bstnanc\u016f je ve standardn\u011b funguj\u00edc\u00edch spole\u010dnostech v\u00fdrazem pod\u011bkov\u00e1n\u00ed zam\u011bstnavatele sv\u00fdm zam\u011bstnanc\u016fm za odvedenou pr\u00e1ci v\u00a0uplynul\u00e9m roce. M\u011bstsk\u00fd \u00fa\u0159ad Vimperk a jeho organiza\u010dn\u00ed slo\u017eky nejsou v\u00a0tomto ohledu v\u00fdjimkou. V\u017edy up\u0159ednost\u0148ujeme uspo\u0159\u00e1d\u00e1n\u00ed t\u00e9to akce v\u00a0dom\u00e1c\u00edch podm\u00ednk\u00e1ch, v\u00a0s\u00e1le M\u011bstsk\u00e9ho kulturn\u00edho st\u0159ediska. V\u00a0uplynul\u00e9m obdob\u00ed do\u0161lo ke zm\u011bn\u011b n\u00e1jemce bufetu a p\u0159ilehl\u00fdch prostor z\u00e1zem\u00ed v\u00a0M\u011bstsk\u00e9m kulturn\u00edm st\u0159edisku. Nov\u00fdm n\u00e1jemcem se stalo Caf\u00e9 Mr\u00e1z, firma Ing. Zde\u0148ka Mr\u00e1ze, kter\u00e1 ve Vimperku p\u016fsob\u00ed. Jsem velice r\u00e1d, \u017ee do\u0161lo k\u00a0dohod\u011b firmy Ing. Zde\u0148ka Mr\u00e1ze &#8211; Caf\u00e9 Mr\u00e1z a firmy Hotel U Soln\u00e9 br\u00e1ny, jej\u00ed\u017e \u0161\u00e9f \u017eije a bydl\u00ed ve Vimperku, zajistit n\u00e1m ob\u010derstven\u00ed na p\u0159edv\u00e1no\u010dn\u00edm setk\u00e1n\u00ed zam\u011bstnanc\u016f. Ob\u011b firmy se spole\u010dn\u011b pod\u00edlely na hladk\u00e9m pr\u016fb\u011bhu akce, ka\u017ed\u00e1 sv\u00fdm d\u00edlem. Za to jim ob\u011bma pat\u0159\u00ed na\u0161e pod\u011bkov\u00e1n\u00ed. Bez vz\u00e1jemn\u00e9 sou\u010dinnosti obou firem by na\u0161e setk\u00e1n\u00ed, kter\u00e9 se konalo po 3 letech, nemohlo prob\u011bhnout k\u00a0pln\u00e9 spokojenosti 115 p\u0159\u00edtomn\u00fdch sou\u010dasn\u00fdch i b\u00fdval\u00fdch zam\u011bstnanc\u016f M\u011bstsk\u00e9ho \u00fa\u0159adu Vimperk a jeho organiza\u010dn\u00edch slo\u017eek.&#8221;<\/em><\/h6>\n<p>(red) \u2013 Za kr\u00e1sn\u011bj\u0161\u00ed Vimperk<\/p>\n<hr \/>\n<p>&nbsp;<\/p>\n<p>&nbsp;<\/p>\n","protected":false},"excerpt":{"rendered":"<p>&nbsp; Zeptali <\/p>\n","protected":false},"author":2,"featured_media":269417,"comment_status":"open","ping_status":"open","sticky":false,"template":"","format":"gallery","meta":{"footnotes":""},"categories":[120,108],"tags":[],"jetpack_featured_media_url":"https:\/\/zakrasnejsivimperk.cz\/wp-content\/uploads\/2022\/12\/13\/r\u00e1m-catering.jpg","_links":{"self":[{"href":"https:\/\/zakrasnejsivimperk.cz\/index.php?rest_route=\/wp\/v2\/posts\/269412"}],"collection":[{"href":"https:\/\/zakrasnejsivimperk.cz\/index.php?rest_route=\/wp\/v2\/posts"}],"about":[{"href":"https:\/\/zakrasnejsivimperk.cz\/index.php?rest_route=\/wp\/v2\/types\/post"}],"author":[{"embeddable":true,"href":"https:\/\/zakrasnejsivimperk.cz\/index.php?rest_route=\/wp\/v2\/users\/2"}],"replies":[{"embeddable":true,"href":"https:\/\/zakrasnejsivimperk.cz\/index.php?rest_route=%2Fwp%2Fv2%2Fcomments&post=269412"}],"version-history":[{"count":2,"href":"https:\/\/zakrasnejsivimperk.cz\/index.php?rest_route=\/wp\/v2\/posts\/269412\/revisions"}],"predecessor-version":[{"id":269418,"href":"https:\/\/zakrasnejsivimperk.cz\/index.php?rest_route=\/wp\/v2\/posts\/269412\/revisions\/269418"}],"wp:featuredmedia":[{"embeddable":true,"href":"https:\/\/zakrasnejsivimperk.cz\/index.php?rest_route=\/wp\/v2\/media\/269417"}],"wp:attachment":[{"href":"https:\/\/zakrasnejsivimperk.cz\/index.php?rest_route=%2Fwp%2Fv2%2Fmedia&parent=269412"}],"wp:term":[{"taxonomy":"category","embeddable":true,"href":"https:\/\/zakrasnejsivimperk.cz\/index.php?rest_route=%2Fwp%2Fv2%2Fcategories&post=269412"},{"taxonomy":"post_tag","embeddable":true,"href":"https:\/\/zakrasnejsivimperk.cz\/index.php?rest_route=%2Fwp%2Fv2%2Ftags&post=269412"}],"curies":[{"name":"wp","href":"https:\/\/api.w.org\/{rel}","templated":true}]}}