{"id":269214,"date":"2022-12-23T10:24:38","date_gmt":"2022-12-23T09:24:38","guid":{"rendered":"https:\/\/zakrasnejsivimperk.cz\/?p=269214"},"modified":"2022-12-23T18:46:53","modified_gmt":"2022-12-23T17:46:53","slug":"prectete-si-u-nas-zpravodaj-priorita-c-122022","status":"publish","type":"post","link":"https:\/\/zakrasnejsivimperk.cz\/?p=269214","title":{"rendered":"P\u0158E\u010cT\u011aTE SI U N\u00c1S: Zpravodaj Priorita &#8211; \u010d. 12\/2022"},"content":{"rendered":"<h6>Zpravodaj ve form\u00e1tu PDF m\u016f\u017eete \u010d\u00edst po kliknut\u00ed na obr\u00e1zek:<\/h6>\n<p>&nbsp;<\/p>\n<p><a href=\"https:\/\/zakrasnejsivimperk.cz\/wp-content\/uploads\/2022\/12\/10\/priorita-1222-1.pdf\" target=\"_blank\" rel=\"noopener\"><img loading=\"lazy\" decoding=\"async\" class=\"aligncenter wp-image-269215 size-full\" src=\"https:\/\/zakrasnejsivimperk.cz\/wp-content\/uploads\/2022\/12\/10\/priorita-1222-1.jpg\" alt=\"\" width=\"683\" height=\"974\" srcset=\"https:\/\/zakrasnejsivimperk.cz\/wp-content\/uploads\/2022\/12\/10\/priorita-1222-1.jpg 683w, https:\/\/zakrasnejsivimperk.cz\/wp-content\/uploads\/2022\/12\/10\/priorita-1222-1-210x300.jpg 210w, https:\/\/zakrasnejsivimperk.cz\/wp-content\/uploads\/2022\/12\/10\/priorita-1222-1-250x357.jpg 250w, https:\/\/zakrasnejsivimperk.cz\/wp-content\/uploads\/2022\/12\/10\/priorita-1222-1-339x483.jpg 339w\" sizes=\"(max-width: 683px) 100vw, 683px\" \/><\/a><\/p>\n<hr \/>\n<p>&nbsp;<\/p>\n<p>&nbsp;<\/p>\n","protected":false},"excerpt":{"rendered":"<p>Zpravodaj ve <\/p>\n","protected":false},"author":2,"featured_media":269217,"comment_status":"open","ping_status":"open","sticky":false,"template":"","format":"gallery","meta":{"footnotes":""},"categories":[120,37],"tags":[],"jetpack_featured_media_url":"https:\/\/zakrasnejsivimperk.cz\/wp-content\/uploads\/2022\/12\/10\/priorita-1222-2.jpg","_links":{"self":[{"href":"https:\/\/zakrasnejsivimperk.cz\/index.php?rest_route=\/wp\/v2\/posts\/269214"}],"collection":[{"href":"https:\/\/zakrasnejsivimperk.cz\/index.php?rest_route=\/wp\/v2\/posts"}],"about":[{"href":"https:\/\/zakrasnejsivimperk.cz\/index.php?rest_route=\/wp\/v2\/types\/post"}],"author":[{"embeddable":true,"href":"https:\/\/zakrasnejsivimperk.cz\/index.php?rest_route=\/wp\/v2\/users\/2"}],"replies":[{"embeddable":true,"href":"https:\/\/zakrasnejsivimperk.cz\/index.php?rest_route=%2Fwp%2Fv2%2Fcomments&post=269214"}],"version-history":[{"count":1,"href":"https:\/\/zakrasnejsivimperk.cz\/index.php?rest_route=\/wp\/v2\/posts\/269214\/revisions"}],"predecessor-version":[{"id":269218,"href":"https:\/\/zakrasnejsivimperk.cz\/index.php?rest_route=\/wp\/v2\/posts\/269214\/revisions\/269218"}],"wp:featuredmedia":[{"embeddable":true,"href":"https:\/\/zakrasnejsivimperk.cz\/index.php?rest_route=\/wp\/v2\/media\/269217"}],"wp:attachment":[{"href":"https:\/\/zakrasnejsivimperk.cz\/index.php?rest_route=%2Fwp%2Fv2%2Fmedia&parent=269214"}],"wp:term":[{"taxonomy":"category","embeddable":true,"href":"https:\/\/zakrasnejsivimperk.cz\/index.php?rest_route=%2Fwp%2Fv2%2Fcategories&post=269214"},{"taxonomy":"post_tag","embeddable":true,"href":"https:\/\/zakrasnejsivimperk.cz\/index.php?rest_route=%2Fwp%2Fv2%2Ftags&post=269214"}],"curies":[{"name":"wp","href":"https:\/\/api.w.org\/{rel}","templated":true}]}}