{"id":268965,"date":"2022-12-11T14:00:30","date_gmt":"2022-12-11T13:00:30","guid":{"rendered":"https:\/\/zakrasnejsivimperk.cz\/?p=268965"},"modified":"2022-12-11T14:01:17","modified_gmt":"2022-12-11T13:01:17","slug":"jizni-cechy-tradicni-stavba-voru-a-jejich-plaveni-po-rekach-nove-na-seznamu-unesco","status":"publish","type":"post","link":"https:\/\/zakrasnejsivimperk.cz\/?p=268965","title":{"rendered":"JI\u017dN\u00cd \u010cECHY: Stavba vor\u016f a jejich plaven\u00ed po \u0159ek\u00e1ch nov\u011b na seznamu UNESCO"},"content":{"rendered":"<p><img loading=\"lazy\" decoding=\"async\" class=\"aligncenter wp-image-268970 size-full\" src=\"https:\/\/zakrasnejsivimperk.cz\/wp-content\/uploads\/2022\/12\/07\/Plaveni_Vyssi-Brod_autor_TS-Lipenska.jpg\" alt=\"\" width=\"1032\" height=\"1350\" srcset=\"https:\/\/zakrasnejsivimperk.cz\/wp-content\/uploads\/2022\/12\/07\/Plaveni_Vyssi-Brod_autor_TS-Lipenska.jpg 1032w, https:\/\/zakrasnejsivimperk.cz\/wp-content\/uploads\/2022\/12\/07\/Plaveni_Vyssi-Brod_autor_TS-Lipenska-229x300.jpg 229w, https:\/\/zakrasnejsivimperk.cz\/wp-content\/uploads\/2022\/12\/07\/Plaveni_Vyssi-Brod_autor_TS-Lipenska-768x1005.jpg 768w, https:\/\/zakrasnejsivimperk.cz\/wp-content\/uploads\/2022\/12\/07\/Plaveni_Vyssi-Brod_autor_TS-Lipenska-783x1024.jpg 783w, https:\/\/zakrasnejsivimperk.cz\/wp-content\/uploads\/2022\/12\/07\/Plaveni_Vyssi-Brod_autor_TS-Lipenska-273x357.jpg 273w, https:\/\/zakrasnejsivimperk.cz\/wp-content\/uploads\/2022\/12\/07\/Plaveni_Vyssi-Brod_autor_TS-Lipenska-369x483.jpg 369w\" sizes=\"(max-width: 1032px) 100vw, 1032px\" \/><\/p>\n<p>&nbsp;<\/p>\n<h6>Vora\u0159stv\u00ed je po deseti letech ka\u017edoro\u010dn\u00edch \u017e\u00e1dost\u00ed od \u010dtvrtka 1. prosince 2022 zapsan\u00e9 na seznamu nehmotn\u00e9ho kulturn\u00edho d\u011bdictv\u00ed lidstva UNESCO. Spole\u010dn\u011b o to usilovali plavci a vora\u0159i nejen v \u010cesku, ale i v dal\u0161\u00edch p\u011bti evropsk\u00fdch zem\u00edch.<\/h6>\n<p><img loading=\"lazy\" decoding=\"async\" class=\"size-medium wp-image-119660 alignright\" src=\"https:\/\/zakrasnejsivimperk.cz\/wp-content\/uploads\/2018\/01\/11\/jccr-300x225.jpg\" alt=\"\" width=\"300\" height=\"225\" srcset=\"https:\/\/zakrasnejsivimperk.cz\/wp-content\/uploads\/2018\/01\/11\/jccr-300x225.jpg 300w, https:\/\/zakrasnejsivimperk.cz\/wp-content\/uploads\/2018\/01\/11\/jccr-768x576.jpg 768w, https:\/\/zakrasnejsivimperk.cz\/wp-content\/uploads\/2018\/01\/11\/jccr-476x357.jpg 476w, https:\/\/zakrasnejsivimperk.cz\/wp-content\/uploads\/2018\/01\/11\/jccr-644x483.jpg 644w, https:\/\/zakrasnejsivimperk.cz\/wp-content\/uploads\/2018\/01\/11\/jccr.jpg 800w\" sizes=\"(max-width: 300px) 100vw, 300px\" \/>P\u0159edlo\u017eilo ji je\u0161t\u011b mimo jin\u00e9 N\u011bmecko, Rakousko, Polsko, Loty\u0161sko nebo \u0160pan\u011blsko. Vora\u0159stv\u00ed je tak u\u017e osmou polo\u017ekou \u010cesk\u00e9 republiky na tomto seznamu. A kde jinde byste se s touto tradic\u00ed sezn\u00e1mili l\u00e9pe, ne\u017e v ji\u017en\u00edch \u010cech\u00e1ch?<\/p>\n<p>C\u00edlem seznamu UNESCO je odr\u00e1\u017eet rozmanitost nemateri\u00e1ln\u00edho d\u011bdictv\u00ed lidstva a tak\u00e9 p\u0159it\u00e1hnout pozornost k lety prov\u011b\u0159en\u00fdm dovednostem. V tomto p\u0159\u00edpad\u011b jde o tradi\u010dn\u00ed znalosti a dovednosti spojen\u00e9 se stavbou vor\u016f a jejich plaven\u00edm po \u0159ek\u00e1ch. K \u0159emeslu pat\u0159\u00ed ale i navigace po \u0159ece, plaveck\u00fd slang a p\u00edsn\u011b a r\u016fzn\u00e9 dal\u0161\u00ed zaj\u00edmavosti. Ty o\u017e\u00edvaj\u00ed p\u0159edev\u0161\u00edm d\u00edky spolk\u016fm, kter\u00e9 se sna\u017e\u00ed o zviditeln\u011bn\u00ed plavectv\u00ed a vora\u0159stv\u00ed jako takov\u00e9ho. D\u016fle\u017eit\u00e9 je podle nich zachov\u00e1vat n\u00e1zvoslov\u00ed, pracovn\u00ed postupy i stalet\u00e9 pojmy tohoto tradi\u010dn\u00edho \u0159emesla, kter\u00e9 zaniklo.<\/p>\n<p><em>\u201eZaps\u00e1n\u00ed na seznam UNESCO je vynikaj\u00edc\u00ed zpr\u00e1vou p\u0159edev\u0161\u00edm pro v\u0161echny nad\u0161ence, kte\u0159\u00ed vora\u0159skou tradici na jihu \u010cech udr\u017euj\u00ed,\u201c<\/em> \u0159\u00edk\u00e1 Petr Soukup, \u0159editel Jiho\u010desk\u00e9 centr\u00e1ly cestovn\u00edho ruchu.<em> \u201eT\u00edmto krokem z\u00edsk\u00e1 vora\u0159stv\u00ed na jihu mnohon\u00e1sobnou pozornost, kterou si pr\u00e1vem zaslou\u017e\u00ed. To, co je dnes sp\u00ed\u0161e kuriozitou, p\u0159edstavovalo \u017eivobyt\u00ed pro mnoho lid\u00ed v regionu. Ji\u017en\u00ed \u010cechy tak maj\u00ed dal\u0161\u00ed potvrzen\u00ed toho, \u017ee jsou naprosto v\u00fdjime\u010dn\u00fdm regionem.\u201c<\/em><\/p>\n<p>Nejstar\u0161\u00ed p\u00edsemn\u00e9 zm\u00ednky dokl\u00e1daj\u00edc\u00ed plaven\u00ed d\u0159eva v prostoru ji\u017en\u00edch \u010cech poch\u00e1zej\u00ed ji\u017e z prvn\u00ed t\u0159etiny 12. stolet\u00ed. Vltava se sv\u00fdmi \u010dty\u0159mi velk\u00fdmi p\u0159\u00edtoky: Otavou, Lu\u017enic\u00ed, Berounkou a S\u00e1zavou byla k rozvoji voroplavby doslova p\u0159edur\u010dena. Hlavn\u00edm d\u016fvodem vzr\u016fstaj\u00edc\u00edch snah po splavn\u011bn\u00ed horn\u00ed Vltavy, propojen\u00ed Vltavy a Dunaje a doprav\u011b do V\u00eddn\u011b a Prahy, byl chronick\u00fd nedostatek d\u0159eva ve velk\u00fdch m\u011bstech. Postupn\u011b se voroplavba stala jednozna\u010dn\u011b nejlacin\u011bj\u0161\u00edm zp\u016fsobem dopravy, jeho\u017e d\u016fle\u017eitost zvy\u0161ovala rostouc\u00ed spot\u0159eba stavebn\u00edho d\u0159eva, obchod se sol\u00ed a ostatn\u00edm artiklem.<\/p>\n<p>\u017de plaven\u00ed d\u0159eva bylo na jihu \u010cech prastar\u00fdm \u0159emeslem, dokazuje i mnoho odkaz\u016f v tomto regionu. Na \u0160umav\u011b se nach\u00e1z\u00ed nejv\u00fdznamn\u011bj\u0161\u00ed po\u010din t\u00e9to doby, a to Schwarzenbersk\u00fd kan\u00e1l. Je dlouh\u00fd 52 kilometr\u016f, z n\u011bho\u017e 44 kilometr\u016f je na Povod\u00ed Vltavy a zbyl\u00fdch osm na Povod\u00ed Dunaje. Doprava d\u0159\u00edv\u00ed k Vltav\u011b a d\u0159evoskladu v \u017delnav\u011b a pozd\u011bji v Nov\u00e9 Peci trvala do roku 1961 a v sedmdes\u00e1t\u00fdch letech byl zaps\u00e1n do seznamu nemovit\u00fdch technick\u00fdch pam\u00e1tek.<\/p>\n<p>Na jihu \u010cech na tradici vora\u0159stv\u00ed a plavby po Vltav\u011b navazuje nap\u0159\u00edklad nau\u010dn\u00e1 Potahov\u00e1 stezka pod\u00e9l Vltavy v T\u00fdn\u011b nad Vltavou, kter\u00e1 je celoro\u010dn\u011b p\u0159\u00edstupn\u00e1, m\u00e1 10 stanovi\u0161\u0165, vede po lev\u00e9m b\u0159ehu \u0159eky Vltavy proti proudu a d\u00e9lka jednosm\u011brn\u00e9 trasy je 4 km. Hlavn\u00edm \u00fakolem &#8220;potahov\u00e9 stezky&#8221; bylo zajistit bezpe\u010dn\u00fd n\u00e1vrat n\u00e1kladn\u00edch \u010dlun\u016f bu\u010f do \u010cesk\u00fdch Bud\u011bjovic nebo do T\u00fdna nad Vltavou, kde byly c\u00edsa\u0159sk\u00e9 solnice.<\/p>\n<p>Po stop\u00e1ch vora\u0159\u016f se m\u016f\u017eete vydat nap\u0159\u00edklad v Muzeu voroplavby v \u010cesk\u00e9m Krumlov\u011b, kter\u00e9 bylo letos nov\u011b otev\u0159eno. O tom, \u017ee se v \u010cesk\u00e9m Krumlov\u011b v\u011bnuj\u00ed vora\u0159stv\u00ed naplno, sv\u011bd\u010d\u00ed i ka\u017edoro\u010dn\u00ed akce Po stop\u00e1ch vltavsk\u00fdch plavc\u016f \u010di dv\u011b provozovny voroplavby (nenechte si uj\u00edt <a href=\"https:\/\/www.jiznicechy.cz\/kalendar\/7541-zimni-voroplavba\" target=\"_blank\" rel=\"noopener\"><strong>zimn\u00ed adventn\u00ed plavby<\/strong><\/a>). Dal\u0161\u00ed muzeum naleznete v Purkarci. Zalo\u017eili ho lesn\u00ed d\u011bln\u00edci pracuj\u00edc\u00ed v okoln\u00edch les\u00edch, kde d\u0159evo nejenom por\u00e1\u017eeli, ale tak\u00e9 p\u0159ipravovali pro dopravu po \u0159ece. Ohledn\u011b voroplavby na \u0159ece Otav\u011b je v letn\u00ed sez\u00f3n\u011b p\u0159ipraveno Muzeum \u0159eky Otavy a voroplavby ve St\u0159elsk\u00fdch Ho\u0161tic\u00edch. Unik\u00e1tn\u00ed dokument o vy\u0161ebrodsk\u00fdch vora\u0159\u00edch, historick\u00e9 fotografie i r\u016fzn\u00e9 v\u00fdletn\u00ed c\u00edle najdete na <a href=\"https:\/\/www.jiznicechy.cz\/top\/69-tradice-vorarstvi-v-jiznich-cechach?utm_source=Tiskovka&amp;utm_medium=web&amp;utm_campaign=vorarstvi\" target=\"_blank\" rel=\"noopener\"><strong>webu<\/strong><\/a> ji\u017en\u00ed \u010cechy.<\/p>\n<p>&nbsp;<\/p>\n<p><strong>Text a foto: (tz-jccr)<\/strong><\/p>\n<p>&nbsp;<\/p>\n<div id='gallery-1' class='gallery galleryid-268965 gallery-columns-3 gallery-size-medium'><figure class='gallery-item'>\n\t\t\t<div class='gallery-icon landscape'>\n\t\t\t\t<a href='https:\/\/zakrasnejsivimperk.cz\/?attachment_id=268967'><img loading=\"lazy\" decoding=\"async\" width=\"300\" height=\"199\" src=\"https:\/\/zakrasnejsivimperk.cz\/wp-content\/uploads\/2022\/12\/07\/Muzeum_Strelske_Hostice-300x199.jpg\" class=\"attachment-medium size-medium\" alt=\"\" srcset=\"https:\/\/zakrasnejsivimperk.cz\/wp-content\/uploads\/2022\/12\/07\/Muzeum_Strelske_Hostice-300x199.jpg 300w, https:\/\/zakrasnejsivimperk.cz\/wp-content\/uploads\/2022\/12\/07\/Muzeum_Strelske_Hostice-768x510.jpg 768w, https:\/\/zakrasnejsivimperk.cz\/wp-content\/uploads\/2022\/12\/07\/Muzeum_Strelske_Hostice-1024x680.jpg 1024w, https:\/\/zakrasnejsivimperk.cz\/wp-content\/uploads\/2022\/12\/07\/Muzeum_Strelske_Hostice-100x65.jpg 100w, https:\/\/zakrasnejsivimperk.cz\/wp-content\/uploads\/2022\/12\/07\/Muzeum_Strelske_Hostice-537x357.jpg 537w, https:\/\/zakrasnejsivimperk.cz\/wp-content\/uploads\/2022\/12\/07\/Muzeum_Strelske_Hostice-727x483.jpg 727w, https:\/\/zakrasnejsivimperk.cz\/wp-content\/uploads\/2022\/12\/07\/Muzeum_Strelske_Hostice.jpg 1040w\" sizes=\"(max-width: 300px) 100vw, 300px\" \/><\/a>\n\t\t\t<\/div><\/figure><figure class='gallery-item'>\n\t\t\t<div class='gallery-icon landscape'>\n\t\t\t\t<a href='https:\/\/zakrasnejsivimperk.cz\/?attachment_id=268968'><img loading=\"lazy\" decoding=\"async\" width=\"300\" height=\"176\" src=\"https:\/\/zakrasnejsivimperk.cz\/wp-content\/uploads\/2022\/12\/07\/Plaveni-dreva_Schwarzenbersky-kanal_autor_Hynek-Hladik-300x176.jpg\" class=\"attachment-medium size-medium\" alt=\"\" aria-describedby=\"gallery-1-268968\" srcset=\"https:\/\/zakrasnejsivimperk.cz\/wp-content\/uploads\/2022\/12\/07\/Plaveni-dreva_Schwarzenbersky-kanal_autor_Hynek-Hladik-300x176.jpg 300w, https:\/\/zakrasnejsivimperk.cz\/wp-content\/uploads\/2022\/12\/07\/Plaveni-dreva_Schwarzenbersky-kanal_autor_Hynek-Hladik-768x450.jpg 768w, https:\/\/zakrasnejsivimperk.cz\/wp-content\/uploads\/2022\/12\/07\/Plaveni-dreva_Schwarzenbersky-kanal_autor_Hynek-Hladik-1024x601.jpg 1024w, https:\/\/zakrasnejsivimperk.cz\/wp-content\/uploads\/2022\/12\/07\/Plaveni-dreva_Schwarzenbersky-kanal_autor_Hynek-Hladik-609x357.jpg 609w, https:\/\/zakrasnejsivimperk.cz\/wp-content\/uploads\/2022\/12\/07\/Plaveni-dreva_Schwarzenbersky-kanal_autor_Hynek-Hladik-823x483.jpg 823w, https:\/\/zakrasnejsivimperk.cz\/wp-content\/uploads\/2022\/12\/07\/Plaveni-dreva_Schwarzenbersky-kanal_autor_Hynek-Hladik.jpg 1040w\" sizes=\"(max-width: 300px) 100vw, 300px\" \/><\/a>\n\t\t\t<\/div>\n\t\t\t\t<figcaption class='wp-caption-text gallery-caption' id='gallery-1-268968'>\n\t\t\t\tOLYMPUS DIGITAL CAMERA\n\t\t\t\t<\/figcaption><\/figure><figure class='gallery-item'>\n\t\t\t<div class='gallery-icon portrait'>\n\t\t\t\t<a href='https:\/\/zakrasnejsivimperk.cz\/?attachment_id=268969'><img loading=\"lazy\" decoding=\"async\" width=\"223\" height=\"300\" src=\"https:\/\/zakrasnejsivimperk.cz\/wp-content\/uploads\/2022\/12\/07\/Plaveni_Rozmberk_autor_TS-Lipenska-223x300.jpg\" class=\"attachment-medium size-medium\" alt=\"\" srcset=\"https:\/\/zakrasnejsivimperk.cz\/wp-content\/uploads\/2022\/12\/07\/Plaveni_Rozmberk_autor_TS-Lipenska-223x300.jpg 223w, https:\/\/zakrasnejsivimperk.cz\/wp-content\/uploads\/2022\/12\/07\/Plaveni_Rozmberk_autor_TS-Lipenska-768x1035.jpg 768w, https:\/\/zakrasnejsivimperk.cz\/wp-content\/uploads\/2022\/12\/07\/Plaveni_Rozmberk_autor_TS-Lipenska-760x1024.jpg 760w, https:\/\/zakrasnejsivimperk.cz\/wp-content\/uploads\/2022\/12\/07\/Plaveni_Rozmberk_autor_TS-Lipenska-265x357.jpg 265w, https:\/\/zakrasnejsivimperk.cz\/wp-content\/uploads\/2022\/12\/07\/Plaveni_Rozmberk_autor_TS-Lipenska-358x483.jpg 358w, https:\/\/zakrasnejsivimperk.cz\/wp-content\/uploads\/2022\/12\/07\/Plaveni_Rozmberk_autor_TS-Lipenska.jpg 1017w\" sizes=\"(max-width: 223px) 100vw, 223px\" \/><\/a>\n\t\t\t<\/div><\/figure><figure class='gallery-item'>\n\t\t\t<div class='gallery-icon portrait'>\n\t\t\t\t<a href='https:\/\/zakrasnejsivimperk.cz\/?attachment_id=268970'><img loading=\"lazy\" decoding=\"async\" width=\"229\" height=\"300\" src=\"https:\/\/zakrasnejsivimperk.cz\/wp-content\/uploads\/2022\/12\/07\/Plaveni_Vyssi-Brod_autor_TS-Lipenska-229x300.jpg\" class=\"attachment-medium size-medium\" alt=\"\" srcset=\"https:\/\/zakrasnejsivimperk.cz\/wp-content\/uploads\/2022\/12\/07\/Plaveni_Vyssi-Brod_autor_TS-Lipenska-229x300.jpg 229w, https:\/\/zakrasnejsivimperk.cz\/wp-content\/uploads\/2022\/12\/07\/Plaveni_Vyssi-Brod_autor_TS-Lipenska-768x1005.jpg 768w, https:\/\/zakrasnejsivimperk.cz\/wp-content\/uploads\/2022\/12\/07\/Plaveni_Vyssi-Brod_autor_TS-Lipenska-783x1024.jpg 783w, https:\/\/zakrasnejsivimperk.cz\/wp-content\/uploads\/2022\/12\/07\/Plaveni_Vyssi-Brod_autor_TS-Lipenska-273x357.jpg 273w, https:\/\/zakrasnejsivimperk.cz\/wp-content\/uploads\/2022\/12\/07\/Plaveni_Vyssi-Brod_autor_TS-Lipenska-369x483.jpg 369w, https:\/\/zakrasnejsivimperk.cz\/wp-content\/uploads\/2022\/12\/07\/Plaveni_Vyssi-Brod_autor_TS-Lipenska.jpg 1032w\" sizes=\"(max-width: 229px) 100vw, 229px\" \/><\/a>\n\t\t\t<\/div><\/figure><figure class='gallery-item'>\n\t\t\t<div class='gallery-icon landscape'>\n\t\t\t\t<a href='https:\/\/zakrasnejsivimperk.cz\/?attachment_id=268971'><img loading=\"lazy\" decoding=\"async\" width=\"300\" height=\"225\" src=\"https:\/\/zakrasnejsivimperk.cz\/wp-content\/uploads\/2022\/12\/07\/Potahova_stezka_Tyn_nad_Vltavou-300x225.jpg\" class=\"attachment-medium size-medium\" alt=\"\" srcset=\"https:\/\/zakrasnejsivimperk.cz\/wp-content\/uploads\/2022\/12\/07\/Potahova_stezka_Tyn_nad_Vltavou-300x225.jpg 300w, https:\/\/zakrasnejsivimperk.cz\/wp-content\/uploads\/2022\/12\/07\/Potahova_stezka_Tyn_nad_Vltavou-768x576.jpg 768w, https:\/\/zakrasnejsivimperk.cz\/wp-content\/uploads\/2022\/12\/07\/Potahova_stezka_Tyn_nad_Vltavou-1024x768.jpg 1024w, https:\/\/zakrasnejsivimperk.cz\/wp-content\/uploads\/2022\/12\/07\/Potahova_stezka_Tyn_nad_Vltavou-476x357.jpg 476w, https:\/\/zakrasnejsivimperk.cz\/wp-content\/uploads\/2022\/12\/07\/Potahova_stezka_Tyn_nad_Vltavou-644x483.jpg 644w, https:\/\/zakrasnejsivimperk.cz\/wp-content\/uploads\/2022\/12\/07\/Potahova_stezka_Tyn_nad_Vltavou.jpg 1040w\" sizes=\"(max-width: 300px) 100vw, 300px\" \/><\/a>\n\t\t\t<\/div><\/figure><figure class='gallery-item'>\n\t\t\t<div class='gallery-icon landscape'>\n\t\t\t\t<a href='https:\/\/zakrasnejsivimperk.cz\/?attachment_id=268972'><img loading=\"lazy\" decoding=\"async\" width=\"300\" height=\"240\" src=\"https:\/\/zakrasnejsivimperk.cz\/wp-content\/uploads\/2022\/12\/07\/Voroplavba_Malecek-Rafting_Cesky-Krumlov-300x240.jpg\" class=\"attachment-medium size-medium\" alt=\"\" srcset=\"https:\/\/zakrasnejsivimperk.cz\/wp-content\/uploads\/2022\/12\/07\/Voroplavba_Malecek-Rafting_Cesky-Krumlov-300x240.jpg 300w, https:\/\/zakrasnejsivimperk.cz\/wp-content\/uploads\/2022\/12\/07\/Voroplavba_Malecek-Rafting_Cesky-Krumlov-768x614.jpg 768w, https:\/\/zakrasnejsivimperk.cz\/wp-content\/uploads\/2022\/12\/07\/Voroplavba_Malecek-Rafting_Cesky-Krumlov-1024x819.jpg 1024w, https:\/\/zakrasnejsivimperk.cz\/wp-content\/uploads\/2022\/12\/07\/Voroplavba_Malecek-Rafting_Cesky-Krumlov-446x357.jpg 446w, https:\/\/zakrasnejsivimperk.cz\/wp-content\/uploads\/2022\/12\/07\/Voroplavba_Malecek-Rafting_Cesky-Krumlov-604x483.jpg 604w, https:\/\/zakrasnejsivimperk.cz\/wp-content\/uploads\/2022\/12\/07\/Voroplavba_Malecek-Rafting_Cesky-Krumlov.jpg 1040w\" sizes=\"(max-width: 300px) 100vw, 300px\" \/><\/a>\n\t\t\t<\/div><\/figure>\n\t\t<\/div>\n\n<p>&nbsp;<\/p>\n<p>&nbsp;<\/p>\n","protected":false},"excerpt":{"rendered":"<p>&nbsp; Vora\u0159stv\u00ed <\/p>\n","protected":false},"author":2,"featured_media":268973,"comment_status":"open","ping_status":"open","sticky":false,"template":"","format":"gallery","meta":{"footnotes":""},"categories":[24],"tags":[],"jetpack_featured_media_url":"https:\/\/zakrasnejsivimperk.cz\/wp-content\/uploads\/2022\/12\/07\/Plaveni_Rozmberk_autor_TS-Lipenska-tit.jpg","_links":{"self":[{"href":"https:\/\/zakrasnejsivimperk.cz\/index.php?rest_route=\/wp\/v2\/posts\/268965"}],"collection":[{"href":"https:\/\/zakrasnejsivimperk.cz\/index.php?rest_route=\/wp\/v2\/posts"}],"about":[{"href":"https:\/\/zakrasnejsivimperk.cz\/index.php?rest_route=\/wp\/v2\/types\/post"}],"author":[{"embeddable":true,"href":"https:\/\/zakrasnejsivimperk.cz\/index.php?rest_route=\/wp\/v2\/users\/2"}],"replies":[{"embeddable":true,"href":"https:\/\/zakrasnejsivimperk.cz\/index.php?rest_route=%2Fwp%2Fv2%2Fcomments&post=268965"}],"version-history":[{"count":3,"href":"https:\/\/zakrasnejsivimperk.cz\/index.php?rest_route=\/wp\/v2\/posts\/268965\/revisions"}],"predecessor-version":[{"id":269284,"href":"https:\/\/zakrasnejsivimperk.cz\/index.php?rest_route=\/wp\/v2\/posts\/268965\/revisions\/269284"}],"wp:featuredmedia":[{"embeddable":true,"href":"https:\/\/zakrasnejsivimperk.cz\/index.php?rest_route=\/wp\/v2\/media\/268973"}],"wp:attachment":[{"href":"https:\/\/zakrasnejsivimperk.cz\/index.php?rest_route=%2Fwp%2Fv2%2Fmedia&parent=268965"}],"wp:term":[{"taxonomy":"category","embeddable":true,"href":"https:\/\/zakrasnejsivimperk.cz\/index.php?rest_route=%2Fwp%2Fv2%2Fcategories&post=268965"},{"taxonomy":"post_tag","embeddable":true,"href":"https:\/\/zakrasnejsivimperk.cz\/index.php?rest_route=%2Fwp%2Fv2%2Ftags&post=268965"}],"curies":[{"name":"wp","href":"https:\/\/api.w.org\/{rel}","templated":true}]}}