{"id":267654,"date":"2022-11-20T15:31:53","date_gmt":"2022-11-20T14:31:53","guid":{"rendered":"https:\/\/zakrasnejsivimperk.cz\/?p=267654"},"modified":"2022-11-21T14:33:08","modified_gmt":"2022-11-21T13:33:08","slug":"nase-mesto-vimperk-prvni-snih-nastupujici-zimy-9","status":"publish","type":"post","link":"https:\/\/zakrasnejsivimperk.cz\/?p=267654","title":{"rendered":"NA\u0160E M\u011aSTO VIMPERK: Prvn\u00ed sn\u00edh nastupuj\u00edc\u00ed zimy"},"content":{"rendered":"<figure id=\"attachment_267655\" aria-describedby=\"caption-attachment-267655\" style=\"width: 911px\" class=\"wp-caption aligncenter\"><img loading=\"lazy\" decoding=\"async\" class=\"wp-image-267655 size-full\" src=\"https:\/\/zakrasnejsivimperk.cz\/wp-content\/uploads\/2022\/11\/20\/vpk-201122-7.jpg\" alt=\"\" width=\"911\" height=\"1100\" srcset=\"https:\/\/zakrasnejsivimperk.cz\/wp-content\/uploads\/2022\/11\/20\/vpk-201122-7.jpg 911w, https:\/\/zakrasnejsivimperk.cz\/wp-content\/uploads\/2022\/11\/20\/vpk-201122-7-248x300.jpg 248w, https:\/\/zakrasnejsivimperk.cz\/wp-content\/uploads\/2022\/11\/20\/vpk-201122-7-768x927.jpg 768w, https:\/\/zakrasnejsivimperk.cz\/wp-content\/uploads\/2022\/11\/20\/vpk-201122-7-848x1024.jpg 848w, https:\/\/zakrasnejsivimperk.cz\/wp-content\/uploads\/2022\/11\/20\/vpk-201122-7-296x357.jpg 296w, https:\/\/zakrasnejsivimperk.cz\/wp-content\/uploads\/2022\/11\/20\/vpk-201122-7-400x483.jpg 400w\" sizes=\"(max-width: 911px) 100vw, 911px\" \/><figcaption id=\"caption-attachment-267655\" class=\"wp-caption-text\">Foto: (red) &#8211; Za kr\u00e1sn\u011bj\u0161\u00ed Vimperk<\/figcaption><\/figure>\n<hr \/>\n<p>&nbsp;<\/p>\n<p>&nbsp;<\/p>\n<p>&nbsp;<\/p>\n","protected":false},"excerpt":{"rendered":"<p>&nbsp; &nbsp; <\/p>\n","protected":false},"author":2,"featured_media":267655,"comment_status":"open","ping_status":"open","sticky":false,"template":"","format":"gallery","meta":{"footnotes":""},"categories":[171],"tags":[],"jetpack_featured_media_url":"https:\/\/zakrasnejsivimperk.cz\/wp-content\/uploads\/2022\/11\/20\/vpk-201122-7.jpg","_links":{"self":[{"href":"https:\/\/zakrasnejsivimperk.cz\/index.php?rest_route=\/wp\/v2\/posts\/267654"}],"collection":[{"href":"https:\/\/zakrasnejsivimperk.cz\/index.php?rest_route=\/wp\/v2\/posts"}],"about":[{"href":"https:\/\/zakrasnejsivimperk.cz\/index.php?rest_route=\/wp\/v2\/types\/post"}],"author":[{"embeddable":true,"href":"https:\/\/zakrasnejsivimperk.cz\/index.php?rest_route=\/wp\/v2\/users\/2"}],"replies":[{"embeddable":true,"href":"https:\/\/zakrasnejsivimperk.cz\/index.php?rest_route=%2Fwp%2Fv2%2Fcomments&post=267654"}],"version-history":[{"count":1,"href":"https:\/\/zakrasnejsivimperk.cz\/index.php?rest_route=\/wp\/v2\/posts\/267654\/revisions"}],"predecessor-version":[{"id":267656,"href":"https:\/\/zakrasnejsivimperk.cz\/index.php?rest_route=\/wp\/v2\/posts\/267654\/revisions\/267656"}],"wp:featuredmedia":[{"embeddable":true,"href":"https:\/\/zakrasnejsivimperk.cz\/index.php?rest_route=\/wp\/v2\/media\/267655"}],"wp:attachment":[{"href":"https:\/\/zakrasnejsivimperk.cz\/index.php?rest_route=%2Fwp%2Fv2%2Fmedia&parent=267654"}],"wp:term":[{"taxonomy":"category","embeddable":true,"href":"https:\/\/zakrasnejsivimperk.cz\/index.php?rest_route=%2Fwp%2Fv2%2Fcategories&post=267654"},{"taxonomy":"post_tag","embeddable":true,"href":"https:\/\/zakrasnejsivimperk.cz\/index.php?rest_route=%2Fwp%2Fv2%2Ftags&post=267654"}],"curies":[{"name":"wp","href":"https:\/\/api.w.org\/{rel}","templated":true}]}}