{"id":267399,"date":"2022-11-16T23:03:12","date_gmt":"2022-11-16T22:03:12","guid":{"rendered":"https:\/\/zakrasnejsivimperk.cz\/?p=267399"},"modified":"2022-11-17T11:03:05","modified_gmt":"2022-11-17T10:03:05","slug":"nase-mesto-vimperk-fotografie-ze-stareho-alba-vimperska-devadesata","status":"publish","type":"post","link":"https:\/\/zakrasnejsivimperk.cz\/?p=267399","title":{"rendered":"NA\u0160E M\u011aSTO VIMPERK: Fotografie ze star\u00e9ho alba &#8211; Vimpersk\u00e1 devades\u00e1t\u00e1"},"content":{"rendered":"<h6 style=\"text-align: center;\">\u00da\u010dastn\u00edci turnaje v s\u00e1lov\u00e9 kopan\u00e9, kter\u00fd se hr\u00e1l v t\u011blocvi\u010dn\u011b Z\u00e1kladn\u00ed \u0161koly Smetanova.<\/h6>\n<p>&nbsp;<\/p>\n<figure style=\"width: 978px\" class=\"wp-caption aligncenter\"><img loading=\"lazy\" decoding=\"async\" class=\"wp-image-267400 size-full\" src=\"https:\/\/zakrasnejsivimperk.cz\/wp-content\/uploads\/2022\/11\/16\/vpk-devades\u00e1t\u00e1-1.jpg\" alt=\"\" width=\"978\" height=\"663\" srcset=\"https:\/\/zakrasnejsivimperk.cz\/wp-content\/uploads\/2022\/11\/16\/vpk-devades\u00e1t\u00e1-1.jpg 978w, https:\/\/zakrasnejsivimperk.cz\/wp-content\/uploads\/2022\/11\/16\/vpk-devades\u00e1t\u00e1-1-300x203.jpg 300w, https:\/\/zakrasnejsivimperk.cz\/wp-content\/uploads\/2022\/11\/16\/vpk-devades\u00e1t\u00e1-1-768x521.jpg 768w, https:\/\/zakrasnejsivimperk.cz\/wp-content\/uploads\/2022\/11\/16\/vpk-devades\u00e1t\u00e1-1-527x357.jpg 527w, https:\/\/zakrasnejsivimperk.cz\/wp-content\/uploads\/2022\/11\/16\/vpk-devades\u00e1t\u00e1-1-712x483.jpg 712w\" sizes=\"(max-width: 978px) 100vw, 978px\" \/><figcaption class=\"wp-caption-text\">Foto: Zden\u011bk JUNGVIRT<\/figcaption><\/figure>\n<p>&nbsp;<\/p>\n<\/div>\n<p style=\"text-align: center;\"><strong>Autor u\u017e nezn\u00e1 p\u0159esnou dataci tohoto a dal\u0161\u00edch zde pod t\u00edmto titulkem zve\u0159ej\u0148ovan\u00fdch sn\u00edmk\u016f, p\u0159esto se domn\u00edv\u00e1, \u017ee by nem\u011bly z\u016fstat pouze v jeho archivu, ale \u017ee mohou zaj\u00edmat i mnoh\u00e9 \u010dten\u00e1\u0159e.<\/strong><\/p>\n<hr \/>\n<p>&nbsp;<\/p>\n<p>&nbsp;<\/p>\n<p>&nbsp;<\/p>\n","protected":false},"excerpt":{"rendered":"<p>\u00da\u010dastn\u00edci turnaje <\/p>\n","protected":false},"author":2,"featured_media":267401,"comment_status":"open","ping_status":"open","sticky":false,"template":"","format":"gallery","meta":{"footnotes":""},"categories":[74],"tags":[],"jetpack_featured_media_url":"https:\/\/zakrasnejsivimperk.cz\/wp-content\/uploads\/2022\/11\/16\/r\u00e1m-fotbal.jpg","_links":{"self":[{"href":"https:\/\/zakrasnejsivimperk.cz\/index.php?rest_route=\/wp\/v2\/posts\/267399"}],"collection":[{"href":"https:\/\/zakrasnejsivimperk.cz\/index.php?rest_route=\/wp\/v2\/posts"}],"about":[{"href":"https:\/\/zakrasnejsivimperk.cz\/index.php?rest_route=\/wp\/v2\/types\/post"}],"author":[{"embeddable":true,"href":"https:\/\/zakrasnejsivimperk.cz\/index.php?rest_route=\/wp\/v2\/users\/2"}],"replies":[{"embeddable":true,"href":"https:\/\/zakrasnejsivimperk.cz\/index.php?rest_route=%2Fwp%2Fv2%2Fcomments&post=267399"}],"version-history":[{"count":3,"href":"https:\/\/zakrasnejsivimperk.cz\/index.php?rest_route=\/wp\/v2\/posts\/267399\/revisions"}],"predecessor-version":[{"id":267405,"href":"https:\/\/zakrasnejsivimperk.cz\/index.php?rest_route=\/wp\/v2\/posts\/267399\/revisions\/267405"}],"wp:featuredmedia":[{"embeddable":true,"href":"https:\/\/zakrasnejsivimperk.cz\/index.php?rest_route=\/wp\/v2\/media\/267401"}],"wp:attachment":[{"href":"https:\/\/zakrasnejsivimperk.cz\/index.php?rest_route=%2Fwp%2Fv2%2Fmedia&parent=267399"}],"wp:term":[{"taxonomy":"category","embeddable":true,"href":"https:\/\/zakrasnejsivimperk.cz\/index.php?rest_route=%2Fwp%2Fv2%2Fcategories&post=267399"},{"taxonomy":"post_tag","embeddable":true,"href":"https:\/\/zakrasnejsivimperk.cz\/index.php?rest_route=%2Fwp%2Fv2%2Ftags&post=267399"}],"curies":[{"name":"wp","href":"https:\/\/api.w.org\/{rel}","templated":true}]}}