{"id":266711,"date":"2022-11-08T12:05:56","date_gmt":"2022-11-08T11:05:56","guid":{"rendered":"https:\/\/zakrasnejsivimperk.cz\/?p=266711"},"modified":"2022-11-09T13:16:07","modified_gmt":"2022-11-09T12:16:07","slug":"nase-mesto-vimperk-opraveno-ad-varovani-rodicum-malych-deti-vyzva-nasi-radnici-nebezpeci-ciha-na-mustku-pres-volynku","status":"publish","type":"post","link":"https:\/\/zakrasnejsivimperk.cz\/?p=266711","title":{"rendered":"NA\u0160E M\u011aSTO VIMPERK: Opraveno &#8211; ad Varov\u00e1n\u00ed rodi\u010d\u016fm mal\u00fdch d\u011bt\u00ed, v\u00fdzva na\u0161\u00ed radnici. Nebezpe\u010d\u00ed \u010d\u00edh\u00e1 na m\u016fstku p\u0159es Voly\u0148ku!"},"content":{"rendered":"<h6>\u00dater\u00fd 8. listopadu dopoledne:<\/h6>\n<p><img loading=\"lazy\" decoding=\"async\" class=\"aligncenter wp-image-266712 size-full\" src=\"https:\/\/zakrasnejsivimperk.cz\/wp-content\/uploads\/2022\/11\/08\/opraven\u00fd-most.jpg\" alt=\"\" width=\"1100\" height=\"558\" srcset=\"https:\/\/zakrasnejsivimperk.cz\/wp-content\/uploads\/2022\/11\/08\/opraven\u00fd-most.jpg 1100w, https:\/\/zakrasnejsivimperk.cz\/wp-content\/uploads\/2022\/11\/08\/opraven\u00fd-most-300x152.jpg 300w, https:\/\/zakrasnejsivimperk.cz\/wp-content\/uploads\/2022\/11\/08\/opraven\u00fd-most-768x390.jpg 768w, https:\/\/zakrasnejsivimperk.cz\/wp-content\/uploads\/2022\/11\/08\/opraven\u00fd-most-1024x519.jpg 1024w, https:\/\/zakrasnejsivimperk.cz\/wp-content\/uploads\/2022\/11\/08\/opraven\u00fd-most-704x357.jpg 704w, https:\/\/zakrasnejsivimperk.cz\/wp-content\/uploads\/2022\/11\/08\/opraven\u00fd-most-952x483.jpg 952w\" sizes=\"(max-width: 1100px) 100vw, 1100px\" \/><\/p>\n<p>&nbsp;<\/p>\n<h6>Pond\u011bl\u00ed 7. listopadu dopoledne:<\/h6>\n<p><img loading=\"lazy\" decoding=\"async\" class=\"aligncenter wp-image-266630 size-full\" src=\"https:\/\/zakrasnejsivimperk.cz\/wp-content\/uploads\/2022\/11\/07\/m\u016fstek-v-parku-071122-2.jpg\" alt=\"\" width=\"1100\" height=\"585\" srcset=\"https:\/\/zakrasnejsivimperk.cz\/wp-content\/uploads\/2022\/11\/07\/m\u016fstek-v-parku-071122-2.jpg 1100w, https:\/\/zakrasnejsivimperk.cz\/wp-content\/uploads\/2022\/11\/07\/m\u016fstek-v-parku-071122-2-300x160.jpg 300w, https:\/\/zakrasnejsivimperk.cz\/wp-content\/uploads\/2022\/11\/07\/m\u016fstek-v-parku-071122-2-768x408.jpg 768w, https:\/\/zakrasnejsivimperk.cz\/wp-content\/uploads\/2022\/11\/07\/m\u016fstek-v-parku-071122-2-1024x545.jpg 1024w, https:\/\/zakrasnejsivimperk.cz\/wp-content\/uploads\/2022\/11\/07\/m\u016fstek-v-parku-071122-2-671x357.jpg 671w, https:\/\/zakrasnejsivimperk.cz\/wp-content\/uploads\/2022\/11\/07\/m\u016fstek-v-parku-071122-2-908x483.jpg 908w\" sizes=\"(max-width: 1100px) 100vw, 1100px\" \/><\/p>\n<p>&nbsp;<\/p>\n<p>(red) &#8211; Za kr\u00e1sn\u011bj\u0161\u00ed Vimperk<\/p>\n<p>&nbsp;<\/p>\n<h6>Informovali jsme zde:<\/h6>\n<h4><a href=\"https:\/\/zakrasnejsivimperk.cz\/?p=266607\" target=\"_blank\" rel=\"noopener\">NA\u0160E M\u011aSTO VIMPERK: Varov\u00e1n\u00ed rodi\u010d\u016fm mal\u00fdch d\u011bt\u00ed, v\u00fdzva na\u0161\u00ed radnici. Nebezpe\u010d\u00ed \u010d\u00edh\u00e1 na m\u016fstku p\u0159es Voly\u0148ku!<\/a><\/h4>\n<hr \/>\n<p>&nbsp;<\/p>\n<p>&nbsp;<\/p>\n","protected":false},"excerpt":{"rendered":"<p>\u00dater\u00fd 8. <\/p>\n","protected":false},"author":2,"featured_media":266713,"comment_status":"open","ping_status":"open","sticky":false,"template":"","format":"gallery","meta":{"footnotes":""},"categories":[119,108],"tags":[],"jetpack_featured_media_url":"https:\/\/zakrasnejsivimperk.cz\/wp-content\/uploads\/2022\/11\/08\/r\u00e1m-opraveno.jpg","_links":{"self":[{"href":"https:\/\/zakrasnejsivimperk.cz\/index.php?rest_route=\/wp\/v2\/posts\/266711"}],"collection":[{"href":"https:\/\/zakrasnejsivimperk.cz\/index.php?rest_route=\/wp\/v2\/posts"}],"about":[{"href":"https:\/\/zakrasnejsivimperk.cz\/index.php?rest_route=\/wp\/v2\/types\/post"}],"author":[{"embeddable":true,"href":"https:\/\/zakrasnejsivimperk.cz\/index.php?rest_route=\/wp\/v2\/users\/2"}],"replies":[{"embeddable":true,"href":"https:\/\/zakrasnejsivimperk.cz\/index.php?rest_route=%2Fwp%2Fv2%2Fcomments&post=266711"}],"version-history":[{"count":1,"href":"https:\/\/zakrasnejsivimperk.cz\/index.php?rest_route=\/wp\/v2\/posts\/266711\/revisions"}],"predecessor-version":[{"id":266715,"href":"https:\/\/zakrasnejsivimperk.cz\/index.php?rest_route=\/wp\/v2\/posts\/266711\/revisions\/266715"}],"wp:featuredmedia":[{"embeddable":true,"href":"https:\/\/zakrasnejsivimperk.cz\/index.php?rest_route=\/wp\/v2\/media\/266713"}],"wp:attachment":[{"href":"https:\/\/zakrasnejsivimperk.cz\/index.php?rest_route=%2Fwp%2Fv2%2Fmedia&parent=266711"}],"wp:term":[{"taxonomy":"category","embeddable":true,"href":"https:\/\/zakrasnejsivimperk.cz\/index.php?rest_route=%2Fwp%2Fv2%2Fcategories&post=266711"},{"taxonomy":"post_tag","embeddable":true,"href":"https:\/\/zakrasnejsivimperk.cz\/index.php?rest_route=%2Fwp%2Fv2%2Ftags&post=266711"}],"curies":[{"name":"wp","href":"https:\/\/api.w.org\/{rel}","templated":true}]}}