{"id":266237,"date":"2022-11-01T14:28:09","date_gmt":"2022-11-01T13:28:09","guid":{"rendered":"https:\/\/zakrasnejsivimperk.cz\/?p=266237"},"modified":"2022-11-03T20:40:58","modified_gmt":"2022-11-03T19:40:58","slug":"nase-mesto-vimperk-v-barvach-podzimu-v-mestskem-parku-kvetou-1-listopadu-fialky-pampelisky","status":"publish","type":"post","link":"https:\/\/zakrasnejsivimperk.cz\/?p=266237","title":{"rendered":"NA\u0160E M\u011aSTO VIMPERK: V barv\u00e1ch podzimu &#8211; v m\u011bstsk\u00e9m parku kvetou 1. listopadu fialky, pampeli\u0161ky&#8230;"},"content":{"rendered":"<p><img loading=\"lazy\" decoding=\"async\" class=\"aligncenter wp-image-249847 size-full\" src=\"https:\/\/zakrasnejsivimperk.cz\/wp-content\/uploads\/2022\/03\/19\/Logo-fb.jpg\" alt=\"\" width=\"800\" height=\"324\" srcset=\"https:\/\/zakrasnejsivimperk.cz\/wp-content\/uploads\/2022\/03\/19\/Logo-fb.jpg 800w, https:\/\/zakrasnejsivimperk.cz\/wp-content\/uploads\/2022\/03\/19\/Logo-fb-300x122.jpg 300w, https:\/\/zakrasnejsivimperk.cz\/wp-content\/uploads\/2022\/03\/19\/Logo-fb-768x311.jpg 768w\" sizes=\"(max-width: 800px) 100vw, 800px\" \/><\/p>\n<hr \/>\n<p>&nbsp;<\/p>\n<p>&nbsp;<\/p>\n<p><img loading=\"lazy\" decoding=\"async\" class=\"aligncenter wp-image-266239 size-full\" src=\"https:\/\/zakrasnejsivimperk.cz\/wp-content\/uploads\/2022\/11\/01\/vpk-kv\u011bty-listopad-2.jpg\" alt=\"\" width=\"1100\" height=\"1075\" srcset=\"https:\/\/zakrasnejsivimperk.cz\/wp-content\/uploads\/2022\/11\/01\/vpk-kv\u011bty-listopad-2.jpg 1100w, https:\/\/zakrasnejsivimperk.cz\/wp-content\/uploads\/2022\/11\/01\/vpk-kv\u011bty-listopad-2-300x293.jpg 300w, https:\/\/zakrasnejsivimperk.cz\/wp-content\/uploads\/2022\/11\/01\/vpk-kv\u011bty-listopad-2-768x751.jpg 768w, https:\/\/zakrasnejsivimperk.cz\/wp-content\/uploads\/2022\/11\/01\/vpk-kv\u011bty-listopad-2-1024x1001.jpg 1024w, https:\/\/zakrasnejsivimperk.cz\/wp-content\/uploads\/2022\/11\/01\/vpk-kv\u011bty-listopad-2-365x357.jpg 365w, https:\/\/zakrasnejsivimperk.cz\/wp-content\/uploads\/2022\/11\/01\/vpk-kv\u011bty-listopad-2-494x483.jpg 494w\" sizes=\"(max-width: 1100px) 100vw, 1100px\" \/><\/p>\n<p>&nbsp;<\/p>\n<p>&nbsp;<\/p>\n<p><img loading=\"lazy\" decoding=\"async\" class=\"aligncenter wp-image-266238 size-full\" src=\"https:\/\/zakrasnejsivimperk.cz\/wp-content\/uploads\/2022\/11\/01\/vpk-kv\u011bty-listopad-1.jpg\" alt=\"\" width=\"1100\" height=\"915\" srcset=\"https:\/\/zakrasnejsivimperk.cz\/wp-content\/uploads\/2022\/11\/01\/vpk-kv\u011bty-listopad-1.jpg 1100w, https:\/\/zakrasnejsivimperk.cz\/wp-content\/uploads\/2022\/11\/01\/vpk-kv\u011bty-listopad-1-300x250.jpg 300w, https:\/\/zakrasnejsivimperk.cz\/wp-content\/uploads\/2022\/11\/01\/vpk-kv\u011bty-listopad-1-768x639.jpg 768w, https:\/\/zakrasnejsivimperk.cz\/wp-content\/uploads\/2022\/11\/01\/vpk-kv\u011bty-listopad-1-1024x852.jpg 1024w, https:\/\/zakrasnejsivimperk.cz\/wp-content\/uploads\/2022\/11\/01\/vpk-kv\u011bty-listopad-1-429x357.jpg 429w, https:\/\/zakrasnejsivimperk.cz\/wp-content\/uploads\/2022\/11\/01\/vpk-kv\u011bty-listopad-1-581x483.jpg 581w\" sizes=\"(max-width: 1100px) 100vw, 1100px\" \/><\/p>\n<p>&nbsp;<\/p>\n<p>&nbsp;<\/p>\n<p><img loading=\"lazy\" decoding=\"async\" class=\"aligncenter wp-image-266240 size-full\" src=\"https:\/\/zakrasnejsivimperk.cz\/wp-content\/uploads\/2022\/11\/01\/vpk-kv\u011bty-listopad-3.jpg\" alt=\"\" width=\"1100\" height=\"1018\" srcset=\"https:\/\/zakrasnejsivimperk.cz\/wp-content\/uploads\/2022\/11\/01\/vpk-kv\u011bty-listopad-3.jpg 1100w, https:\/\/zakrasnejsivimperk.cz\/wp-content\/uploads\/2022\/11\/01\/vpk-kv\u011bty-listopad-3-300x278.jpg 300w, https:\/\/zakrasnejsivimperk.cz\/wp-content\/uploads\/2022\/11\/01\/vpk-kv\u011bty-listopad-3-768x711.jpg 768w, https:\/\/zakrasnejsivimperk.cz\/wp-content\/uploads\/2022\/11\/01\/vpk-kv\u011bty-listopad-3-1024x948.jpg 1024w, https:\/\/zakrasnejsivimperk.cz\/wp-content\/uploads\/2022\/11\/01\/vpk-kv\u011bty-listopad-3-386x357.jpg 386w, https:\/\/zakrasnejsivimperk.cz\/wp-content\/uploads\/2022\/11\/01\/vpk-kv\u011bty-listopad-3-522x483.jpg 522w\" sizes=\"(max-width: 1100px) 100vw, 1100px\" \/><\/p>\n<p>&nbsp;<\/p>\n<p><strong>Foto: (red) &#8211; Za kr\u00e1sn\u011bj\u0161\u00ed Vimperk\u00a0<\/strong><\/p>\n<hr \/>\n<p>&nbsp;<\/p>\n<p>&nbsp;<\/p>\n","protected":false},"excerpt":{"rendered":"<p>&nbsp; &nbsp; <\/p>\n","protected":false},"author":2,"featured_media":266241,"comment_status":"open","ping_status":"open","sticky":false,"template":"","format":"gallery","meta":{"footnotes":""},"categories":[119,86],"tags":[],"jetpack_featured_media_url":"https:\/\/zakrasnejsivimperk.cz\/wp-content\/uploads\/2022\/11\/01\/r\u00e1m-fialky.jpg","_links":{"self":[{"href":"https:\/\/zakrasnejsivimperk.cz\/index.php?rest_route=\/wp\/v2\/posts\/266237"}],"collection":[{"href":"https:\/\/zakrasnejsivimperk.cz\/index.php?rest_route=\/wp\/v2\/posts"}],"about":[{"href":"https:\/\/zakrasnejsivimperk.cz\/index.php?rest_route=\/wp\/v2\/types\/post"}],"author":[{"embeddable":true,"href":"https:\/\/zakrasnejsivimperk.cz\/index.php?rest_route=\/wp\/v2\/users\/2"}],"replies":[{"embeddable":true,"href":"https:\/\/zakrasnejsivimperk.cz\/index.php?rest_route=%2Fwp%2Fv2%2Fcomments&post=266237"}],"version-history":[{"count":1,"href":"https:\/\/zakrasnejsivimperk.cz\/index.php?rest_route=\/wp\/v2\/posts\/266237\/revisions"}],"predecessor-version":[{"id":266242,"href":"https:\/\/zakrasnejsivimperk.cz\/index.php?rest_route=\/wp\/v2\/posts\/266237\/revisions\/266242"}],"wp:featuredmedia":[{"embeddable":true,"href":"https:\/\/zakrasnejsivimperk.cz\/index.php?rest_route=\/wp\/v2\/media\/266241"}],"wp:attachment":[{"href":"https:\/\/zakrasnejsivimperk.cz\/index.php?rest_route=%2Fwp%2Fv2%2Fmedia&parent=266237"}],"wp:term":[{"taxonomy":"category","embeddable":true,"href":"https:\/\/zakrasnejsivimperk.cz\/index.php?rest_route=%2Fwp%2Fv2%2Fcategories&post=266237"},{"taxonomy":"post_tag","embeddable":true,"href":"https:\/\/zakrasnejsivimperk.cz\/index.php?rest_route=%2Fwp%2Fv2%2Ftags&post=266237"}],"curies":[{"name":"wp","href":"https:\/\/api.w.org\/{rel}","templated":true}]}}