{"id":265718,"date":"2022-10-24T13:26:43","date_gmt":"2022-10-24T12:26:43","guid":{"rendered":"https:\/\/zakrasnejsivimperk.cz\/?p=265718"},"modified":"2022-10-26T15:25:10","modified_gmt":"2022-10-26T14:25:10","slug":"nase-mesto-vimperk-na-otazku-redakce-odpovida-radnice-24-rijna-2022","status":"publish","type":"post","link":"https:\/\/zakrasnejsivimperk.cz\/?p=265718","title":{"rendered":"NA\u0160E M\u011aSTO VIMPERK: Na ot\u00e1zku redakce odpov\u00edd\u00e1 radnice \u2013 24. \u0159\u00edjna 2022"},"content":{"rendered":"<p><img loading=\"lazy\" decoding=\"async\" class=\"aligncenter wp-image-264028 size-full\" src=\"https:\/\/zakrasnejsivimperk.cz\/wp-content\/uploads\/2022\/09\/29\/arboretum-1.jpg\" alt=\"\" width=\"1100\" height=\"712\" srcset=\"https:\/\/zakrasnejsivimperk.cz\/wp-content\/uploads\/2022\/09\/29\/arboretum-1.jpg 1100w, https:\/\/zakrasnejsivimperk.cz\/wp-content\/uploads\/2022\/09\/29\/arboretum-1-300x194.jpg 300w, https:\/\/zakrasnejsivimperk.cz\/wp-content\/uploads\/2022\/09\/29\/arboretum-1-768x497.jpg 768w, https:\/\/zakrasnejsivimperk.cz\/wp-content\/uploads\/2022\/09\/29\/arboretum-1-1024x663.jpg 1024w, https:\/\/zakrasnejsivimperk.cz\/wp-content\/uploads\/2022\/09\/29\/arboretum-1-100x65.jpg 100w, https:\/\/zakrasnejsivimperk.cz\/wp-content\/uploads\/2022\/09\/29\/arboretum-1-552x357.jpg 552w, https:\/\/zakrasnejsivimperk.cz\/wp-content\/uploads\/2022\/09\/29\/arboretum-1-746x483.jpg 746w, https:\/\/zakrasnejsivimperk.cz\/wp-content\/uploads\/2022\/09\/29\/arboretum-1-745x483.jpg 745w\" sizes=\"(max-width: 1100px) 100vw, 1100px\" \/><\/p>\n<p>&nbsp;<\/p>\n<h4><b>Vimpersk\u00e9 arboretum je unik\u00e1tn\u00ed, ale st\u00e1le ne zcela vyu\u017eit\u00fd ostrov p\u0159\u00edrody uprost\u0159ed m\u011bsta. Co \u0159\u00edk\u00e1te na n\u00e1vrh, aby tam byla p\u0159enesena Stezka lesn\u00edch sk\u0159\u00edtk\u016f ze sou\u010dasn\u00e9ho um\u00edst\u011bn\u00ed na Skl\u00e1\u0159sk\u00e9m vrchu, kam je p\u0159ece jen obt\u00ed\u017en\u00fd p\u0159\u00edstup p\u0159es frekventovanou silnici? Je to re\u00e1ln\u00e9? Pokud ne, pro\u010d?<\/b><\/h4>\n<h6 class=\"-wm-MsoNormal\"><em>&#8220;Neuva\u017eujeme o st\u011bhov\u00e1n\u00ed Stezky lesn\u00edch sk\u0159\u00edtk\u016f do arboreta. Stezka lesn\u00edch sk\u0159\u00edtk\u016f byla z\u00e1m\u011brn\u011b um\u00edst\u011bna tam, kde je, abychom nab\u00eddli z\u00e1jemc\u016fm tak\u00e9 dal\u0161\u00ed p\u011bkn\u00e1, m\u00e9n\u011b nav\u0161t\u011bvovan\u00e1 m\u00edsta. Jak by mohlo b\u00fdt v\u00edce vyu\u017eit\u00e9 arboretum by mohla napov\u011bd\u011bt studie, kter\u00e1 se moment\u00e1ln\u011b p\u0159ipravuje pro letn\u00ed sc\u00e9nu a m\u011bla by ten prostor \u0159e\u0161it jako celek.&#8221;<\/em><\/h6>\n<h6>Martina K\u0158\u00cd\u017dOV\u00c1, vedouc\u00ed Odboru \u0161kolstv\u00ed, kultury a cestovn\u00edho ruchu M\u011bstsk\u00e9ho \u00fa\u0159adu Vimperk<\/h6>\n<p>&nbsp;<\/p>\n<p>(red) \u2013 Za kr\u00e1sn\u011bj\u0161\u00ed Vimperk<\/p>\n<p>&nbsp;<\/p>\n<figure id=\"attachment_260161\" aria-describedby=\"caption-attachment-260161\" style=\"width: 926px\" class=\"wp-caption aligncenter\"><img loading=\"lazy\" decoding=\"async\" class=\"wp-image-260161 size-full\" src=\"https:\/\/zakrasnejsivimperk.cz\/wp-content\/uploads\/2022\/08\/02\/vpk-arboretum-8.jpg\" alt=\"\" width=\"926\" height=\"1100\" srcset=\"https:\/\/zakrasnejsivimperk.cz\/wp-content\/uploads\/2022\/08\/02\/vpk-arboretum-8.jpg 926w, https:\/\/zakrasnejsivimperk.cz\/wp-content\/uploads\/2022\/08\/02\/vpk-arboretum-8-253x300.jpg 253w, https:\/\/zakrasnejsivimperk.cz\/wp-content\/uploads\/2022\/08\/02\/vpk-arboretum-8-768x912.jpg 768w, https:\/\/zakrasnejsivimperk.cz\/wp-content\/uploads\/2022\/08\/02\/vpk-arboretum-8-862x1024.jpg 862w, https:\/\/zakrasnejsivimperk.cz\/wp-content\/uploads\/2022\/08\/02\/vpk-arboretum-8-301x357.jpg 301w, https:\/\/zakrasnejsivimperk.cz\/wp-content\/uploads\/2022\/08\/02\/vpk-arboretum-8-407x483.jpg 407w\" sizes=\"(max-width: 926px) 100vw, 926px\" \/><figcaption id=\"caption-attachment-260161\" class=\"wp-caption-text\">Foto na str\u00e1nce: (red) \u2013 Za kr\u00e1sn\u011bj\u0161\u00ed Vimperk<\/figcaption><\/figure>\n<hr \/>\n<p>&nbsp;<\/p>\n<p>&nbsp;<\/p>\n<p>&nbsp;<\/p>\n","protected":false},"excerpt":{"rendered":"<p>&nbsp; Vimpersk\u00e9 <\/p>\n","protected":false},"author":2,"featured_media":265720,"comment_status":"open","ping_status":"open","sticky":false,"template":"","format":"gallery","meta":{"footnotes":""},"categories":[119,108],"tags":[],"jetpack_featured_media_url":"https:\/\/zakrasnejsivimperk.cz\/wp-content\/uploads\/2022\/10\/24\/r\u00e1m-ot\u00e1zka.jpg","_links":{"self":[{"href":"https:\/\/zakrasnejsivimperk.cz\/index.php?rest_route=\/wp\/v2\/posts\/265718"}],"collection":[{"href":"https:\/\/zakrasnejsivimperk.cz\/index.php?rest_route=\/wp\/v2\/posts"}],"about":[{"href":"https:\/\/zakrasnejsivimperk.cz\/index.php?rest_route=\/wp\/v2\/types\/post"}],"author":[{"embeddable":true,"href":"https:\/\/zakrasnejsivimperk.cz\/index.php?rest_route=\/wp\/v2\/users\/2"}],"replies":[{"embeddable":true,"href":"https:\/\/zakrasnejsivimperk.cz\/index.php?rest_route=%2Fwp%2Fv2%2Fcomments&post=265718"}],"version-history":[{"count":1,"href":"https:\/\/zakrasnejsivimperk.cz\/index.php?rest_route=\/wp\/v2\/posts\/265718\/revisions"}],"predecessor-version":[{"id":265719,"href":"https:\/\/zakrasnejsivimperk.cz\/index.php?rest_route=\/wp\/v2\/posts\/265718\/revisions\/265719"}],"wp:featuredmedia":[{"embeddable":true,"href":"https:\/\/zakrasnejsivimperk.cz\/index.php?rest_route=\/wp\/v2\/media\/265720"}],"wp:attachment":[{"href":"https:\/\/zakrasnejsivimperk.cz\/index.php?rest_route=%2Fwp%2Fv2%2Fmedia&parent=265718"}],"wp:term":[{"taxonomy":"category","embeddable":true,"href":"https:\/\/zakrasnejsivimperk.cz\/index.php?rest_route=%2Fwp%2Fv2%2Fcategories&post=265718"},{"taxonomy":"post_tag","embeddable":true,"href":"https:\/\/zakrasnejsivimperk.cz\/index.php?rest_route=%2Fwp%2Fv2%2Ftags&post=265718"}],"curies":[{"name":"wp","href":"https:\/\/api.w.org\/{rel}","templated":true}]}}