{"id":265145,"date":"2022-10-14T21:50:38","date_gmt":"2022-10-14T20:50:38","guid":{"rendered":"https:\/\/zakrasnejsivimperk.cz\/?p=265145"},"modified":"2022-10-14T22:03:05","modified_gmt":"2022-10-14T21:03:05","slug":"nase-mesto-vimperk-v-barvach-podzimu-na-sidlisti-miru-2","status":"publish","type":"post","link":"https:\/\/zakrasnejsivimperk.cz\/?p=265145","title":{"rendered":"NA\u0160E M\u011aSTO VIMPERK: V barv\u00e1ch podzimu &#8211; na s\u00eddli\u0161ti M\u00edru"},"content":{"rendered":"<figure id=\"attachment_265109\" aria-describedby=\"caption-attachment-265109\" style=\"width: 657px\" class=\"wp-caption aligncenter\"><img loading=\"lazy\" decoding=\"async\" class=\"wp-image-265109 size-full\" src=\"https:\/\/zakrasnejsivimperk.cz\/wp-content\/uploads\/2022\/10\/14\/vpk-podzim-22-3.jpg\" alt=\"\" width=\"657\" height=\"829\" srcset=\"https:\/\/zakrasnejsivimperk.cz\/wp-content\/uploads\/2022\/10\/14\/vpk-podzim-22-3.jpg 657w, https:\/\/zakrasnejsivimperk.cz\/wp-content\/uploads\/2022\/10\/14\/vpk-podzim-22-3-238x300.jpg 238w, https:\/\/zakrasnejsivimperk.cz\/wp-content\/uploads\/2022\/10\/14\/vpk-podzim-22-3-283x357.jpg 283w, https:\/\/zakrasnejsivimperk.cz\/wp-content\/uploads\/2022\/10\/14\/vpk-podzim-22-3-383x483.jpg 383w\" sizes=\"(max-width: 657px) 100vw, 657px\" \/><figcaption id=\"caption-attachment-265109\" class=\"wp-caption-text\">Foto: (red) &#8211; Za kr\u00e1sn\u011bj\u0161\u00ed Vimperk<\/figcaption><\/figure>\n<hr \/>\n<p>&nbsp;<\/p>\n<p>&nbsp;<\/p>\n<p>&nbsp;<\/p>\n","protected":false},"excerpt":{"rendered":"<p>&nbsp; &nbsp; <\/p>\n","protected":false},"author":2,"featured_media":265109,"comment_status":"open","ping_status":"open","sticky":false,"template":"","format":"gallery","meta":{"footnotes":""},"categories":[171],"tags":[],"jetpack_featured_media_url":"https:\/\/zakrasnejsivimperk.cz\/wp-content\/uploads\/2022\/10\/14\/vpk-podzim-22-3.jpg","_links":{"self":[{"href":"https:\/\/zakrasnejsivimperk.cz\/index.php?rest_route=\/wp\/v2\/posts\/265145"}],"collection":[{"href":"https:\/\/zakrasnejsivimperk.cz\/index.php?rest_route=\/wp\/v2\/posts"}],"about":[{"href":"https:\/\/zakrasnejsivimperk.cz\/index.php?rest_route=\/wp\/v2\/types\/post"}],"author":[{"embeddable":true,"href":"https:\/\/zakrasnejsivimperk.cz\/index.php?rest_route=\/wp\/v2\/users\/2"}],"replies":[{"embeddable":true,"href":"https:\/\/zakrasnejsivimperk.cz\/index.php?rest_route=%2Fwp%2Fv2%2Fcomments&post=265145"}],"version-history":[{"count":1,"href":"https:\/\/zakrasnejsivimperk.cz\/index.php?rest_route=\/wp\/v2\/posts\/265145\/revisions"}],"predecessor-version":[{"id":265146,"href":"https:\/\/zakrasnejsivimperk.cz\/index.php?rest_route=\/wp\/v2\/posts\/265145\/revisions\/265146"}],"wp:featuredmedia":[{"embeddable":true,"href":"https:\/\/zakrasnejsivimperk.cz\/index.php?rest_route=\/wp\/v2\/media\/265109"}],"wp:attachment":[{"href":"https:\/\/zakrasnejsivimperk.cz\/index.php?rest_route=%2Fwp%2Fv2%2Fmedia&parent=265145"}],"wp:term":[{"taxonomy":"category","embeddable":true,"href":"https:\/\/zakrasnejsivimperk.cz\/index.php?rest_route=%2Fwp%2Fv2%2Fcategories&post=265145"},{"taxonomy":"post_tag","embeddable":true,"href":"https:\/\/zakrasnejsivimperk.cz\/index.php?rest_route=%2Fwp%2Fv2%2Ftags&post=265145"}],"curies":[{"name":"wp","href":"https:\/\/api.w.org\/{rel}","templated":true}]}}