{"id":265081,"date":"2022-10-14T12:37:45","date_gmt":"2022-10-14T11:37:45","guid":{"rendered":"https:\/\/zakrasnejsivimperk.cz\/?p=265081"},"modified":"2022-10-16T13:20:19","modified_gmt":"2022-10-16T12:20:19","slug":"nase-mesto-vimperk-v-barvach-podzimu-v-podzamci","status":"publish","type":"post","link":"https:\/\/zakrasnejsivimperk.cz\/?p=265081","title":{"rendered":"NA\u0160E M\u011aSTO VIMPERK: V barv\u00e1ch podzimu &#8211; v podz\u00e1m\u010d\u00ed"},"content":{"rendered":"<p><img loading=\"lazy\" decoding=\"async\" class=\"aligncenter wp-image-249847 size-full\" src=\"https:\/\/zakrasnejsivimperk.cz\/wp-content\/uploads\/2022\/03\/19\/Logo-fb.jpg\" alt=\"\" width=\"800\" height=\"324\" srcset=\"https:\/\/zakrasnejsivimperk.cz\/wp-content\/uploads\/2022\/03\/19\/Logo-fb.jpg 800w, https:\/\/zakrasnejsivimperk.cz\/wp-content\/uploads\/2022\/03\/19\/Logo-fb-300x122.jpg 300w, https:\/\/zakrasnejsivimperk.cz\/wp-content\/uploads\/2022\/03\/19\/Logo-fb-768x311.jpg 768w\" sizes=\"(max-width: 800px) 100vw, 800px\" \/><\/p>\n<hr \/>\n<p>&nbsp;<\/p>\n<p>&nbsp;<\/p>\n<p><img loading=\"lazy\" decoding=\"async\" class=\"aligncenter wp-image-265088 size-full\" src=\"https:\/\/zakrasnejsivimperk.cz\/wp-content\/uploads\/2022\/10\/14\/vpk-podzim-podz\u00e1m\u010d\u00ed-7.jpg\" alt=\"\" width=\"1100\" height=\"825\" srcset=\"https:\/\/zakrasnejsivimperk.cz\/wp-content\/uploads\/2022\/10\/14\/vpk-podzim-podz\u00e1m\u010d\u00ed-7.jpg 1100w, https:\/\/zakrasnejsivimperk.cz\/wp-content\/uploads\/2022\/10\/14\/vpk-podzim-podz\u00e1m\u010d\u00ed-7-300x225.jpg 300w, https:\/\/zakrasnejsivimperk.cz\/wp-content\/uploads\/2022\/10\/14\/vpk-podzim-podz\u00e1m\u010d\u00ed-7-768x576.jpg 768w, https:\/\/zakrasnejsivimperk.cz\/wp-content\/uploads\/2022\/10\/14\/vpk-podzim-podz\u00e1m\u010d\u00ed-7-1024x768.jpg 1024w, https:\/\/zakrasnejsivimperk.cz\/wp-content\/uploads\/2022\/10\/14\/vpk-podzim-podz\u00e1m\u010d\u00ed-7-476x357.jpg 476w, https:\/\/zakrasnejsivimperk.cz\/wp-content\/uploads\/2022\/10\/14\/vpk-podzim-podz\u00e1m\u010d\u00ed-7-644x483.jpg 644w\" sizes=\"(max-width: 1100px) 100vw, 1100px\" \/><\/p>\n<p>&nbsp;<\/p>\n<p>&nbsp;<\/p>\n<p><img loading=\"lazy\" decoding=\"async\" class=\"aligncenter wp-image-265082 size-full\" src=\"https:\/\/zakrasnejsivimperk.cz\/wp-content\/uploads\/2022\/10\/14\/vpk-podzim-podz\u00e1m\u010d\u00ed-1.jpg\" alt=\"\" width=\"1100\" height=\"825\" srcset=\"https:\/\/zakrasnejsivimperk.cz\/wp-content\/uploads\/2022\/10\/14\/vpk-podzim-podz\u00e1m\u010d\u00ed-1.jpg 1100w, https:\/\/zakrasnejsivimperk.cz\/wp-content\/uploads\/2022\/10\/14\/vpk-podzim-podz\u00e1m\u010d\u00ed-1-300x225.jpg 300w, https:\/\/zakrasnejsivimperk.cz\/wp-content\/uploads\/2022\/10\/14\/vpk-podzim-podz\u00e1m\u010d\u00ed-1-768x576.jpg 768w, https:\/\/zakrasnejsivimperk.cz\/wp-content\/uploads\/2022\/10\/14\/vpk-podzim-podz\u00e1m\u010d\u00ed-1-1024x768.jpg 1024w, https:\/\/zakrasnejsivimperk.cz\/wp-content\/uploads\/2022\/10\/14\/vpk-podzim-podz\u00e1m\u010d\u00ed-1-476x357.jpg 476w, https:\/\/zakrasnejsivimperk.cz\/wp-content\/uploads\/2022\/10\/14\/vpk-podzim-podz\u00e1m\u010d\u00ed-1-644x483.jpg 644w\" sizes=\"(max-width: 1100px) 100vw, 1100px\" \/><\/p>\n<p>&nbsp;<\/p>\n<p>&nbsp;<\/p>\n<p><img loading=\"lazy\" decoding=\"async\" class=\"aligncenter wp-image-265083 size-full\" src=\"https:\/\/zakrasnejsivimperk.cz\/wp-content\/uploads\/2022\/10\/14\/vpk-podzim-podz\u00e1m\u010d\u00ed-2.jpg\" alt=\"\" width=\"998\" height=\"1100\" srcset=\"https:\/\/zakrasnejsivimperk.cz\/wp-content\/uploads\/2022\/10\/14\/vpk-podzim-podz\u00e1m\u010d\u00ed-2.jpg 998w, https:\/\/zakrasnejsivimperk.cz\/wp-content\/uploads\/2022\/10\/14\/vpk-podzim-podz\u00e1m\u010d\u00ed-2-272x300.jpg 272w, https:\/\/zakrasnejsivimperk.cz\/wp-content\/uploads\/2022\/10\/14\/vpk-podzim-podz\u00e1m\u010d\u00ed-2-768x846.jpg 768w, https:\/\/zakrasnejsivimperk.cz\/wp-content\/uploads\/2022\/10\/14\/vpk-podzim-podz\u00e1m\u010d\u00ed-2-929x1024.jpg 929w, https:\/\/zakrasnejsivimperk.cz\/wp-content\/uploads\/2022\/10\/14\/vpk-podzim-podz\u00e1m\u010d\u00ed-2-324x357.jpg 324w, https:\/\/zakrasnejsivimperk.cz\/wp-content\/uploads\/2022\/10\/14\/vpk-podzim-podz\u00e1m\u010d\u00ed-2-438x483.jpg 438w\" sizes=\"(max-width: 998px) 100vw, 998px\" \/><\/p>\n<p>&nbsp;<\/p>\n<p>&nbsp;<\/p>\n<p><img loading=\"lazy\" decoding=\"async\" class=\"aligncenter wp-image-265084 size-full\" src=\"https:\/\/zakrasnejsivimperk.cz\/wp-content\/uploads\/2022\/10\/14\/vpk-podzim-podz\u00e1m\u010d\u00ed-3.jpg\" alt=\"\" width=\"1100\" height=\"952\" srcset=\"https:\/\/zakrasnejsivimperk.cz\/wp-content\/uploads\/2022\/10\/14\/vpk-podzim-podz\u00e1m\u010d\u00ed-3.jpg 1100w, https:\/\/zakrasnejsivimperk.cz\/wp-content\/uploads\/2022\/10\/14\/vpk-podzim-podz\u00e1m\u010d\u00ed-3-300x260.jpg 300w, https:\/\/zakrasnejsivimperk.cz\/wp-content\/uploads\/2022\/10\/14\/vpk-podzim-podz\u00e1m\u010d\u00ed-3-768x665.jpg 768w, https:\/\/zakrasnejsivimperk.cz\/wp-content\/uploads\/2022\/10\/14\/vpk-podzim-podz\u00e1m\u010d\u00ed-3-1024x886.jpg 1024w, https:\/\/zakrasnejsivimperk.cz\/wp-content\/uploads\/2022\/10\/14\/vpk-podzim-podz\u00e1m\u010d\u00ed-3-413x357.jpg 413w, https:\/\/zakrasnejsivimperk.cz\/wp-content\/uploads\/2022\/10\/14\/vpk-podzim-podz\u00e1m\u010d\u00ed-3-558x483.jpg 558w\" sizes=\"(max-width: 1100px) 100vw, 1100px\" \/><\/p>\n<p>&nbsp;<\/p>\n<p>&nbsp;<\/p>\n<p><img loading=\"lazy\" decoding=\"async\" class=\"aligncenter wp-image-265085 size-full\" src=\"https:\/\/zakrasnejsivimperk.cz\/wp-content\/uploads\/2022\/10\/14\/vpk-podzim-podz\u00e1m\u010d\u00ed-4.jpg\" alt=\"\" width=\"1100\" height=\"762\" srcset=\"https:\/\/zakrasnejsivimperk.cz\/wp-content\/uploads\/2022\/10\/14\/vpk-podzim-podz\u00e1m\u010d\u00ed-4.jpg 1100w, https:\/\/zakrasnejsivimperk.cz\/wp-content\/uploads\/2022\/10\/14\/vpk-podzim-podz\u00e1m\u010d\u00ed-4-300x208.jpg 300w, https:\/\/zakrasnejsivimperk.cz\/wp-content\/uploads\/2022\/10\/14\/vpk-podzim-podz\u00e1m\u010d\u00ed-4-768x532.jpg 768w, https:\/\/zakrasnejsivimperk.cz\/wp-content\/uploads\/2022\/10\/14\/vpk-podzim-podz\u00e1m\u010d\u00ed-4-1024x709.jpg 1024w, https:\/\/zakrasnejsivimperk.cz\/wp-content\/uploads\/2022\/10\/14\/vpk-podzim-podz\u00e1m\u010d\u00ed-4-515x357.jpg 515w, https:\/\/zakrasnejsivimperk.cz\/wp-content\/uploads\/2022\/10\/14\/vpk-podzim-podz\u00e1m\u010d\u00ed-4-697x483.jpg 697w\" sizes=\"(max-width: 1100px) 100vw, 1100px\" \/><\/p>\n<p>&nbsp;<\/p>\n<p>&nbsp;<\/p>\n<p><img loading=\"lazy\" decoding=\"async\" class=\"aligncenter wp-image-265090 size-full\" src=\"https:\/\/zakrasnejsivimperk.cz\/wp-content\/uploads\/2022\/10\/14\/vpk-podzim-podz\u00e1m\u010d\u00ed-9.jpg\" alt=\"\" width=\"825\" height=\"1100\" srcset=\"https:\/\/zakrasnejsivimperk.cz\/wp-content\/uploads\/2022\/10\/14\/vpk-podzim-podz\u00e1m\u010d\u00ed-9.jpg 825w, https:\/\/zakrasnejsivimperk.cz\/wp-content\/uploads\/2022\/10\/14\/vpk-podzim-podz\u00e1m\u010d\u00ed-9-225x300.jpg 225w, https:\/\/zakrasnejsivimperk.cz\/wp-content\/uploads\/2022\/10\/14\/vpk-podzim-podz\u00e1m\u010d\u00ed-9-768x1024.jpg 768w, https:\/\/zakrasnejsivimperk.cz\/wp-content\/uploads\/2022\/10\/14\/vpk-podzim-podz\u00e1m\u010d\u00ed-9-268x357.jpg 268w, https:\/\/zakrasnejsivimperk.cz\/wp-content\/uploads\/2022\/10\/14\/vpk-podzim-podz\u00e1m\u010d\u00ed-9-362x483.jpg 362w\" sizes=\"(max-width: 825px) 100vw, 825px\" \/><\/p>\n<p>&nbsp;<\/p>\n<p>&nbsp;<\/p>\n<p><img loading=\"lazy\" decoding=\"async\" class=\"aligncenter wp-image-265086 size-full\" src=\"https:\/\/zakrasnejsivimperk.cz\/wp-content\/uploads\/2022\/10\/14\/vpk-podzim-podz\u00e1m\u010d\u00ed-5.jpg\" alt=\"\" width=\"1100\" height=\"825\" srcset=\"https:\/\/zakrasnejsivimperk.cz\/wp-content\/uploads\/2022\/10\/14\/vpk-podzim-podz\u00e1m\u010d\u00ed-5.jpg 1100w, https:\/\/zakrasnejsivimperk.cz\/wp-content\/uploads\/2022\/10\/14\/vpk-podzim-podz\u00e1m\u010d\u00ed-5-300x225.jpg 300w, https:\/\/zakrasnejsivimperk.cz\/wp-content\/uploads\/2022\/10\/14\/vpk-podzim-podz\u00e1m\u010d\u00ed-5-768x576.jpg 768w, https:\/\/zakrasnejsivimperk.cz\/wp-content\/uploads\/2022\/10\/14\/vpk-podzim-podz\u00e1m\u010d\u00ed-5-1024x768.jpg 1024w, https:\/\/zakrasnejsivimperk.cz\/wp-content\/uploads\/2022\/10\/14\/vpk-podzim-podz\u00e1m\u010d\u00ed-5-476x357.jpg 476w, https:\/\/zakrasnejsivimperk.cz\/wp-content\/uploads\/2022\/10\/14\/vpk-podzim-podz\u00e1m\u010d\u00ed-5-644x483.jpg 644w\" sizes=\"(max-width: 1100px) 100vw, 1100px\" \/><\/p>\n<p>&nbsp;<\/p>\n<p>&nbsp;<\/p>\n<p><img loading=\"lazy\" decoding=\"async\" class=\"aligncenter wp-image-265089 size-full\" src=\"https:\/\/zakrasnejsivimperk.cz\/wp-content\/uploads\/2022\/10\/14\/vpk-podzim-podz\u00e1m\u010d\u00ed-8.jpg\" alt=\"\" width=\"1100\" height=\"717\" srcset=\"https:\/\/zakrasnejsivimperk.cz\/wp-content\/uploads\/2022\/10\/14\/vpk-podzim-podz\u00e1m\u010d\u00ed-8.jpg 1100w, https:\/\/zakrasnejsivimperk.cz\/wp-content\/uploads\/2022\/10\/14\/vpk-podzim-podz\u00e1m\u010d\u00ed-8-300x196.jpg 300w, https:\/\/zakrasnejsivimperk.cz\/wp-content\/uploads\/2022\/10\/14\/vpk-podzim-podz\u00e1m\u010d\u00ed-8-768x501.jpg 768w, https:\/\/zakrasnejsivimperk.cz\/wp-content\/uploads\/2022\/10\/14\/vpk-podzim-podz\u00e1m\u010d\u00ed-8-1024x667.jpg 1024w, https:\/\/zakrasnejsivimperk.cz\/wp-content\/uploads\/2022\/10\/14\/vpk-podzim-podz\u00e1m\u010d\u00ed-8-100x65.jpg 100w, https:\/\/zakrasnejsivimperk.cz\/wp-content\/uploads\/2022\/10\/14\/vpk-podzim-podz\u00e1m\u010d\u00ed-8-548x357.jpg 548w, https:\/\/zakrasnejsivimperk.cz\/wp-content\/uploads\/2022\/10\/14\/vpk-podzim-podz\u00e1m\u010d\u00ed-8-741x483.jpg 741w\" sizes=\"(max-width: 1100px) 100vw, 1100px\" \/><\/p>\n<p>&nbsp;<\/p>\n<p>&nbsp;<\/p>\n<p><img loading=\"lazy\" decoding=\"async\" class=\"aligncenter wp-image-265087 size-full\" src=\"https:\/\/zakrasnejsivimperk.cz\/wp-content\/uploads\/2022\/10\/14\/vpk-podzim-podz\u00e1m\u010d\u00ed-6.jpg\" alt=\"\" width=\"901\" height=\"1100\" srcset=\"https:\/\/zakrasnejsivimperk.cz\/wp-content\/uploads\/2022\/10\/14\/vpk-podzim-podz\u00e1m\u010d\u00ed-6.jpg 901w, https:\/\/zakrasnejsivimperk.cz\/wp-content\/uploads\/2022\/10\/14\/vpk-podzim-podz\u00e1m\u010d\u00ed-6-246x300.jpg 246w, https:\/\/zakrasnejsivimperk.cz\/wp-content\/uploads\/2022\/10\/14\/vpk-podzim-podz\u00e1m\u010d\u00ed-6-768x938.jpg 768w, https:\/\/zakrasnejsivimperk.cz\/wp-content\/uploads\/2022\/10\/14\/vpk-podzim-podz\u00e1m\u010d\u00ed-6-839x1024.jpg 839w, https:\/\/zakrasnejsivimperk.cz\/wp-content\/uploads\/2022\/10\/14\/vpk-podzim-podz\u00e1m\u010d\u00ed-6-292x357.jpg 292w, https:\/\/zakrasnejsivimperk.cz\/wp-content\/uploads\/2022\/10\/14\/vpk-podzim-podz\u00e1m\u010d\u00ed-6-396x483.jpg 396w\" sizes=\"(max-width: 901px) 100vw, 901px\" \/><\/p>\n<p>&nbsp;<\/p>\n<p>&nbsp;<\/p>\n<p><img loading=\"lazy\" decoding=\"async\" class=\"aligncenter wp-image-265091 size-full\" src=\"https:\/\/zakrasnejsivimperk.cz\/wp-content\/uploads\/2022\/10\/14\/vpk-podzim-podz\u00e1m\u010d\u00ed-10.jpg\" alt=\"\" width=\"825\" height=\"1100\" srcset=\"https:\/\/zakrasnejsivimperk.cz\/wp-content\/uploads\/2022\/10\/14\/vpk-podzim-podz\u00e1m\u010d\u00ed-10.jpg 825w, https:\/\/zakrasnejsivimperk.cz\/wp-content\/uploads\/2022\/10\/14\/vpk-podzim-podz\u00e1m\u010d\u00ed-10-225x300.jpg 225w, https:\/\/zakrasnejsivimperk.cz\/wp-content\/uploads\/2022\/10\/14\/vpk-podzim-podz\u00e1m\u010d\u00ed-10-768x1024.jpg 768w, https:\/\/zakrasnejsivimperk.cz\/wp-content\/uploads\/2022\/10\/14\/vpk-podzim-podz\u00e1m\u010d\u00ed-10-268x357.jpg 268w, https:\/\/zakrasnejsivimperk.cz\/wp-content\/uploads\/2022\/10\/14\/vpk-podzim-podz\u00e1m\u010d\u00ed-10-362x483.jpg 362w\" sizes=\"(max-width: 825px) 100vw, 825px\" \/><\/p>\n<p>&nbsp;<\/p>\n<p><strong>Foto: (red) &#8211; Za kr\u00e1sn\u011bj\u0161\u00ed Vimperk\u00a0<\/strong><\/p>\n<hr \/>\n<p>&nbsp;<\/p>\n<p>&nbsp;<\/p>\n<p>&nbsp;<\/p>\n","protected":false},"excerpt":{"rendered":"<p>&nbsp; &nbsp; <\/p>\n","protected":false},"author":2,"featured_media":265093,"comment_status":"open","ping_status":"open","sticky":false,"template":"","format":"gallery","meta":{"footnotes":""},"categories":[120,108],"tags":[],"jetpack_featured_media_url":"https:\/\/zakrasnejsivimperk.cz\/wp-content\/uploads\/2022\/10\/14\/r\u00e1m-podz\u00e1m\u010d\u00ed.jpg","_links":{"self":[{"href":"https:\/\/zakrasnejsivimperk.cz\/index.php?rest_route=\/wp\/v2\/posts\/265081"}],"collection":[{"href":"https:\/\/zakrasnejsivimperk.cz\/index.php?rest_route=\/wp\/v2\/posts"}],"about":[{"href":"https:\/\/zakrasnejsivimperk.cz\/index.php?rest_route=\/wp\/v2\/types\/post"}],"author":[{"embeddable":true,"href":"https:\/\/zakrasnejsivimperk.cz\/index.php?rest_route=\/wp\/v2\/users\/2"}],"replies":[{"embeddable":true,"href":"https:\/\/zakrasnejsivimperk.cz\/index.php?rest_route=%2Fwp%2Fv2%2Fcomments&post=265081"}],"version-history":[{"count":3,"href":"https:\/\/zakrasnejsivimperk.cz\/index.php?rest_route=\/wp\/v2\/posts\/265081\/revisions"}],"predecessor-version":[{"id":265237,"href":"https:\/\/zakrasnejsivimperk.cz\/index.php?rest_route=\/wp\/v2\/posts\/265081\/revisions\/265237"}],"wp:featuredmedia":[{"embeddable":true,"href":"https:\/\/zakrasnejsivimperk.cz\/index.php?rest_route=\/wp\/v2\/media\/265093"}],"wp:attachment":[{"href":"https:\/\/zakrasnejsivimperk.cz\/index.php?rest_route=%2Fwp%2Fv2%2Fmedia&parent=265081"}],"wp:term":[{"taxonomy":"category","embeddable":true,"href":"https:\/\/zakrasnejsivimperk.cz\/index.php?rest_route=%2Fwp%2Fv2%2Fcategories&post=265081"},{"taxonomy":"post_tag","embeddable":true,"href":"https:\/\/zakrasnejsivimperk.cz\/index.php?rest_route=%2Fwp%2Fv2%2Ftags&post=265081"}],"curies":[{"name":"wp","href":"https:\/\/api.w.org\/{rel}","templated":true}]}}