{"id":264944,"date":"2022-10-12T12:45:30","date_gmt":"2022-10-12T11:45:30","guid":{"rendered":"https:\/\/zakrasnejsivimperk.cz\/?p=264944"},"modified":"2022-10-14T12:37:13","modified_gmt":"2022-10-14T11:37:13","slug":"nase-mesto-vimperk-na-stavbe-priprava-terenu-pro-nova-parkovaci-stani-v-mirove-ulici-na-sidlisti-miru","status":"publish","type":"post","link":"https:\/\/zakrasnejsivimperk.cz\/?p=264944","title":{"rendered":"NA\u0160E M\u011aSTO VIMPERK: Na stavb\u011b &#8211; p\u0159\u00edprava ter\u00e9nu pro nov\u00e1 parkovac\u00ed st\u00e1n\u00ed v M\u00edrov\u00e9 ulici na s\u00eddli\u0161ti M\u00edru"},"content":{"rendered":"<p><img loading=\"lazy\" decoding=\"async\" class=\"aligncenter wp-image-249847 size-full\" src=\"https:\/\/zakrasnejsivimperk.cz\/wp-content\/uploads\/2022\/03\/19\/Logo-fb.jpg\" alt=\"\" width=\"800\" height=\"324\" srcset=\"https:\/\/zakrasnejsivimperk.cz\/wp-content\/uploads\/2022\/03\/19\/Logo-fb.jpg 800w, https:\/\/zakrasnejsivimperk.cz\/wp-content\/uploads\/2022\/03\/19\/Logo-fb-300x122.jpg 300w, https:\/\/zakrasnejsivimperk.cz\/wp-content\/uploads\/2022\/03\/19\/Logo-fb-768x311.jpg 768w\" sizes=\"(max-width: 800px) 100vw, 800px\" \/><\/p>\n<hr \/>\n<p>&nbsp;<\/p>\n<p>&nbsp;<\/p>\n<p><img loading=\"lazy\" decoding=\"async\" class=\"aligncenter wp-image-264946 size-full\" src=\"https:\/\/zakrasnejsivimperk.cz\/wp-content\/uploads\/2022\/10\/12\/m\u00edru-park-121022-2.jpg\" alt=\"\" width=\"1100\" height=\"535\" srcset=\"https:\/\/zakrasnejsivimperk.cz\/wp-content\/uploads\/2022\/10\/12\/m\u00edru-park-121022-2.jpg 1100w, https:\/\/zakrasnejsivimperk.cz\/wp-content\/uploads\/2022\/10\/12\/m\u00edru-park-121022-2-300x146.jpg 300w, https:\/\/zakrasnejsivimperk.cz\/wp-content\/uploads\/2022\/10\/12\/m\u00edru-park-121022-2-768x374.jpg 768w, https:\/\/zakrasnejsivimperk.cz\/wp-content\/uploads\/2022\/10\/12\/m\u00edru-park-121022-2-1024x498.jpg 1024w, https:\/\/zakrasnejsivimperk.cz\/wp-content\/uploads\/2022\/10\/12\/m\u00edru-park-121022-2-326x159.jpg 326w, https:\/\/zakrasnejsivimperk.cz\/wp-content\/uploads\/2022\/10\/12\/m\u00edru-park-121022-2-734x357.jpg 734w, https:\/\/zakrasnejsivimperk.cz\/wp-content\/uploads\/2022\/10\/12\/m\u00edru-park-121022-2-993x483.jpg 993w\" sizes=\"(max-width: 1100px) 100vw, 1100px\" \/><\/p>\n<p>&nbsp;<\/p>\n<p>&nbsp;<\/p>\n<p><img loading=\"lazy\" decoding=\"async\" class=\"aligncenter wp-image-264945 size-full\" src=\"https:\/\/zakrasnejsivimperk.cz\/wp-content\/uploads\/2022\/10\/12\/m\u00edru-park-121022-1.jpg\" alt=\"\" width=\"1051\" height=\"1100\" srcset=\"https:\/\/zakrasnejsivimperk.cz\/wp-content\/uploads\/2022\/10\/12\/m\u00edru-park-121022-1.jpg 1051w, https:\/\/zakrasnejsivimperk.cz\/wp-content\/uploads\/2022\/10\/12\/m\u00edru-park-121022-1-287x300.jpg 287w, https:\/\/zakrasnejsivimperk.cz\/wp-content\/uploads\/2022\/10\/12\/m\u00edru-park-121022-1-768x804.jpg 768w, https:\/\/zakrasnejsivimperk.cz\/wp-content\/uploads\/2022\/10\/12\/m\u00edru-park-121022-1-978x1024.jpg 978w, https:\/\/zakrasnejsivimperk.cz\/wp-content\/uploads\/2022\/10\/12\/m\u00edru-park-121022-1-341x357.jpg 341w, https:\/\/zakrasnejsivimperk.cz\/wp-content\/uploads\/2022\/10\/12\/m\u00edru-park-121022-1-461x483.jpg 461w\" sizes=\"(max-width: 1051px) 100vw, 1051px\" \/><\/p>\n<p>&nbsp;<\/p>\n<p>&nbsp;<\/p>\n<p><img loading=\"lazy\" decoding=\"async\" class=\"aligncenter wp-image-264949 size-full\" src=\"https:\/\/zakrasnejsivimperk.cz\/wp-content\/uploads\/2022\/10\/12\/m\u00edru-park-121022-5.jpg\" alt=\"\" width=\"1100\" height=\"1100\" srcset=\"https:\/\/zakrasnejsivimperk.cz\/wp-content\/uploads\/2022\/10\/12\/m\u00edru-park-121022-5.jpg 1100w, https:\/\/zakrasnejsivimperk.cz\/wp-content\/uploads\/2022\/10\/12\/m\u00edru-park-121022-5-150x150.jpg 150w, https:\/\/zakrasnejsivimperk.cz\/wp-content\/uploads\/2022\/10\/12\/m\u00edru-park-121022-5-300x300.jpg 300w, https:\/\/zakrasnejsivimperk.cz\/wp-content\/uploads\/2022\/10\/12\/m\u00edru-park-121022-5-768x768.jpg 768w, https:\/\/zakrasnejsivimperk.cz\/wp-content\/uploads\/2022\/10\/12\/m\u00edru-park-121022-5-1024x1024.jpg 1024w, https:\/\/zakrasnejsivimperk.cz\/wp-content\/uploads\/2022\/10\/12\/m\u00edru-park-121022-5-357x357.jpg 357w, https:\/\/zakrasnejsivimperk.cz\/wp-content\/uploads\/2022\/10\/12\/m\u00edru-park-121022-5-483x483.jpg 483w, https:\/\/zakrasnejsivimperk.cz\/wp-content\/uploads\/2022\/10\/12\/m\u00edru-park-121022-5-210x210.jpg 210w\" sizes=\"(max-width: 1100px) 100vw, 1100px\" \/><\/p>\n<p>&nbsp;<\/p>\n<p>&nbsp;<\/p>\n<p><img loading=\"lazy\" decoding=\"async\" class=\"aligncenter wp-image-264948 size-full\" src=\"https:\/\/zakrasnejsivimperk.cz\/wp-content\/uploads\/2022\/10\/12\/m\u00edru-park-121022-4.jpg\" alt=\"\" width=\"989\" height=\"1100\" srcset=\"https:\/\/zakrasnejsivimperk.cz\/wp-content\/uploads\/2022\/10\/12\/m\u00edru-park-121022-4.jpg 989w, https:\/\/zakrasnejsivimperk.cz\/wp-content\/uploads\/2022\/10\/12\/m\u00edru-park-121022-4-270x300.jpg 270w, https:\/\/zakrasnejsivimperk.cz\/wp-content\/uploads\/2022\/10\/12\/m\u00edru-park-121022-4-768x854.jpg 768w, https:\/\/zakrasnejsivimperk.cz\/wp-content\/uploads\/2022\/10\/12\/m\u00edru-park-121022-4-921x1024.jpg 921w, https:\/\/zakrasnejsivimperk.cz\/wp-content\/uploads\/2022\/10\/12\/m\u00edru-park-121022-4-321x357.jpg 321w, https:\/\/zakrasnejsivimperk.cz\/wp-content\/uploads\/2022\/10\/12\/m\u00edru-park-121022-4-434x483.jpg 434w\" sizes=\"(max-width: 989px) 100vw, 989px\" \/><\/p>\n<p>&nbsp;<\/p>\n<p>&nbsp;<\/p>\n<p><img loading=\"lazy\" decoding=\"async\" class=\"aligncenter wp-image-264947 size-full\" src=\"https:\/\/zakrasnejsivimperk.cz\/wp-content\/uploads\/2022\/10\/12\/m\u00edru-park-121022-3.jpg\" alt=\"\" width=\"1100\" height=\"699\" srcset=\"https:\/\/zakrasnejsivimperk.cz\/wp-content\/uploads\/2022\/10\/12\/m\u00edru-park-121022-3.jpg 1100w, https:\/\/zakrasnejsivimperk.cz\/wp-content\/uploads\/2022\/10\/12\/m\u00edru-park-121022-3-300x191.jpg 300w, https:\/\/zakrasnejsivimperk.cz\/wp-content\/uploads\/2022\/10\/12\/m\u00edru-park-121022-3-768x488.jpg 768w, https:\/\/zakrasnejsivimperk.cz\/wp-content\/uploads\/2022\/10\/12\/m\u00edru-park-121022-3-1024x651.jpg 1024w, https:\/\/zakrasnejsivimperk.cz\/wp-content\/uploads\/2022\/10\/12\/m\u00edru-park-121022-3-100x65.jpg 100w, https:\/\/zakrasnejsivimperk.cz\/wp-content\/uploads\/2022\/10\/12\/m\u00edru-park-121022-3-562x357.jpg 562w, https:\/\/zakrasnejsivimperk.cz\/wp-content\/uploads\/2022\/10\/12\/m\u00edru-park-121022-3-760x483.jpg 760w\" sizes=\"(max-width: 1100px) 100vw, 1100px\" \/><\/p>\n<p>&nbsp;<\/p>\n<p>&nbsp;<\/p>\n<p><img loading=\"lazy\" decoding=\"async\" class=\"aligncenter wp-image-264950 size-full\" src=\"https:\/\/zakrasnejsivimperk.cz\/wp-content\/uploads\/2022\/10\/12\/m\u00edru-park-121022-6.jpg\" alt=\"\" width=\"1100\" height=\"764\" srcset=\"https:\/\/zakrasnejsivimperk.cz\/wp-content\/uploads\/2022\/10\/12\/m\u00edru-park-121022-6.jpg 1100w, https:\/\/zakrasnejsivimperk.cz\/wp-content\/uploads\/2022\/10\/12\/m\u00edru-park-121022-6-300x208.jpg 300w, https:\/\/zakrasnejsivimperk.cz\/wp-content\/uploads\/2022\/10\/12\/m\u00edru-park-121022-6-768x533.jpg 768w, https:\/\/zakrasnejsivimperk.cz\/wp-content\/uploads\/2022\/10\/12\/m\u00edru-park-121022-6-1024x711.jpg 1024w, https:\/\/zakrasnejsivimperk.cz\/wp-content\/uploads\/2022\/10\/12\/m\u00edru-park-121022-6-514x357.jpg 514w, https:\/\/zakrasnejsivimperk.cz\/wp-content\/uploads\/2022\/10\/12\/m\u00edru-park-121022-6-695x483.jpg 695w\" sizes=\"(max-width: 1100px) 100vw, 1100px\" \/><\/p>\n<p>&nbsp;<\/p>\n<p>&nbsp;<\/p>\n<p><img loading=\"lazy\" decoding=\"async\" class=\"aligncenter wp-image-264951 size-full\" src=\"https:\/\/zakrasnejsivimperk.cz\/wp-content\/uploads\/2022\/10\/12\/m\u00edru-park-121022-7.jpg\" alt=\"\" width=\"1100\" height=\"770\" srcset=\"https:\/\/zakrasnejsivimperk.cz\/wp-content\/uploads\/2022\/10\/12\/m\u00edru-park-121022-7.jpg 1100w, https:\/\/zakrasnejsivimperk.cz\/wp-content\/uploads\/2022\/10\/12\/m\u00edru-park-121022-7-300x210.jpg 300w, https:\/\/zakrasnejsivimperk.cz\/wp-content\/uploads\/2022\/10\/12\/m\u00edru-park-121022-7-768x538.jpg 768w, https:\/\/zakrasnejsivimperk.cz\/wp-content\/uploads\/2022\/10\/12\/m\u00edru-park-121022-7-1024x717.jpg 1024w, https:\/\/zakrasnejsivimperk.cz\/wp-content\/uploads\/2022\/10\/12\/m\u00edru-park-121022-7-510x357.jpg 510w, https:\/\/zakrasnejsivimperk.cz\/wp-content\/uploads\/2022\/10\/12\/m\u00edru-park-121022-7-690x483.jpg 690w\" sizes=\"(max-width: 1100px) 100vw, 1100px\" \/><\/p>\n<p>&nbsp;<\/p>\n<p>&nbsp;<\/p>\n<p><img loading=\"lazy\" decoding=\"async\" class=\"aligncenter wp-image-264952 size-full\" src=\"https:\/\/zakrasnejsivimperk.cz\/wp-content\/uploads\/2022\/10\/12\/m\u00edru-park-121022-8.jpg\" alt=\"\" width=\"994\" height=\"1100\" srcset=\"https:\/\/zakrasnejsivimperk.cz\/wp-content\/uploads\/2022\/10\/12\/m\u00edru-park-121022-8.jpg 994w, https:\/\/zakrasnejsivimperk.cz\/wp-content\/uploads\/2022\/10\/12\/m\u00edru-park-121022-8-271x300.jpg 271w, https:\/\/zakrasnejsivimperk.cz\/wp-content\/uploads\/2022\/10\/12\/m\u00edru-park-121022-8-768x850.jpg 768w, https:\/\/zakrasnejsivimperk.cz\/wp-content\/uploads\/2022\/10\/12\/m\u00edru-park-121022-8-925x1024.jpg 925w, https:\/\/zakrasnejsivimperk.cz\/wp-content\/uploads\/2022\/10\/12\/m\u00edru-park-121022-8-323x357.jpg 323w, https:\/\/zakrasnejsivimperk.cz\/wp-content\/uploads\/2022\/10\/12\/m\u00edru-park-121022-8-436x483.jpg 436w\" sizes=\"(max-width: 994px) 100vw, 994px\" \/><\/p>\n<p>&nbsp;<\/p>\n<p>&nbsp;<\/p>\n<p><img loading=\"lazy\" decoding=\"async\" class=\"aligncenter wp-image-264953 size-full\" src=\"https:\/\/zakrasnejsivimperk.cz\/wp-content\/uploads\/2022\/10\/12\/m\u00edru-park-121022-9.jpg\" alt=\"\" width=\"918\" height=\"1100\" srcset=\"https:\/\/zakrasnejsivimperk.cz\/wp-content\/uploads\/2022\/10\/12\/m\u00edru-park-121022-9.jpg 918w, https:\/\/zakrasnejsivimperk.cz\/wp-content\/uploads\/2022\/10\/12\/m\u00edru-park-121022-9-250x300.jpg 250w, https:\/\/zakrasnejsivimperk.cz\/wp-content\/uploads\/2022\/10\/12\/m\u00edru-park-121022-9-768x920.jpg 768w, https:\/\/zakrasnejsivimperk.cz\/wp-content\/uploads\/2022\/10\/12\/m\u00edru-park-121022-9-855x1024.jpg 855w, https:\/\/zakrasnejsivimperk.cz\/wp-content\/uploads\/2022\/10\/12\/m\u00edru-park-121022-9-298x357.jpg 298w, https:\/\/zakrasnejsivimperk.cz\/wp-content\/uploads\/2022\/10\/12\/m\u00edru-park-121022-9-403x483.jpg 403w\" sizes=\"(max-width: 918px) 100vw, 918px\" \/><\/p>\n<p>&nbsp;<\/p>\n<p>&nbsp;<\/p>\n<p><img loading=\"lazy\" decoding=\"async\" class=\"aligncenter wp-image-264954 size-full\" src=\"https:\/\/zakrasnejsivimperk.cz\/wp-content\/uploads\/2022\/10\/12\/m\u00edru-park-121022-10.jpg\" alt=\"\" width=\"1017\" height=\"1100\" srcset=\"https:\/\/zakrasnejsivimperk.cz\/wp-content\/uploads\/2022\/10\/12\/m\u00edru-park-121022-10.jpg 1017w, https:\/\/zakrasnejsivimperk.cz\/wp-content\/uploads\/2022\/10\/12\/m\u00edru-park-121022-10-277x300.jpg 277w, https:\/\/zakrasnejsivimperk.cz\/wp-content\/uploads\/2022\/10\/12\/m\u00edru-park-121022-10-768x831.jpg 768w, https:\/\/zakrasnejsivimperk.cz\/wp-content\/uploads\/2022\/10\/12\/m\u00edru-park-121022-10-947x1024.jpg 947w, https:\/\/zakrasnejsivimperk.cz\/wp-content\/uploads\/2022\/10\/12\/m\u00edru-park-121022-10-330x357.jpg 330w, https:\/\/zakrasnejsivimperk.cz\/wp-content\/uploads\/2022\/10\/12\/m\u00edru-park-121022-10-447x483.jpg 447w\" sizes=\"(max-width: 1017px) 100vw, 1017px\" \/><\/p>\n<p>&nbsp;<\/p>\n<p><strong>Foto: (red) &#8211; Za kr\u00e1sn\u011bj\u0161\u00ed Vimperk<\/strong><\/p>\n<hr \/>\n<p>&nbsp;<\/p>\n<p>&nbsp;<\/p>\n","protected":false},"excerpt":{"rendered":"<p>&nbsp; &nbsp; <\/p>\n","protected":false},"author":2,"featured_media":264957,"comment_status":"open","ping_status":"open","sticky":false,"template":"","format":"gallery","meta":{"footnotes":""},"categories":[120,108],"tags":[],"jetpack_featured_media_url":"https:\/\/zakrasnejsivimperk.cz\/wp-content\/uploads\/2022\/10\/12\/r\u00e1m-na-stavb\u011b.jpg","_links":{"self":[{"href":"https:\/\/zakrasnejsivimperk.cz\/index.php?rest_route=\/wp\/v2\/posts\/264944"}],"collection":[{"href":"https:\/\/zakrasnejsivimperk.cz\/index.php?rest_route=\/wp\/v2\/posts"}],"about":[{"href":"https:\/\/zakrasnejsivimperk.cz\/index.php?rest_route=\/wp\/v2\/types\/post"}],"author":[{"embeddable":true,"href":"https:\/\/zakrasnejsivimperk.cz\/index.php?rest_route=\/wp\/v2\/users\/2"}],"replies":[{"embeddable":true,"href":"https:\/\/zakrasnejsivimperk.cz\/index.php?rest_route=%2Fwp%2Fv2%2Fcomments&post=264944"}],"version-history":[{"count":1,"href":"https:\/\/zakrasnejsivimperk.cz\/index.php?rest_route=\/wp\/v2\/posts\/264944\/revisions"}],"predecessor-version":[{"id":264955,"href":"https:\/\/zakrasnejsivimperk.cz\/index.php?rest_route=\/wp\/v2\/posts\/264944\/revisions\/264955"}],"wp:featuredmedia":[{"embeddable":true,"href":"https:\/\/zakrasnejsivimperk.cz\/index.php?rest_route=\/wp\/v2\/media\/264957"}],"wp:attachment":[{"href":"https:\/\/zakrasnejsivimperk.cz\/index.php?rest_route=%2Fwp%2Fv2%2Fmedia&parent=264944"}],"wp:term":[{"taxonomy":"category","embeddable":true,"href":"https:\/\/zakrasnejsivimperk.cz\/index.php?rest_route=%2Fwp%2Fv2%2Fcategories&post=264944"},{"taxonomy":"post_tag","embeddable":true,"href":"https:\/\/zakrasnejsivimperk.cz\/index.php?rest_route=%2Fwp%2Fv2%2Ftags&post=264944"}],"curies":[{"name":"wp","href":"https:\/\/api.w.org\/{rel}","templated":true}]}}