{"id":264779,"date":"2022-10-10T13:22:31","date_gmt":"2022-10-10T12:22:31","guid":{"rendered":"https:\/\/zakrasnejsivimperk.cz\/?p=264779"},"modified":"2022-10-11T12:23:44","modified_gmt":"2022-10-11T11:23:44","slug":"nase-mesto-vimperk-v-barvach-podzimu-v-zamecke-aleji","status":"publish","type":"post","link":"https:\/\/zakrasnejsivimperk.cz\/?p=264779","title":{"rendered":"NA\u0160E M\u011aSTO VIMPERK: V barv\u00e1ch podzimu &#8211; v z\u00e1meck\u00e9 aleji"},"content":{"rendered":"<p><img loading=\"lazy\" decoding=\"async\" class=\"aligncenter wp-image-249847 size-full\" src=\"https:\/\/zakrasnejsivimperk.cz\/wp-content\/uploads\/2022\/03\/19\/Logo-fb.jpg\" alt=\"\" width=\"800\" height=\"324\" srcset=\"https:\/\/zakrasnejsivimperk.cz\/wp-content\/uploads\/2022\/03\/19\/Logo-fb.jpg 800w, https:\/\/zakrasnejsivimperk.cz\/wp-content\/uploads\/2022\/03\/19\/Logo-fb-300x122.jpg 300w, https:\/\/zakrasnejsivimperk.cz\/wp-content\/uploads\/2022\/03\/19\/Logo-fb-768x311.jpg 768w\" sizes=\"(max-width: 800px) 100vw, 800px\" \/><\/p>\n<hr \/>\n<p>&nbsp;<\/p>\n<p>&nbsp;<\/p>\n<p><img loading=\"lazy\" decoding=\"async\" class=\"aligncenter wp-image-264780 size-full\" src=\"https:\/\/zakrasnejsivimperk.cz\/wp-content\/uploads\/2022\/10\/10\/vpk-podzim-z\u00e1meck\u00e1-alej-1.jpg\" alt=\"\" width=\"934\" height=\"1100\" srcset=\"https:\/\/zakrasnejsivimperk.cz\/wp-content\/uploads\/2022\/10\/10\/vpk-podzim-z\u00e1meck\u00e1-alej-1.jpg 934w, https:\/\/zakrasnejsivimperk.cz\/wp-content\/uploads\/2022\/10\/10\/vpk-podzim-z\u00e1meck\u00e1-alej-1-255x300.jpg 255w, https:\/\/zakrasnejsivimperk.cz\/wp-content\/uploads\/2022\/10\/10\/vpk-podzim-z\u00e1meck\u00e1-alej-1-768x904.jpg 768w, https:\/\/zakrasnejsivimperk.cz\/wp-content\/uploads\/2022\/10\/10\/vpk-podzim-z\u00e1meck\u00e1-alej-1-869x1024.jpg 869w, https:\/\/zakrasnejsivimperk.cz\/wp-content\/uploads\/2022\/10\/10\/vpk-podzim-z\u00e1meck\u00e1-alej-1-303x357.jpg 303w, https:\/\/zakrasnejsivimperk.cz\/wp-content\/uploads\/2022\/10\/10\/vpk-podzim-z\u00e1meck\u00e1-alej-1-410x483.jpg 410w\" sizes=\"(max-width: 934px) 100vw, 934px\" \/><\/p>\n<p>&nbsp;<\/p>\n<p>&nbsp;<\/p>\n<p><img loading=\"lazy\" decoding=\"async\" class=\"aligncenter wp-image-264781 size-full\" src=\"https:\/\/zakrasnejsivimperk.cz\/wp-content\/uploads\/2022\/10\/10\/vpk-podzim-z\u00e1meck\u00e1-alej-2.jpg\" alt=\"\" width=\"901\" height=\"1100\" srcset=\"https:\/\/zakrasnejsivimperk.cz\/wp-content\/uploads\/2022\/10\/10\/vpk-podzim-z\u00e1meck\u00e1-alej-2.jpg 901w, https:\/\/zakrasnejsivimperk.cz\/wp-content\/uploads\/2022\/10\/10\/vpk-podzim-z\u00e1meck\u00e1-alej-2-246x300.jpg 246w, https:\/\/zakrasnejsivimperk.cz\/wp-content\/uploads\/2022\/10\/10\/vpk-podzim-z\u00e1meck\u00e1-alej-2-768x938.jpg 768w, https:\/\/zakrasnejsivimperk.cz\/wp-content\/uploads\/2022\/10\/10\/vpk-podzim-z\u00e1meck\u00e1-alej-2-839x1024.jpg 839w, https:\/\/zakrasnejsivimperk.cz\/wp-content\/uploads\/2022\/10\/10\/vpk-podzim-z\u00e1meck\u00e1-alej-2-292x357.jpg 292w, https:\/\/zakrasnejsivimperk.cz\/wp-content\/uploads\/2022\/10\/10\/vpk-podzim-z\u00e1meck\u00e1-alej-2-396x483.jpg 396w\" sizes=\"(max-width: 901px) 100vw, 901px\" \/><\/p>\n<p>&nbsp;<\/p>\n<p>&nbsp;<\/p>\n<p><img loading=\"lazy\" decoding=\"async\" class=\"aligncenter wp-image-264782 size-full\" src=\"https:\/\/zakrasnejsivimperk.cz\/wp-content\/uploads\/2022\/10\/10\/vpk-podzim-z\u00e1meck\u00e1-alej-3.jpg\" alt=\"\" width=\"889\" height=\"1100\" srcset=\"https:\/\/zakrasnejsivimperk.cz\/wp-content\/uploads\/2022\/10\/10\/vpk-podzim-z\u00e1meck\u00e1-alej-3.jpg 889w, https:\/\/zakrasnejsivimperk.cz\/wp-content\/uploads\/2022\/10\/10\/vpk-podzim-z\u00e1meck\u00e1-alej-3-242x300.jpg 242w, https:\/\/zakrasnejsivimperk.cz\/wp-content\/uploads\/2022\/10\/10\/vpk-podzim-z\u00e1meck\u00e1-alej-3-768x950.jpg 768w, https:\/\/zakrasnejsivimperk.cz\/wp-content\/uploads\/2022\/10\/10\/vpk-podzim-z\u00e1meck\u00e1-alej-3-828x1024.jpg 828w, https:\/\/zakrasnejsivimperk.cz\/wp-content\/uploads\/2022\/10\/10\/vpk-podzim-z\u00e1meck\u00e1-alej-3-289x357.jpg 289w, https:\/\/zakrasnejsivimperk.cz\/wp-content\/uploads\/2022\/10\/10\/vpk-podzim-z\u00e1meck\u00e1-alej-3-390x483.jpg 390w\" sizes=\"(max-width: 889px) 100vw, 889px\" \/><\/p>\n<p>&nbsp;<\/p>\n<p>&nbsp;<\/p>\n<p><img loading=\"lazy\" decoding=\"async\" class=\"aligncenter wp-image-264783 size-full\" src=\"https:\/\/zakrasnejsivimperk.cz\/wp-content\/uploads\/2022\/10\/10\/vpk-podzim-z\u00e1meck\u00e1-alej-4.jpg\" alt=\"\" width=\"870\" height=\"1100\" srcset=\"https:\/\/zakrasnejsivimperk.cz\/wp-content\/uploads\/2022\/10\/10\/vpk-podzim-z\u00e1meck\u00e1-alej-4.jpg 870w, https:\/\/zakrasnejsivimperk.cz\/wp-content\/uploads\/2022\/10\/10\/vpk-podzim-z\u00e1meck\u00e1-alej-4-237x300.jpg 237w, https:\/\/zakrasnejsivimperk.cz\/wp-content\/uploads\/2022\/10\/10\/vpk-podzim-z\u00e1meck\u00e1-alej-4-768x971.jpg 768w, https:\/\/zakrasnejsivimperk.cz\/wp-content\/uploads\/2022\/10\/10\/vpk-podzim-z\u00e1meck\u00e1-alej-4-810x1024.jpg 810w, https:\/\/zakrasnejsivimperk.cz\/wp-content\/uploads\/2022\/10\/10\/vpk-podzim-z\u00e1meck\u00e1-alej-4-282x357.jpg 282w, https:\/\/zakrasnejsivimperk.cz\/wp-content\/uploads\/2022\/10\/10\/vpk-podzim-z\u00e1meck\u00e1-alej-4-382x483.jpg 382w\" sizes=\"(max-width: 870px) 100vw, 870px\" \/><\/p>\n<p>&nbsp;<\/p>\n<p>&nbsp;<\/p>\n<p><img loading=\"lazy\" decoding=\"async\" class=\"aligncenter wp-image-264784 size-full\" src=\"https:\/\/zakrasnejsivimperk.cz\/wp-content\/uploads\/2022\/10\/10\/vpk-podzim-z\u00e1meck\u00e1-alej-5.jpg\" alt=\"\" width=\"901\" height=\"1100\" srcset=\"https:\/\/zakrasnejsivimperk.cz\/wp-content\/uploads\/2022\/10\/10\/vpk-podzim-z\u00e1meck\u00e1-alej-5.jpg 901w, https:\/\/zakrasnejsivimperk.cz\/wp-content\/uploads\/2022\/10\/10\/vpk-podzim-z\u00e1meck\u00e1-alej-5-246x300.jpg 246w, https:\/\/zakrasnejsivimperk.cz\/wp-content\/uploads\/2022\/10\/10\/vpk-podzim-z\u00e1meck\u00e1-alej-5-768x938.jpg 768w, https:\/\/zakrasnejsivimperk.cz\/wp-content\/uploads\/2022\/10\/10\/vpk-podzim-z\u00e1meck\u00e1-alej-5-839x1024.jpg 839w, https:\/\/zakrasnejsivimperk.cz\/wp-content\/uploads\/2022\/10\/10\/vpk-podzim-z\u00e1meck\u00e1-alej-5-292x357.jpg 292w, https:\/\/zakrasnejsivimperk.cz\/wp-content\/uploads\/2022\/10\/10\/vpk-podzim-z\u00e1meck\u00e1-alej-5-396x483.jpg 396w\" sizes=\"(max-width: 901px) 100vw, 901px\" \/><\/p>\n<p>&nbsp;<\/p>\n<p>&nbsp;<\/p>\n<p><img loading=\"lazy\" decoding=\"async\" class=\"aligncenter wp-image-264785 size-full\" src=\"https:\/\/zakrasnejsivimperk.cz\/wp-content\/uploads\/2022\/10\/10\/vpk-podzim-z\u00e1meck\u00e1-alej-6.jpg\" alt=\"\" width=\"864\" height=\"1100\" srcset=\"https:\/\/zakrasnejsivimperk.cz\/wp-content\/uploads\/2022\/10\/10\/vpk-podzim-z\u00e1meck\u00e1-alej-6.jpg 864w, https:\/\/zakrasnejsivimperk.cz\/wp-content\/uploads\/2022\/10\/10\/vpk-podzim-z\u00e1meck\u00e1-alej-6-236x300.jpg 236w, https:\/\/zakrasnejsivimperk.cz\/wp-content\/uploads\/2022\/10\/10\/vpk-podzim-z\u00e1meck\u00e1-alej-6-768x978.jpg 768w, https:\/\/zakrasnejsivimperk.cz\/wp-content\/uploads\/2022\/10\/10\/vpk-podzim-z\u00e1meck\u00e1-alej-6-804x1024.jpg 804w, https:\/\/zakrasnejsivimperk.cz\/wp-content\/uploads\/2022\/10\/10\/vpk-podzim-z\u00e1meck\u00e1-alej-6-280x357.jpg 280w, https:\/\/zakrasnejsivimperk.cz\/wp-content\/uploads\/2022\/10\/10\/vpk-podzim-z\u00e1meck\u00e1-alej-6-379x483.jpg 379w\" sizes=\"(max-width: 864px) 100vw, 864px\" \/><\/p>\n<p>&nbsp;<\/p>\n<p>&nbsp;<\/p>\n<p><img loading=\"lazy\" decoding=\"async\" class=\"aligncenter wp-image-264786 size-full\" src=\"https:\/\/zakrasnejsivimperk.cz\/wp-content\/uploads\/2022\/10\/10\/vpk-podzim-z\u00e1meck\u00e1-alej-7.jpg\" alt=\"\" width=\"825\" height=\"1100\" srcset=\"https:\/\/zakrasnejsivimperk.cz\/wp-content\/uploads\/2022\/10\/10\/vpk-podzim-z\u00e1meck\u00e1-alej-7.jpg 825w, https:\/\/zakrasnejsivimperk.cz\/wp-content\/uploads\/2022\/10\/10\/vpk-podzim-z\u00e1meck\u00e1-alej-7-225x300.jpg 225w, https:\/\/zakrasnejsivimperk.cz\/wp-content\/uploads\/2022\/10\/10\/vpk-podzim-z\u00e1meck\u00e1-alej-7-768x1024.jpg 768w, https:\/\/zakrasnejsivimperk.cz\/wp-content\/uploads\/2022\/10\/10\/vpk-podzim-z\u00e1meck\u00e1-alej-7-268x357.jpg 268w, https:\/\/zakrasnejsivimperk.cz\/wp-content\/uploads\/2022\/10\/10\/vpk-podzim-z\u00e1meck\u00e1-alej-7-362x483.jpg 362w\" sizes=\"(max-width: 825px) 100vw, 825px\" \/><\/p>\n<p>&nbsp;<\/p>\n<p>&nbsp;<\/p>\n<p><img loading=\"lazy\" decoding=\"async\" class=\"aligncenter wp-image-264787 size-full\" src=\"https:\/\/zakrasnejsivimperk.cz\/wp-content\/uploads\/2022\/10\/10\/vpk-podzim-z\u00e1meck\u00e1-alej-8.jpg\" alt=\"\" width=\"825\" height=\"1100\" srcset=\"https:\/\/zakrasnejsivimperk.cz\/wp-content\/uploads\/2022\/10\/10\/vpk-podzim-z\u00e1meck\u00e1-alej-8.jpg 825w, https:\/\/zakrasnejsivimperk.cz\/wp-content\/uploads\/2022\/10\/10\/vpk-podzim-z\u00e1meck\u00e1-alej-8-225x300.jpg 225w, https:\/\/zakrasnejsivimperk.cz\/wp-content\/uploads\/2022\/10\/10\/vpk-podzim-z\u00e1meck\u00e1-alej-8-768x1024.jpg 768w, https:\/\/zakrasnejsivimperk.cz\/wp-content\/uploads\/2022\/10\/10\/vpk-podzim-z\u00e1meck\u00e1-alej-8-268x357.jpg 268w, https:\/\/zakrasnejsivimperk.cz\/wp-content\/uploads\/2022\/10\/10\/vpk-podzim-z\u00e1meck\u00e1-alej-8-362x483.jpg 362w\" sizes=\"(max-width: 825px) 100vw, 825px\" \/><\/p>\n<p>&nbsp;<\/p>\n<p>&nbsp;<\/p>\n<p><img loading=\"lazy\" decoding=\"async\" class=\"aligncenter wp-image-264788 size-full\" src=\"https:\/\/zakrasnejsivimperk.cz\/wp-content\/uploads\/2022\/10\/10\/vpk-podzim-z\u00e1meck\u00e1-alej-9.jpg\" alt=\"\" width=\"903\" height=\"1100\" srcset=\"https:\/\/zakrasnejsivimperk.cz\/wp-content\/uploads\/2022\/10\/10\/vpk-podzim-z\u00e1meck\u00e1-alej-9.jpg 903w, https:\/\/zakrasnejsivimperk.cz\/wp-content\/uploads\/2022\/10\/10\/vpk-podzim-z\u00e1meck\u00e1-alej-9-246x300.jpg 246w, https:\/\/zakrasnejsivimperk.cz\/wp-content\/uploads\/2022\/10\/10\/vpk-podzim-z\u00e1meck\u00e1-alej-9-768x936.jpg 768w, https:\/\/zakrasnejsivimperk.cz\/wp-content\/uploads\/2022\/10\/10\/vpk-podzim-z\u00e1meck\u00e1-alej-9-841x1024.jpg 841w, https:\/\/zakrasnejsivimperk.cz\/wp-content\/uploads\/2022\/10\/10\/vpk-podzim-z\u00e1meck\u00e1-alej-9-293x357.jpg 293w, https:\/\/zakrasnejsivimperk.cz\/wp-content\/uploads\/2022\/10\/10\/vpk-podzim-z\u00e1meck\u00e1-alej-9-396x483.jpg 396w\" sizes=\"(max-width: 903px) 100vw, 903px\" \/><\/p>\n<p>&nbsp;<\/p>\n<p>&nbsp;<\/p>\n<p><img loading=\"lazy\" decoding=\"async\" class=\"aligncenter wp-image-264789 size-full\" src=\"https:\/\/zakrasnejsivimperk.cz\/wp-content\/uploads\/2022\/10\/10\/vpk-podzim-z\u00e1meck\u00e1-alej-10.jpg\" alt=\"\" width=\"825\" height=\"1100\" srcset=\"https:\/\/zakrasnejsivimperk.cz\/wp-content\/uploads\/2022\/10\/10\/vpk-podzim-z\u00e1meck\u00e1-alej-10.jpg 825w, https:\/\/zakrasnejsivimperk.cz\/wp-content\/uploads\/2022\/10\/10\/vpk-podzim-z\u00e1meck\u00e1-alej-10-225x300.jpg 225w, https:\/\/zakrasnejsivimperk.cz\/wp-content\/uploads\/2022\/10\/10\/vpk-podzim-z\u00e1meck\u00e1-alej-10-768x1024.jpg 768w, https:\/\/zakrasnejsivimperk.cz\/wp-content\/uploads\/2022\/10\/10\/vpk-podzim-z\u00e1meck\u00e1-alej-10-268x357.jpg 268w, https:\/\/zakrasnejsivimperk.cz\/wp-content\/uploads\/2022\/10\/10\/vpk-podzim-z\u00e1meck\u00e1-alej-10-362x483.jpg 362w\" sizes=\"(max-width: 825px) 100vw, 825px\" \/><\/p>\n<p>&nbsp;<\/p>\n<p>&nbsp;<\/p>\n<p><img loading=\"lazy\" decoding=\"async\" class=\"aligncenter wp-image-264790 size-full\" src=\"https:\/\/zakrasnejsivimperk.cz\/wp-content\/uploads\/2022\/10\/10\/vpk-podzim-z\u00e1meck\u00e1-alej-11.jpg\" alt=\"\" width=\"825\" height=\"1100\" srcset=\"https:\/\/zakrasnejsivimperk.cz\/wp-content\/uploads\/2022\/10\/10\/vpk-podzim-z\u00e1meck\u00e1-alej-11.jpg 825w, https:\/\/zakrasnejsivimperk.cz\/wp-content\/uploads\/2022\/10\/10\/vpk-podzim-z\u00e1meck\u00e1-alej-11-225x300.jpg 225w, https:\/\/zakrasnejsivimperk.cz\/wp-content\/uploads\/2022\/10\/10\/vpk-podzim-z\u00e1meck\u00e1-alej-11-768x1024.jpg 768w, https:\/\/zakrasnejsivimperk.cz\/wp-content\/uploads\/2022\/10\/10\/vpk-podzim-z\u00e1meck\u00e1-alej-11-268x357.jpg 268w, https:\/\/zakrasnejsivimperk.cz\/wp-content\/uploads\/2022\/10\/10\/vpk-podzim-z\u00e1meck\u00e1-alej-11-362x483.jpg 362w\" sizes=\"(max-width: 825px) 100vw, 825px\" \/><\/p>\n<p>&nbsp;<\/p>\n<p>&nbsp;<\/p>\n<p><img loading=\"lazy\" decoding=\"async\" class=\"aligncenter wp-image-264791 size-full\" src=\"https:\/\/zakrasnejsivimperk.cz\/wp-content\/uploads\/2022\/10\/10\/vpk-podzim-z\u00e1meck\u00e1-alej-12.jpg\" alt=\"\" width=\"825\" height=\"1100\" srcset=\"https:\/\/zakrasnejsivimperk.cz\/wp-content\/uploads\/2022\/10\/10\/vpk-podzim-z\u00e1meck\u00e1-alej-12.jpg 825w, https:\/\/zakrasnejsivimperk.cz\/wp-content\/uploads\/2022\/10\/10\/vpk-podzim-z\u00e1meck\u00e1-alej-12-225x300.jpg 225w, https:\/\/zakrasnejsivimperk.cz\/wp-content\/uploads\/2022\/10\/10\/vpk-podzim-z\u00e1meck\u00e1-alej-12-768x1024.jpg 768w, https:\/\/zakrasnejsivimperk.cz\/wp-content\/uploads\/2022\/10\/10\/vpk-podzim-z\u00e1meck\u00e1-alej-12-268x357.jpg 268w, https:\/\/zakrasnejsivimperk.cz\/wp-content\/uploads\/2022\/10\/10\/vpk-podzim-z\u00e1meck\u00e1-alej-12-362x483.jpg 362w\" sizes=\"(max-width: 825px) 100vw, 825px\" \/><\/p>\n<p>&nbsp;<\/p>\n<p>&nbsp;<\/p>\n<p><img loading=\"lazy\" decoding=\"async\" class=\"aligncenter wp-image-264792 size-full\" src=\"https:\/\/zakrasnejsivimperk.cz\/wp-content\/uploads\/2022\/10\/10\/vpk-podzim-z\u00e1meck\u00e1-alej-13.jpg\" alt=\"\" width=\"825\" height=\"1100\" srcset=\"https:\/\/zakrasnejsivimperk.cz\/wp-content\/uploads\/2022\/10\/10\/vpk-podzim-z\u00e1meck\u00e1-alej-13.jpg 825w, https:\/\/zakrasnejsivimperk.cz\/wp-content\/uploads\/2022\/10\/10\/vpk-podzim-z\u00e1meck\u00e1-alej-13-225x300.jpg 225w, https:\/\/zakrasnejsivimperk.cz\/wp-content\/uploads\/2022\/10\/10\/vpk-podzim-z\u00e1meck\u00e1-alej-13-768x1024.jpg 768w, https:\/\/zakrasnejsivimperk.cz\/wp-content\/uploads\/2022\/10\/10\/vpk-podzim-z\u00e1meck\u00e1-alej-13-268x357.jpg 268w, https:\/\/zakrasnejsivimperk.cz\/wp-content\/uploads\/2022\/10\/10\/vpk-podzim-z\u00e1meck\u00e1-alej-13-362x483.jpg 362w\" sizes=\"(max-width: 825px) 100vw, 825px\" \/><\/p>\n<p>&nbsp;<\/p>\n<p>&nbsp;<\/p>\n<p><img loading=\"lazy\" decoding=\"async\" class=\"aligncenter wp-image-264793 size-full\" src=\"https:\/\/zakrasnejsivimperk.cz\/wp-content\/uploads\/2022\/10\/10\/vpk-podzim-z\u00e1meck\u00e1-alej-14.jpg\" alt=\"\" width=\"825\" height=\"1100\" srcset=\"https:\/\/zakrasnejsivimperk.cz\/wp-content\/uploads\/2022\/10\/10\/vpk-podzim-z\u00e1meck\u00e1-alej-14.jpg 825w, https:\/\/zakrasnejsivimperk.cz\/wp-content\/uploads\/2022\/10\/10\/vpk-podzim-z\u00e1meck\u00e1-alej-14-225x300.jpg 225w, https:\/\/zakrasnejsivimperk.cz\/wp-content\/uploads\/2022\/10\/10\/vpk-podzim-z\u00e1meck\u00e1-alej-14-768x1024.jpg 768w, https:\/\/zakrasnejsivimperk.cz\/wp-content\/uploads\/2022\/10\/10\/vpk-podzim-z\u00e1meck\u00e1-alej-14-268x357.jpg 268w, https:\/\/zakrasnejsivimperk.cz\/wp-content\/uploads\/2022\/10\/10\/vpk-podzim-z\u00e1meck\u00e1-alej-14-362x483.jpg 362w\" sizes=\"(max-width: 825px) 100vw, 825px\" \/><\/p>\n<p>&nbsp;<\/p>\n<p>&nbsp;<\/p>\n<p><img loading=\"lazy\" decoding=\"async\" class=\"aligncenter wp-image-264794 size-full\" src=\"https:\/\/zakrasnejsivimperk.cz\/wp-content\/uploads\/2022\/10\/10\/vpk-podzim-z\u00e1meck\u00e1-alej-15.jpg\" alt=\"\" width=\"825\" height=\"1100\" srcset=\"https:\/\/zakrasnejsivimperk.cz\/wp-content\/uploads\/2022\/10\/10\/vpk-podzim-z\u00e1meck\u00e1-alej-15.jpg 825w, https:\/\/zakrasnejsivimperk.cz\/wp-content\/uploads\/2022\/10\/10\/vpk-podzim-z\u00e1meck\u00e1-alej-15-225x300.jpg 225w, https:\/\/zakrasnejsivimperk.cz\/wp-content\/uploads\/2022\/10\/10\/vpk-podzim-z\u00e1meck\u00e1-alej-15-768x1024.jpg 768w, https:\/\/zakrasnejsivimperk.cz\/wp-content\/uploads\/2022\/10\/10\/vpk-podzim-z\u00e1meck\u00e1-alej-15-268x357.jpg 268w, https:\/\/zakrasnejsivimperk.cz\/wp-content\/uploads\/2022\/10\/10\/vpk-podzim-z\u00e1meck\u00e1-alej-15-362x483.jpg 362w\" sizes=\"(max-width: 825px) 100vw, 825px\" \/><\/p>\n<p>&nbsp;<\/p>\n<p>&nbsp;<\/p>\n<p><img loading=\"lazy\" decoding=\"async\" class=\"aligncenter wp-image-264795 size-full\" src=\"https:\/\/zakrasnejsivimperk.cz\/wp-content\/uploads\/2022\/10\/10\/vpk-podzim-z\u00e1meck\u00e1-alej-16.jpg\" alt=\"\" width=\"825\" height=\"1100\" srcset=\"https:\/\/zakrasnejsivimperk.cz\/wp-content\/uploads\/2022\/10\/10\/vpk-podzim-z\u00e1meck\u00e1-alej-16.jpg 825w, https:\/\/zakrasnejsivimperk.cz\/wp-content\/uploads\/2022\/10\/10\/vpk-podzim-z\u00e1meck\u00e1-alej-16-225x300.jpg 225w, https:\/\/zakrasnejsivimperk.cz\/wp-content\/uploads\/2022\/10\/10\/vpk-podzim-z\u00e1meck\u00e1-alej-16-768x1024.jpg 768w, https:\/\/zakrasnejsivimperk.cz\/wp-content\/uploads\/2022\/10\/10\/vpk-podzim-z\u00e1meck\u00e1-alej-16-268x357.jpg 268w, https:\/\/zakrasnejsivimperk.cz\/wp-content\/uploads\/2022\/10\/10\/vpk-podzim-z\u00e1meck\u00e1-alej-16-362x483.jpg 362w\" sizes=\"(max-width: 825px) 100vw, 825px\" \/><\/p>\n<p>&nbsp;<\/p>\n<p>&nbsp;<\/p>\n<p><img loading=\"lazy\" decoding=\"async\" class=\"aligncenter wp-image-264796 size-full\" src=\"https:\/\/zakrasnejsivimperk.cz\/wp-content\/uploads\/2022\/10\/10\/vpk-podzim-z\u00e1meck\u00e1-alej-17.jpg\" alt=\"\" width=\"825\" height=\"1100\" srcset=\"https:\/\/zakrasnejsivimperk.cz\/wp-content\/uploads\/2022\/10\/10\/vpk-podzim-z\u00e1meck\u00e1-alej-17.jpg 825w, https:\/\/zakrasnejsivimperk.cz\/wp-content\/uploads\/2022\/10\/10\/vpk-podzim-z\u00e1meck\u00e1-alej-17-225x300.jpg 225w, https:\/\/zakrasnejsivimperk.cz\/wp-content\/uploads\/2022\/10\/10\/vpk-podzim-z\u00e1meck\u00e1-alej-17-768x1024.jpg 768w, https:\/\/zakrasnejsivimperk.cz\/wp-content\/uploads\/2022\/10\/10\/vpk-podzim-z\u00e1meck\u00e1-alej-17-268x357.jpg 268w, https:\/\/zakrasnejsivimperk.cz\/wp-content\/uploads\/2022\/10\/10\/vpk-podzim-z\u00e1meck\u00e1-alej-17-362x483.jpg 362w\" sizes=\"(max-width: 825px) 100vw, 825px\" \/><\/p>\n<p>&nbsp;<\/p>\n<p>&nbsp;<\/p>\n<p><img loading=\"lazy\" decoding=\"async\" class=\"aligncenter wp-image-264797 size-full\" src=\"https:\/\/zakrasnejsivimperk.cz\/wp-content\/uploads\/2022\/10\/10\/vpk-podzim-z\u00e1meck\u00e1-alej-18.jpg\" alt=\"\" width=\"825\" height=\"1100\" srcset=\"https:\/\/zakrasnejsivimperk.cz\/wp-content\/uploads\/2022\/10\/10\/vpk-podzim-z\u00e1meck\u00e1-alej-18.jpg 825w, https:\/\/zakrasnejsivimperk.cz\/wp-content\/uploads\/2022\/10\/10\/vpk-podzim-z\u00e1meck\u00e1-alej-18-225x300.jpg 225w, https:\/\/zakrasnejsivimperk.cz\/wp-content\/uploads\/2022\/10\/10\/vpk-podzim-z\u00e1meck\u00e1-alej-18-768x1024.jpg 768w, https:\/\/zakrasnejsivimperk.cz\/wp-content\/uploads\/2022\/10\/10\/vpk-podzim-z\u00e1meck\u00e1-alej-18-268x357.jpg 268w, https:\/\/zakrasnejsivimperk.cz\/wp-content\/uploads\/2022\/10\/10\/vpk-podzim-z\u00e1meck\u00e1-alej-18-362x483.jpg 362w\" sizes=\"(max-width: 825px) 100vw, 825px\" \/><\/p>\n<p>&nbsp;<\/p>\n<p><strong>Foto: (red) &#8211; Za kr\u00e1sn\u011bj\u0161\u00ed Vimperk<\/strong><\/p>\n<hr \/>\n<p>&nbsp;<\/p>\n<p>&nbsp;<\/p>\n","protected":false},"excerpt":{"rendered":"<p>&nbsp; &nbsp; <\/p>\n","protected":false},"author":2,"featured_media":264799,"comment_status":"open","ping_status":"open","sticky":false,"template":"","format":"gallery","meta":{"footnotes":""},"categories":[120,108],"tags":[],"jetpack_featured_media_url":"https:\/\/zakrasnejsivimperk.cz\/wp-content\/uploads\/2022\/10\/10\/r\u00e1m-alej.jpg","_links":{"self":[{"href":"https:\/\/zakrasnejsivimperk.cz\/index.php?rest_route=\/wp\/v2\/posts\/264779"}],"collection":[{"href":"https:\/\/zakrasnejsivimperk.cz\/index.php?rest_route=\/wp\/v2\/posts"}],"about":[{"href":"https:\/\/zakrasnejsivimperk.cz\/index.php?rest_route=\/wp\/v2\/types\/post"}],"author":[{"embeddable":true,"href":"https:\/\/zakrasnejsivimperk.cz\/index.php?rest_route=\/wp\/v2\/users\/2"}],"replies":[{"embeddable":true,"href":"https:\/\/zakrasnejsivimperk.cz\/index.php?rest_route=%2Fwp%2Fv2%2Fcomments&post=264779"}],"version-history":[{"count":1,"href":"https:\/\/zakrasnejsivimperk.cz\/index.php?rest_route=\/wp\/v2\/posts\/264779\/revisions"}],"predecessor-version":[{"id":264798,"href":"https:\/\/zakrasnejsivimperk.cz\/index.php?rest_route=\/wp\/v2\/posts\/264779\/revisions\/264798"}],"wp:featuredmedia":[{"embeddable":true,"href":"https:\/\/zakrasnejsivimperk.cz\/index.php?rest_route=\/wp\/v2\/media\/264799"}],"wp:attachment":[{"href":"https:\/\/zakrasnejsivimperk.cz\/index.php?rest_route=%2Fwp%2Fv2%2Fmedia&parent=264779"}],"wp:term":[{"taxonomy":"category","embeddable":true,"href":"https:\/\/zakrasnejsivimperk.cz\/index.php?rest_route=%2Fwp%2Fv2%2Fcategories&post=264779"},{"taxonomy":"post_tag","embeddable":true,"href":"https:\/\/zakrasnejsivimperk.cz\/index.php?rest_route=%2Fwp%2Fv2%2Ftags&post=264779"}],"curies":[{"name":"wp","href":"https:\/\/api.w.org\/{rel}","templated":true}]}}