{"id":264636,"date":"2022-10-07T19:10:05","date_gmt":"2022-10-07T18:10:05","guid":{"rendered":"https:\/\/zakrasnejsivimperk.cz\/?p=264636"},"modified":"2022-10-10T13:28:00","modified_gmt":"2022-10-10T12:28:00","slug":"jizni-cechy-v-barvach-podzimu-park-na-sadech-v-ceskych-budejovicich","status":"publish","type":"post","link":"https:\/\/zakrasnejsivimperk.cz\/?p=264636","title":{"rendered":"JI\u017dN\u00cd \u010cECHY: V barv\u00e1ch podzimu &#8211; park Na Sadech v \u010cesk\u00fdch Bud\u011bjovic\u00edch"},"content":{"rendered":"<figure id=\"attachment_264637\" aria-describedby=\"caption-attachment-264637\" style=\"width: 825px\" class=\"wp-caption aligncenter\"><img loading=\"lazy\" decoding=\"async\" class=\"wp-image-264637 size-full\" src=\"https:\/\/zakrasnejsivimperk.cz\/wp-content\/uploads\/2022\/10\/07\/cb-na-sadech-podzim-1.jpg\" alt=\"\" width=\"825\" height=\"940\" srcset=\"https:\/\/zakrasnejsivimperk.cz\/wp-content\/uploads\/2022\/10\/07\/cb-na-sadech-podzim-1.jpg 825w, https:\/\/zakrasnejsivimperk.cz\/wp-content\/uploads\/2022\/10\/07\/cb-na-sadech-podzim-1-263x300.jpg 263w, https:\/\/zakrasnejsivimperk.cz\/wp-content\/uploads\/2022\/10\/07\/cb-na-sadech-podzim-1-768x875.jpg 768w, https:\/\/zakrasnejsivimperk.cz\/wp-content\/uploads\/2022\/10\/07\/cb-na-sadech-podzim-1-313x357.jpg 313w, https:\/\/zakrasnejsivimperk.cz\/wp-content\/uploads\/2022\/10\/07\/cb-na-sadech-podzim-1-424x483.jpg 424w\" sizes=\"(max-width: 825px) 100vw, 825px\" \/><figcaption id=\"caption-attachment-264637\" class=\"wp-caption-text\">Foto: (red) &#8211; Za kr\u00e1sn\u011bj\u0161\u00ed Vimperk<\/figcaption><\/figure>\n<hr \/>\n<p>&nbsp;<\/p>\n<p>&nbsp;<\/p>\n<p>&nbsp;<\/p>\n","protected":false},"excerpt":{"rendered":"<p>&nbsp; &nbsp; <\/p>\n","protected":false},"author":2,"featured_media":264637,"comment_status":"open","ping_status":"open","sticky":false,"template":"","format":"gallery","meta":{"footnotes":""},"categories":[171,72],"tags":[],"jetpack_featured_media_url":"https:\/\/zakrasnejsivimperk.cz\/wp-content\/uploads\/2022\/10\/07\/cb-na-sadech-podzim-1.jpg","_links":{"self":[{"href":"https:\/\/zakrasnejsivimperk.cz\/index.php?rest_route=\/wp\/v2\/posts\/264636"}],"collection":[{"href":"https:\/\/zakrasnejsivimperk.cz\/index.php?rest_route=\/wp\/v2\/posts"}],"about":[{"href":"https:\/\/zakrasnejsivimperk.cz\/index.php?rest_route=\/wp\/v2\/types\/post"}],"author":[{"embeddable":true,"href":"https:\/\/zakrasnejsivimperk.cz\/index.php?rest_route=\/wp\/v2\/users\/2"}],"replies":[{"embeddable":true,"href":"https:\/\/zakrasnejsivimperk.cz\/index.php?rest_route=%2Fwp%2Fv2%2Fcomments&post=264636"}],"version-history":[{"count":1,"href":"https:\/\/zakrasnejsivimperk.cz\/index.php?rest_route=\/wp\/v2\/posts\/264636\/revisions"}],"predecessor-version":[{"id":264638,"href":"https:\/\/zakrasnejsivimperk.cz\/index.php?rest_route=\/wp\/v2\/posts\/264636\/revisions\/264638"}],"wp:featuredmedia":[{"embeddable":true,"href":"https:\/\/zakrasnejsivimperk.cz\/index.php?rest_route=\/wp\/v2\/media\/264637"}],"wp:attachment":[{"href":"https:\/\/zakrasnejsivimperk.cz\/index.php?rest_route=%2Fwp%2Fv2%2Fmedia&parent=264636"}],"wp:term":[{"taxonomy":"category","embeddable":true,"href":"https:\/\/zakrasnejsivimperk.cz\/index.php?rest_route=%2Fwp%2Fv2%2Fcategories&post=264636"},{"taxonomy":"post_tag","embeddable":true,"href":"https:\/\/zakrasnejsivimperk.cz\/index.php?rest_route=%2Fwp%2Fv2%2Ftags&post=264636"}],"curies":[{"name":"wp","href":"https:\/\/api.w.org\/{rel}","templated":true}]}}