{"id":264461,"date":"2022-10-06T18:27:35","date_gmt":"2022-10-06T17:27:35","guid":{"rendered":"https:\/\/zakrasnejsivimperk.cz\/?p=264461"},"modified":"2022-10-08T13:23:50","modified_gmt":"2022-10-08T12:23:50","slug":"nase-mesto-vimperk-vsimavy-objektiv-zapomenuta-predvolebni-agitace","status":"publish","type":"post","link":"https:\/\/zakrasnejsivimperk.cz\/?p=264461","title":{"rendered":"NA\u0160E M\u011aSTO VIMPERK: V\u0161\u00edmav\u00fd objektiv &#8211; Zapomenut\u00e1 p\u0159edvolebn\u00ed agitace"},"content":{"rendered":"<p><img loading=\"lazy\" decoding=\"async\" class=\"wp-image-249847 size-full aligncenter\" src=\"https:\/\/zakrasnejsivimperk.cz\/wp-content\/uploads\/2022\/03\/19\/Logo-fb.jpg\" alt=\"\" width=\"800\" height=\"324\" srcset=\"https:\/\/zakrasnejsivimperk.cz\/wp-content\/uploads\/2022\/03\/19\/Logo-fb.jpg 800w, https:\/\/zakrasnejsivimperk.cz\/wp-content\/uploads\/2022\/03\/19\/Logo-fb-300x122.jpg 300w, https:\/\/zakrasnejsivimperk.cz\/wp-content\/uploads\/2022\/03\/19\/Logo-fb-768x311.jpg 768w\" sizes=\"(max-width: 800px) 100vw, 800px\" \/><\/p>\n<hr \/>\n<p>&nbsp;<\/p>\n<h4 style=\"text-align: center;\">&#8230; aneb: N\u011bkte\u0159\u00ed kandid\u00e1ti st\u00e1le <a href=\"https:\/\/zakrasnejsivimperk.cz\/?p=263373\" target=\"_blank\" rel=\"noopener\">vis\u00ed na lamp\u00e1ch<\/a> ve\u0159ejn\u00e9ho osv\u011btlen\u00ed&#8230;<\/h4>\n<p>&nbsp;<\/p>\n<figure id=\"attachment_264462\" aria-describedby=\"caption-attachment-264462\" style=\"width: 907px\" class=\"wp-caption aligncenter\"><img loading=\"lazy\" decoding=\"async\" class=\"wp-image-264462 size-full\" src=\"https:\/\/zakrasnejsivimperk.cz\/wp-content\/uploads\/2022\/10\/05\/kandid\u00e1ti-na-lamp\u011b.jpg\" alt=\"\" width=\"907\" height=\"1100\" srcset=\"https:\/\/zakrasnejsivimperk.cz\/wp-content\/uploads\/2022\/10\/05\/kandid\u00e1ti-na-lamp\u011b.jpg 907w, https:\/\/zakrasnejsivimperk.cz\/wp-content\/uploads\/2022\/10\/05\/kandid\u00e1ti-na-lamp\u011b-247x300.jpg 247w, https:\/\/zakrasnejsivimperk.cz\/wp-content\/uploads\/2022\/10\/05\/kandid\u00e1ti-na-lamp\u011b-768x931.jpg 768w, https:\/\/zakrasnejsivimperk.cz\/wp-content\/uploads\/2022\/10\/05\/kandid\u00e1ti-na-lamp\u011b-844x1024.jpg 844w, https:\/\/zakrasnejsivimperk.cz\/wp-content\/uploads\/2022\/10\/05\/kandid\u00e1ti-na-lamp\u011b-294x357.jpg 294w, https:\/\/zakrasnejsivimperk.cz\/wp-content\/uploads\/2022\/10\/05\/kandid\u00e1ti-na-lamp\u011b-398x483.jpg 398w\" sizes=\"(max-width: 907px) 100vw, 907px\" \/><figcaption id=\"caption-attachment-264462\" class=\"wp-caption-text\">Foto: (red) &#8211; Za kr\u00e1sn\u011bj\u0161\u00ed Vimperk<\/figcaption><\/figure>\n<hr \/>\n<p>&nbsp;<\/p>\n<p>&nbsp;<\/p>\n<p>&nbsp;<\/p>\n","protected":false},"excerpt":{"rendered":"<p>&nbsp; &#8230; <\/p>\n","protected":false},"author":2,"featured_media":264465,"comment_status":"open","ping_status":"open","sticky":false,"template":"","format":"gallery","meta":{"footnotes":""},"categories":[120,108],"tags":[],"jetpack_featured_media_url":"https:\/\/zakrasnejsivimperk.cz\/wp-content\/uploads\/2022\/10\/05\/r\u00e1m-kandid\u00e1ti.jpg","_links":{"self":[{"href":"https:\/\/zakrasnejsivimperk.cz\/index.php?rest_route=\/wp\/v2\/posts\/264461"}],"collection":[{"href":"https:\/\/zakrasnejsivimperk.cz\/index.php?rest_route=\/wp\/v2\/posts"}],"about":[{"href":"https:\/\/zakrasnejsivimperk.cz\/index.php?rest_route=\/wp\/v2\/types\/post"}],"author":[{"embeddable":true,"href":"https:\/\/zakrasnejsivimperk.cz\/index.php?rest_route=\/wp\/v2\/users\/2"}],"replies":[{"embeddable":true,"href":"https:\/\/zakrasnejsivimperk.cz\/index.php?rest_route=%2Fwp%2Fv2%2Fcomments&post=264461"}],"version-history":[{"count":3,"href":"https:\/\/zakrasnejsivimperk.cz\/index.php?rest_route=\/wp\/v2\/posts\/264461\/revisions"}],"predecessor-version":[{"id":264682,"href":"https:\/\/zakrasnejsivimperk.cz\/index.php?rest_route=\/wp\/v2\/posts\/264461\/revisions\/264682"}],"wp:featuredmedia":[{"embeddable":true,"href":"https:\/\/zakrasnejsivimperk.cz\/index.php?rest_route=\/wp\/v2\/media\/264465"}],"wp:attachment":[{"href":"https:\/\/zakrasnejsivimperk.cz\/index.php?rest_route=%2Fwp%2Fv2%2Fmedia&parent=264461"}],"wp:term":[{"taxonomy":"category","embeddable":true,"href":"https:\/\/zakrasnejsivimperk.cz\/index.php?rest_route=%2Fwp%2Fv2%2Fcategories&post=264461"},{"taxonomy":"post_tag","embeddable":true,"href":"https:\/\/zakrasnejsivimperk.cz\/index.php?rest_route=%2Fwp%2Fv2%2Ftags&post=264461"}],"curies":[{"name":"wp","href":"https:\/\/api.w.org\/{rel}","templated":true}]}}