{"id":264411,"date":"2022-10-04T18:37:05","date_gmt":"2022-10-04T17:37:05","guid":{"rendered":"https:\/\/zakrasnejsivimperk.cz\/?p=264411"},"modified":"2022-10-05T18:05:24","modified_gmt":"2022-10-05T17:05:24","slug":"nase-mesto-vimperk-zacinajici-podzim-na-sklarskem-vrchu-6","status":"publish","type":"post","link":"https:\/\/zakrasnejsivimperk.cz\/?p=264411","title":{"rendered":"NA\u0160E M\u011aSTO VIMPERK: Za\u010d\u00ednaj\u00edc\u00ed podzim na Skl\u00e1\u0159sk\u00e9m vrchu"},"content":{"rendered":"<figure id=\"attachment_264412\" aria-describedby=\"caption-attachment-264412\" style=\"width: 893px\" class=\"wp-caption aligncenter\"><img loading=\"lazy\" decoding=\"async\" class=\"wp-image-264412 size-full\" src=\"https:\/\/zakrasnejsivimperk.cz\/wp-content\/uploads\/2022\/10\/04\/z\u00e1\u0159\u00ed-skl\u00e1\u0159sk\u00fd-vrch-18.jpg\" alt=\"\" width=\"893\" height=\"1100\" srcset=\"https:\/\/zakrasnejsivimperk.cz\/wp-content\/uploads\/2022\/10\/04\/z\u00e1\u0159\u00ed-skl\u00e1\u0159sk\u00fd-vrch-18.jpg 893w, https:\/\/zakrasnejsivimperk.cz\/wp-content\/uploads\/2022\/10\/04\/z\u00e1\u0159\u00ed-skl\u00e1\u0159sk\u00fd-vrch-18-244x300.jpg 244w, https:\/\/zakrasnejsivimperk.cz\/wp-content\/uploads\/2022\/10\/04\/z\u00e1\u0159\u00ed-skl\u00e1\u0159sk\u00fd-vrch-18-768x946.jpg 768w, https:\/\/zakrasnejsivimperk.cz\/wp-content\/uploads\/2022\/10\/04\/z\u00e1\u0159\u00ed-skl\u00e1\u0159sk\u00fd-vrch-18-831x1024.jpg 831w, https:\/\/zakrasnejsivimperk.cz\/wp-content\/uploads\/2022\/10\/04\/z\u00e1\u0159\u00ed-skl\u00e1\u0159sk\u00fd-vrch-18-290x357.jpg 290w, https:\/\/zakrasnejsivimperk.cz\/wp-content\/uploads\/2022\/10\/04\/z\u00e1\u0159\u00ed-skl\u00e1\u0159sk\u00fd-vrch-18-392x483.jpg 392w\" sizes=\"(max-width: 893px) 100vw, 893px\" \/><figcaption id=\"caption-attachment-264412\" class=\"wp-caption-text\">Foto: (red) &#8211; Za kr\u00e1sn\u011bj\u0161\u00ed Vimperk<\/figcaption><\/figure>\n<hr \/>\n<p>&nbsp;<\/p>\n<p>&nbsp;<\/p>\n<p>&nbsp;<\/p>\n","protected":false},"excerpt":{"rendered":"<p>&nbsp; &nbsp; <\/p>\n","protected":false},"author":2,"featured_media":264412,"comment_status":"open","ping_status":"open","sticky":false,"template":"","format":"gallery","meta":{"footnotes":""},"categories":[171],"tags":[],"jetpack_featured_media_url":"https:\/\/zakrasnejsivimperk.cz\/wp-content\/uploads\/2022\/10\/04\/z\u00e1\u0159\u00ed-skl\u00e1\u0159sk\u00fd-vrch-18.jpg","_links":{"self":[{"href":"https:\/\/zakrasnejsivimperk.cz\/index.php?rest_route=\/wp\/v2\/posts\/264411"}],"collection":[{"href":"https:\/\/zakrasnejsivimperk.cz\/index.php?rest_route=\/wp\/v2\/posts"}],"about":[{"href":"https:\/\/zakrasnejsivimperk.cz\/index.php?rest_route=\/wp\/v2\/types\/post"}],"author":[{"embeddable":true,"href":"https:\/\/zakrasnejsivimperk.cz\/index.php?rest_route=\/wp\/v2\/users\/2"}],"replies":[{"embeddable":true,"href":"https:\/\/zakrasnejsivimperk.cz\/index.php?rest_route=%2Fwp%2Fv2%2Fcomments&post=264411"}],"version-history":[{"count":1,"href":"https:\/\/zakrasnejsivimperk.cz\/index.php?rest_route=\/wp\/v2\/posts\/264411\/revisions"}],"predecessor-version":[{"id":264413,"href":"https:\/\/zakrasnejsivimperk.cz\/index.php?rest_route=\/wp\/v2\/posts\/264411\/revisions\/264413"}],"wp:featuredmedia":[{"embeddable":true,"href":"https:\/\/zakrasnejsivimperk.cz\/index.php?rest_route=\/wp\/v2\/media\/264412"}],"wp:attachment":[{"href":"https:\/\/zakrasnejsivimperk.cz\/index.php?rest_route=%2Fwp%2Fv2%2Fmedia&parent=264411"}],"wp:term":[{"taxonomy":"category","embeddable":true,"href":"https:\/\/zakrasnejsivimperk.cz\/index.php?rest_route=%2Fwp%2Fv2%2Fcategories&post=264411"},{"taxonomy":"post_tag","embeddable":true,"href":"https:\/\/zakrasnejsivimperk.cz\/index.php?rest_route=%2Fwp%2Fv2%2Ftags&post=264411"}],"curies":[{"name":"wp","href":"https:\/\/api.w.org\/{rel}","templated":true}]}}