{"id":264343,"date":"2022-10-06T12:43:59","date_gmt":"2022-10-06T11:43:59","guid":{"rendered":"https:\/\/zakrasnejsivimperk.cz\/?p=264343"},"modified":"2022-10-07T11:38:00","modified_gmt":"2022-10-07T10:38:00","slug":"nase-mesto-vimperk-vsimavy-objektiv-casty-ranni-obrazek-z-teras-pod-srubovymi-domy-kam-vidi-kamera-umistena-na-hotelu-vltava","status":"publish","type":"post","link":"https:\/\/zakrasnejsivimperk.cz\/?p=264343","title":{"rendered":"NA\u0160E M\u011aSTO VIMPERK: V\u0161\u00edmav\u00fd objektiv &#8211; \u010cast\u00fd rann\u00ed obr\u00e1zek z teras pod srubov\u00fdmi domy, kam vid\u00ed (?) kamera um\u00edst\u011bn\u00e1 na hotelu Vltava"},"content":{"rendered":"<p><img loading=\"lazy\" decoding=\"async\" class=\"aligncenter wp-image-249847 size-full\" src=\"https:\/\/zakrasnejsivimperk.cz\/wp-content\/uploads\/2022\/03\/19\/Logo-fb.jpg\" alt=\"\" width=\"800\" height=\"324\" srcset=\"https:\/\/zakrasnejsivimperk.cz\/wp-content\/uploads\/2022\/03\/19\/Logo-fb.jpg 800w, https:\/\/zakrasnejsivimperk.cz\/wp-content\/uploads\/2022\/03\/19\/Logo-fb-300x122.jpg 300w, https:\/\/zakrasnejsivimperk.cz\/wp-content\/uploads\/2022\/03\/19\/Logo-fb-768x311.jpg 768w\" sizes=\"(max-width: 800px) 100vw, 800px\" \/><\/p>\n<hr \/>\n<p>&nbsp;<\/p>\n<p>&nbsp;<\/p>\n<p><img loading=\"lazy\" decoding=\"async\" class=\"aligncenter wp-image-264345 size-full\" src=\"https:\/\/zakrasnejsivimperk.cz\/wp-content\/uploads\/2022\/10\/03\/terasy-nepo\u0159\u00e1dek-1.jpg\" alt=\"\" width=\"989\" height=\"599\" srcset=\"https:\/\/zakrasnejsivimperk.cz\/wp-content\/uploads\/2022\/10\/03\/terasy-nepo\u0159\u00e1dek-1.jpg 989w, https:\/\/zakrasnejsivimperk.cz\/wp-content\/uploads\/2022\/10\/03\/terasy-nepo\u0159\u00e1dek-1-300x182.jpg 300w, https:\/\/zakrasnejsivimperk.cz\/wp-content\/uploads\/2022\/10\/03\/terasy-nepo\u0159\u00e1dek-1-768x465.jpg 768w, https:\/\/zakrasnejsivimperk.cz\/wp-content\/uploads\/2022\/10\/03\/terasy-nepo\u0159\u00e1dek-1-589x357.jpg 589w, https:\/\/zakrasnejsivimperk.cz\/wp-content\/uploads\/2022\/10\/03\/terasy-nepo\u0159\u00e1dek-1-797x483.jpg 797w\" sizes=\"(max-width: 989px) 100vw, 989px\" \/><\/p>\n<p>&nbsp;<\/p>\n<p>&nbsp;<\/p>\n<p><img loading=\"lazy\" decoding=\"async\" class=\"aligncenter wp-image-264346 size-full\" src=\"https:\/\/zakrasnejsivimperk.cz\/wp-content\/uploads\/2022\/10\/03\/terasy-nepo\u0159\u00e1dek-2.jpg\" alt=\"\" width=\"1100\" height=\"731\" srcset=\"https:\/\/zakrasnejsivimperk.cz\/wp-content\/uploads\/2022\/10\/03\/terasy-nepo\u0159\u00e1dek-2.jpg 1100w, https:\/\/zakrasnejsivimperk.cz\/wp-content\/uploads\/2022\/10\/03\/terasy-nepo\u0159\u00e1dek-2-300x199.jpg 300w, https:\/\/zakrasnejsivimperk.cz\/wp-content\/uploads\/2022\/10\/03\/terasy-nepo\u0159\u00e1dek-2-768x510.jpg 768w, https:\/\/zakrasnejsivimperk.cz\/wp-content\/uploads\/2022\/10\/03\/terasy-nepo\u0159\u00e1dek-2-1024x680.jpg 1024w, https:\/\/zakrasnejsivimperk.cz\/wp-content\/uploads\/2022\/10\/03\/terasy-nepo\u0159\u00e1dek-2-100x65.jpg 100w, https:\/\/zakrasnejsivimperk.cz\/wp-content\/uploads\/2022\/10\/03\/terasy-nepo\u0159\u00e1dek-2-537x357.jpg 537w, https:\/\/zakrasnejsivimperk.cz\/wp-content\/uploads\/2022\/10\/03\/terasy-nepo\u0159\u00e1dek-2-727x483.jpg 727w\" sizes=\"(max-width: 1100px) 100vw, 1100px\" \/><\/p>\n<p>&nbsp;<\/p>\n<p>&nbsp;<\/p>\n<p><img loading=\"lazy\" decoding=\"async\" class=\"aligncenter wp-image-264347 size-full\" src=\"https:\/\/zakrasnejsivimperk.cz\/wp-content\/uploads\/2022\/10\/03\/terasy-nepo\u0159\u00e1dek-3.jpg\" alt=\"\" width=\"1083\" height=\"560\" srcset=\"https:\/\/zakrasnejsivimperk.cz\/wp-content\/uploads\/2022\/10\/03\/terasy-nepo\u0159\u00e1dek-3.jpg 1083w, https:\/\/zakrasnejsivimperk.cz\/wp-content\/uploads\/2022\/10\/03\/terasy-nepo\u0159\u00e1dek-3-300x155.jpg 300w, https:\/\/zakrasnejsivimperk.cz\/wp-content\/uploads\/2022\/10\/03\/terasy-nepo\u0159\u00e1dek-3-768x397.jpg 768w, https:\/\/zakrasnejsivimperk.cz\/wp-content\/uploads\/2022\/10\/03\/terasy-nepo\u0159\u00e1dek-3-1024x529.jpg 1024w, https:\/\/zakrasnejsivimperk.cz\/wp-content\/uploads\/2022\/10\/03\/terasy-nepo\u0159\u00e1dek-3-690x357.jpg 690w, https:\/\/zakrasnejsivimperk.cz\/wp-content\/uploads\/2022\/10\/03\/terasy-nepo\u0159\u00e1dek-3-934x483.jpg 934w\" sizes=\"(max-width: 1083px) 100vw, 1083px\" \/><\/p>\n<p>&nbsp;<\/p>\n<p>&nbsp;<\/p>\n<p><img loading=\"lazy\" decoding=\"async\" class=\"aligncenter wp-image-264348 size-full\" src=\"https:\/\/zakrasnejsivimperk.cz\/wp-content\/uploads\/2022\/10\/03\/terasy-nepo\u0159\u00e1dek-4.jpg\" alt=\"\" width=\"1100\" height=\"711\" srcset=\"https:\/\/zakrasnejsivimperk.cz\/wp-content\/uploads\/2022\/10\/03\/terasy-nepo\u0159\u00e1dek-4.jpg 1100w, https:\/\/zakrasnejsivimperk.cz\/wp-content\/uploads\/2022\/10\/03\/terasy-nepo\u0159\u00e1dek-4-300x194.jpg 300w, https:\/\/zakrasnejsivimperk.cz\/wp-content\/uploads\/2022\/10\/03\/terasy-nepo\u0159\u00e1dek-4-768x496.jpg 768w, https:\/\/zakrasnejsivimperk.cz\/wp-content\/uploads\/2022\/10\/03\/terasy-nepo\u0159\u00e1dek-4-1024x662.jpg 1024w, https:\/\/zakrasnejsivimperk.cz\/wp-content\/uploads\/2022\/10\/03\/terasy-nepo\u0159\u00e1dek-4-100x65.jpg 100w, https:\/\/zakrasnejsivimperk.cz\/wp-content\/uploads\/2022\/10\/03\/terasy-nepo\u0159\u00e1dek-4-552x357.jpg 552w, https:\/\/zakrasnejsivimperk.cz\/wp-content\/uploads\/2022\/10\/03\/terasy-nepo\u0159\u00e1dek-4-747x483.jpg 747w, https:\/\/zakrasnejsivimperk.cz\/wp-content\/uploads\/2022\/10\/03\/terasy-nepo\u0159\u00e1dek-4-745x483.jpg 745w\" sizes=\"(max-width: 1100px) 100vw, 1100px\" \/><\/p>\n<p>&nbsp;<\/p>\n<p>&nbsp;<\/p>\n<p><img loading=\"lazy\" decoding=\"async\" class=\"aligncenter wp-image-264349 size-full\" src=\"https:\/\/zakrasnejsivimperk.cz\/wp-content\/uploads\/2022\/10\/03\/terasy-nepo\u0159\u00e1dek-5.jpg\" alt=\"\" width=\"1100\" height=\"993\" srcset=\"https:\/\/zakrasnejsivimperk.cz\/wp-content\/uploads\/2022\/10\/03\/terasy-nepo\u0159\u00e1dek-5.jpg 1100w, https:\/\/zakrasnejsivimperk.cz\/wp-content\/uploads\/2022\/10\/03\/terasy-nepo\u0159\u00e1dek-5-300x271.jpg 300w, https:\/\/zakrasnejsivimperk.cz\/wp-content\/uploads\/2022\/10\/03\/terasy-nepo\u0159\u00e1dek-5-768x693.jpg 768w, https:\/\/zakrasnejsivimperk.cz\/wp-content\/uploads\/2022\/10\/03\/terasy-nepo\u0159\u00e1dek-5-1024x924.jpg 1024w, https:\/\/zakrasnejsivimperk.cz\/wp-content\/uploads\/2022\/10\/03\/terasy-nepo\u0159\u00e1dek-5-395x357.jpg 395w, https:\/\/zakrasnejsivimperk.cz\/wp-content\/uploads\/2022\/10\/03\/terasy-nepo\u0159\u00e1dek-5-535x483.jpg 535w\" sizes=\"(max-width: 1100px) 100vw, 1100px\" \/><\/p>\n<p>&nbsp;<\/p>\n<p>&nbsp;<\/p>\n<p><img loading=\"lazy\" decoding=\"async\" class=\"aligncenter wp-image-264350 size-full\" src=\"https:\/\/zakrasnejsivimperk.cz\/wp-content\/uploads\/2022\/10\/03\/terasy-nepo\u0159\u00e1dek-6.jpg\" alt=\"\" width=\"1100\" height=\"1027\" srcset=\"https:\/\/zakrasnejsivimperk.cz\/wp-content\/uploads\/2022\/10\/03\/terasy-nepo\u0159\u00e1dek-6.jpg 1100w, https:\/\/zakrasnejsivimperk.cz\/wp-content\/uploads\/2022\/10\/03\/terasy-nepo\u0159\u00e1dek-6-300x280.jpg 300w, https:\/\/zakrasnejsivimperk.cz\/wp-content\/uploads\/2022\/10\/03\/terasy-nepo\u0159\u00e1dek-6-768x717.jpg 768w, https:\/\/zakrasnejsivimperk.cz\/wp-content\/uploads\/2022\/10\/03\/terasy-nepo\u0159\u00e1dek-6-1024x956.jpg 1024w, https:\/\/zakrasnejsivimperk.cz\/wp-content\/uploads\/2022\/10\/03\/terasy-nepo\u0159\u00e1dek-6-382x357.jpg 382w, https:\/\/zakrasnejsivimperk.cz\/wp-content\/uploads\/2022\/10\/03\/terasy-nepo\u0159\u00e1dek-6-517x483.jpg 517w\" sizes=\"(max-width: 1100px) 100vw, 1100px\" \/><\/p>\n<p>&nbsp;<\/p>\n<p>&nbsp;<\/p>\n<p><img loading=\"lazy\" decoding=\"async\" class=\"aligncenter wp-image-264351 size-full\" src=\"https:\/\/zakrasnejsivimperk.cz\/wp-content\/uploads\/2022\/10\/03\/terasy-nepo\u0159\u00e1dek-7.jpg\" alt=\"\" width=\"1100\" height=\"1079\" srcset=\"https:\/\/zakrasnejsivimperk.cz\/wp-content\/uploads\/2022\/10\/03\/terasy-nepo\u0159\u00e1dek-7.jpg 1100w, https:\/\/zakrasnejsivimperk.cz\/wp-content\/uploads\/2022\/10\/03\/terasy-nepo\u0159\u00e1dek-7-300x294.jpg 300w, https:\/\/zakrasnejsivimperk.cz\/wp-content\/uploads\/2022\/10\/03\/terasy-nepo\u0159\u00e1dek-7-768x753.jpg 768w, https:\/\/zakrasnejsivimperk.cz\/wp-content\/uploads\/2022\/10\/03\/terasy-nepo\u0159\u00e1dek-7-1024x1004.jpg 1024w, https:\/\/zakrasnejsivimperk.cz\/wp-content\/uploads\/2022\/10\/03\/terasy-nepo\u0159\u00e1dek-7-364x357.jpg 364w, https:\/\/zakrasnejsivimperk.cz\/wp-content\/uploads\/2022\/10\/03\/terasy-nepo\u0159\u00e1dek-7-492x483.jpg 492w\" sizes=\"(max-width: 1100px) 100vw, 1100px\" \/><\/p>\n<p>&nbsp;<\/p>\n<p>&nbsp;<\/p>\n<p><img loading=\"lazy\" decoding=\"async\" class=\"aligncenter wp-image-264352 size-full\" src=\"https:\/\/zakrasnejsivimperk.cz\/wp-content\/uploads\/2022\/10\/03\/terasy-nepo\u0159\u00e1dek-8.jpg\" alt=\"\" width=\"686\" height=\"754\" srcset=\"https:\/\/zakrasnejsivimperk.cz\/wp-content\/uploads\/2022\/10\/03\/terasy-nepo\u0159\u00e1dek-8.jpg 686w, https:\/\/zakrasnejsivimperk.cz\/wp-content\/uploads\/2022\/10\/03\/terasy-nepo\u0159\u00e1dek-8-273x300.jpg 273w, https:\/\/zakrasnejsivimperk.cz\/wp-content\/uploads\/2022\/10\/03\/terasy-nepo\u0159\u00e1dek-8-325x357.jpg 325w, https:\/\/zakrasnejsivimperk.cz\/wp-content\/uploads\/2022\/10\/03\/terasy-nepo\u0159\u00e1dek-8-439x483.jpg 439w\" sizes=\"(max-width: 686px) 100vw, 686px\" \/><\/p>\n<p>&nbsp;<\/p>\n<p>&nbsp;<\/p>\n<p><img loading=\"lazy\" decoding=\"async\" class=\"aligncenter wp-image-264353 size-full\" src=\"https:\/\/zakrasnejsivimperk.cz\/wp-content\/uploads\/2022\/10\/03\/terasy-nepo\u0159\u00e1dek-9.jpg\" alt=\"\" width=\"1100\" height=\"669\" srcset=\"https:\/\/zakrasnejsivimperk.cz\/wp-content\/uploads\/2022\/10\/03\/terasy-nepo\u0159\u00e1dek-9.jpg 1100w, https:\/\/zakrasnejsivimperk.cz\/wp-content\/uploads\/2022\/10\/03\/terasy-nepo\u0159\u00e1dek-9-300x182.jpg 300w, https:\/\/zakrasnejsivimperk.cz\/wp-content\/uploads\/2022\/10\/03\/terasy-nepo\u0159\u00e1dek-9-768x467.jpg 768w, https:\/\/zakrasnejsivimperk.cz\/wp-content\/uploads\/2022\/10\/03\/terasy-nepo\u0159\u00e1dek-9-1024x623.jpg 1024w, https:\/\/zakrasnejsivimperk.cz\/wp-content\/uploads\/2022\/10\/03\/terasy-nepo\u0159\u00e1dek-9-587x357.jpg 587w, https:\/\/zakrasnejsivimperk.cz\/wp-content\/uploads\/2022\/10\/03\/terasy-nepo\u0159\u00e1dek-9-794x483.jpg 794w\" sizes=\"(max-width: 1100px) 100vw, 1100px\" \/><\/p>\n<p>&nbsp;<\/p>\n<p>&nbsp;<\/p>\n<p><img loading=\"lazy\" decoding=\"async\" class=\"aligncenter wp-image-264354 size-full\" src=\"https:\/\/zakrasnejsivimperk.cz\/wp-content\/uploads\/2022\/10\/03\/terasy-nepo\u0159\u00e1dek-10.jpg\" alt=\"\" width=\"1049\" height=\"1100\" srcset=\"https:\/\/zakrasnejsivimperk.cz\/wp-content\/uploads\/2022\/10\/03\/terasy-nepo\u0159\u00e1dek-10.jpg 1049w, https:\/\/zakrasnejsivimperk.cz\/wp-content\/uploads\/2022\/10\/03\/terasy-nepo\u0159\u00e1dek-10-286x300.jpg 286w, https:\/\/zakrasnejsivimperk.cz\/wp-content\/uploads\/2022\/10\/03\/terasy-nepo\u0159\u00e1dek-10-768x805.jpg 768w, https:\/\/zakrasnejsivimperk.cz\/wp-content\/uploads\/2022\/10\/03\/terasy-nepo\u0159\u00e1dek-10-977x1024.jpg 977w, https:\/\/zakrasnejsivimperk.cz\/wp-content\/uploads\/2022\/10\/03\/terasy-nepo\u0159\u00e1dek-10-340x357.jpg 340w, https:\/\/zakrasnejsivimperk.cz\/wp-content\/uploads\/2022\/10\/03\/terasy-nepo\u0159\u00e1dek-10-461x483.jpg 461w\" sizes=\"(max-width: 1049px) 100vw, 1049px\" \/><\/p>\n<p>&nbsp;<\/p>\n<p><strong>Foto: (red) &#8211; Za kr\u00e1sn\u011bj\u0161\u00ed Vimperk\u00a0<\/strong><\/p>\n<hr \/>\n<p>&nbsp;<\/p>\n<p>&nbsp;<\/p>\n<p>&nbsp;<\/p>\n","protected":false},"excerpt":{"rendered":"<p>&nbsp; &nbsp; <\/p>\n","protected":false},"author":2,"featured_media":264355,"comment_status":"open","ping_status":"open","sticky":false,"template":"","format":"gallery","meta":{"footnotes":""},"categories":[120,108],"tags":[],"jetpack_featured_media_url":"https:\/\/zakrasnejsivimperk.cz\/wp-content\/uploads\/2022\/10\/03\/r\u00e1m-terasy.jpg","_links":{"self":[{"href":"https:\/\/zakrasnejsivimperk.cz\/index.php?rest_route=\/wp\/v2\/posts\/264343"}],"collection":[{"href":"https:\/\/zakrasnejsivimperk.cz\/index.php?rest_route=\/wp\/v2\/posts"}],"about":[{"href":"https:\/\/zakrasnejsivimperk.cz\/index.php?rest_route=\/wp\/v2\/types\/post"}],"author":[{"embeddable":true,"href":"https:\/\/zakrasnejsivimperk.cz\/index.php?rest_route=\/wp\/v2\/users\/2"}],"replies":[{"embeddable":true,"href":"https:\/\/zakrasnejsivimperk.cz\/index.php?rest_route=%2Fwp%2Fv2%2Fcomments&post=264343"}],"version-history":[{"count":2,"href":"https:\/\/zakrasnejsivimperk.cz\/index.php?rest_route=\/wp\/v2\/posts\/264343\/revisions"}],"predecessor-version":[{"id":264356,"href":"https:\/\/zakrasnejsivimperk.cz\/index.php?rest_route=\/wp\/v2\/posts\/264343\/revisions\/264356"}],"wp:featuredmedia":[{"embeddable":true,"href":"https:\/\/zakrasnejsivimperk.cz\/index.php?rest_route=\/wp\/v2\/media\/264355"}],"wp:attachment":[{"href":"https:\/\/zakrasnejsivimperk.cz\/index.php?rest_route=%2Fwp%2Fv2%2Fmedia&parent=264343"}],"wp:term":[{"taxonomy":"category","embeddable":true,"href":"https:\/\/zakrasnejsivimperk.cz\/index.php?rest_route=%2Fwp%2Fv2%2Fcategories&post=264343"},{"taxonomy":"post_tag","embeddable":true,"href":"https:\/\/zakrasnejsivimperk.cz\/index.php?rest_route=%2Fwp%2Fv2%2Ftags&post=264343"}],"curies":[{"name":"wp","href":"https:\/\/api.w.org\/{rel}","templated":true}]}}