{"id":264336,"date":"2022-10-04T12:02:06","date_gmt":"2022-10-04T11:02:06","guid":{"rendered":"https:\/\/zakrasnejsivimperk.cz\/?p=264336"},"modified":"2022-10-08T13:17:57","modified_gmt":"2022-10-08T12:17:57","slug":"nase-mesto-vimperk-vsimavy-objektiv-smetiste-kousek-pod-zeleznicnim-viaduktem","status":"publish","type":"post","link":"https:\/\/zakrasnejsivimperk.cz\/?p=264336","title":{"rendered":"NA\u0160E M\u011aSTO VIMPERK: V\u0161\u00edmav\u00fd objektiv &#8211; Smeti\u0161t\u011b kousek pod \u017eelezni\u010dn\u00edm viaduktem"},"content":{"rendered":"<p><img loading=\"lazy\" decoding=\"async\" class=\"aligncenter wp-image-249847 size-full\" src=\"https:\/\/zakrasnejsivimperk.cz\/wp-content\/uploads\/2022\/03\/19\/Logo-fb.jpg\" alt=\"\" width=\"800\" height=\"324\" srcset=\"https:\/\/zakrasnejsivimperk.cz\/wp-content\/uploads\/2022\/03\/19\/Logo-fb.jpg 800w, https:\/\/zakrasnejsivimperk.cz\/wp-content\/uploads\/2022\/03\/19\/Logo-fb-300x122.jpg 300w, https:\/\/zakrasnejsivimperk.cz\/wp-content\/uploads\/2022\/03\/19\/Logo-fb-768x311.jpg 768w\" sizes=\"(max-width: 800px) 100vw, 800px\" \/><\/p>\n<hr \/>\n<p>&nbsp;<\/p>\n<p>&nbsp;<\/p>\n<p><img loading=\"lazy\" decoding=\"async\" class=\"aligncenter wp-image-264337 size-full\" src=\"https:\/\/zakrasnejsivimperk.cz\/wp-content\/uploads\/2022\/10\/03\/smeti\u0161t\u011b-pod-viaduktem-011022-1.jpg\" alt=\"\" width=\"1100\" height=\"804\" srcset=\"https:\/\/zakrasnejsivimperk.cz\/wp-content\/uploads\/2022\/10\/03\/smeti\u0161t\u011b-pod-viaduktem-011022-1.jpg 1100w, https:\/\/zakrasnejsivimperk.cz\/wp-content\/uploads\/2022\/10\/03\/smeti\u0161t\u011b-pod-viaduktem-011022-1-300x219.jpg 300w, https:\/\/zakrasnejsivimperk.cz\/wp-content\/uploads\/2022\/10\/03\/smeti\u0161t\u011b-pod-viaduktem-011022-1-768x561.jpg 768w, https:\/\/zakrasnejsivimperk.cz\/wp-content\/uploads\/2022\/10\/03\/smeti\u0161t\u011b-pod-viaduktem-011022-1-1024x748.jpg 1024w, https:\/\/zakrasnejsivimperk.cz\/wp-content\/uploads\/2022\/10\/03\/smeti\u0161t\u011b-pod-viaduktem-011022-1-488x357.jpg 488w, https:\/\/zakrasnejsivimperk.cz\/wp-content\/uploads\/2022\/10\/03\/smeti\u0161t\u011b-pod-viaduktem-011022-1-661x483.jpg 661w\" sizes=\"(max-width: 1100px) 100vw, 1100px\" \/><\/p>\n<p>&nbsp;<\/p>\n<p>&nbsp;<\/p>\n<p><img loading=\"lazy\" decoding=\"async\" class=\"aligncenter wp-image-264338 size-full\" src=\"https:\/\/zakrasnejsivimperk.cz\/wp-content\/uploads\/2022\/10\/03\/smeti\u0161t\u011b-pod-viaduktem-011022-2.jpg\" alt=\"\" width=\"1100\" height=\"750\" srcset=\"https:\/\/zakrasnejsivimperk.cz\/wp-content\/uploads\/2022\/10\/03\/smeti\u0161t\u011b-pod-viaduktem-011022-2.jpg 1100w, https:\/\/zakrasnejsivimperk.cz\/wp-content\/uploads\/2022\/10\/03\/smeti\u0161t\u011b-pod-viaduktem-011022-2-300x205.jpg 300w, https:\/\/zakrasnejsivimperk.cz\/wp-content\/uploads\/2022\/10\/03\/smeti\u0161t\u011b-pod-viaduktem-011022-2-768x524.jpg 768w, https:\/\/zakrasnejsivimperk.cz\/wp-content\/uploads\/2022\/10\/03\/smeti\u0161t\u011b-pod-viaduktem-011022-2-1024x698.jpg 1024w, https:\/\/zakrasnejsivimperk.cz\/wp-content\/uploads\/2022\/10\/03\/smeti\u0161t\u011b-pod-viaduktem-011022-2-524x357.jpg 524w, https:\/\/zakrasnejsivimperk.cz\/wp-content\/uploads\/2022\/10\/03\/smeti\u0161t\u011b-pod-viaduktem-011022-2-708x483.jpg 708w\" sizes=\"(max-width: 1100px) 100vw, 1100px\" \/><\/p>\n<p>&nbsp;<\/p>\n<p>&nbsp;<\/p>\n<p><img loading=\"lazy\" decoding=\"async\" class=\"aligncenter wp-image-264339 size-full\" src=\"https:\/\/zakrasnejsivimperk.cz\/wp-content\/uploads\/2022\/10\/03\/smeti\u0161t\u011b-pod-viaduktem-011022-3.jpg\" alt=\"\" width=\"1100\" height=\"804\" srcset=\"https:\/\/zakrasnejsivimperk.cz\/wp-content\/uploads\/2022\/10\/03\/smeti\u0161t\u011b-pod-viaduktem-011022-3.jpg 1100w, https:\/\/zakrasnejsivimperk.cz\/wp-content\/uploads\/2022\/10\/03\/smeti\u0161t\u011b-pod-viaduktem-011022-3-300x219.jpg 300w, https:\/\/zakrasnejsivimperk.cz\/wp-content\/uploads\/2022\/10\/03\/smeti\u0161t\u011b-pod-viaduktem-011022-3-768x561.jpg 768w, https:\/\/zakrasnejsivimperk.cz\/wp-content\/uploads\/2022\/10\/03\/smeti\u0161t\u011b-pod-viaduktem-011022-3-1024x748.jpg 1024w, https:\/\/zakrasnejsivimperk.cz\/wp-content\/uploads\/2022\/10\/03\/smeti\u0161t\u011b-pod-viaduktem-011022-3-488x357.jpg 488w, https:\/\/zakrasnejsivimperk.cz\/wp-content\/uploads\/2022\/10\/03\/smeti\u0161t\u011b-pod-viaduktem-011022-3-661x483.jpg 661w\" sizes=\"(max-width: 1100px) 100vw, 1100px\" \/><\/p>\n<p>&nbsp;<\/p>\n<p><strong>Foto: (red) &#8211; Za kr\u00e1sn\u011bj\u0161\u00ed Vimperk\u00a0<\/strong><\/p>\n<hr \/>\n<p>&nbsp;<\/p>\n<p>&nbsp;<\/p>\n","protected":false},"excerpt":{"rendered":"<p>&nbsp; &nbsp; <\/p>\n","protected":false},"author":2,"featured_media":264340,"comment_status":"open","ping_status":"open","sticky":false,"template":"","format":"gallery","meta":{"footnotes":""},"categories":[120,108],"tags":[],"jetpack_featured_media_url":"https:\/\/zakrasnejsivimperk.cz\/wp-content\/uploads\/2022\/10\/03\/r\u00e1m-objektiv.jpg","_links":{"self":[{"href":"https:\/\/zakrasnejsivimperk.cz\/index.php?rest_route=\/wp\/v2\/posts\/264336"}],"collection":[{"href":"https:\/\/zakrasnejsivimperk.cz\/index.php?rest_route=\/wp\/v2\/posts"}],"about":[{"href":"https:\/\/zakrasnejsivimperk.cz\/index.php?rest_route=\/wp\/v2\/types\/post"}],"author":[{"embeddable":true,"href":"https:\/\/zakrasnejsivimperk.cz\/index.php?rest_route=\/wp\/v2\/users\/2"}],"replies":[{"embeddable":true,"href":"https:\/\/zakrasnejsivimperk.cz\/index.php?rest_route=%2Fwp%2Fv2%2Fcomments&post=264336"}],"version-history":[{"count":2,"href":"https:\/\/zakrasnejsivimperk.cz\/index.php?rest_route=\/wp\/v2\/posts\/264336\/revisions"}],"predecessor-version":[{"id":264342,"href":"https:\/\/zakrasnejsivimperk.cz\/index.php?rest_route=\/wp\/v2\/posts\/264336\/revisions\/264342"}],"wp:featuredmedia":[{"embeddable":true,"href":"https:\/\/zakrasnejsivimperk.cz\/index.php?rest_route=\/wp\/v2\/media\/264340"}],"wp:attachment":[{"href":"https:\/\/zakrasnejsivimperk.cz\/index.php?rest_route=%2Fwp%2Fv2%2Fmedia&parent=264336"}],"wp:term":[{"taxonomy":"category","embeddable":true,"href":"https:\/\/zakrasnejsivimperk.cz\/index.php?rest_route=%2Fwp%2Fv2%2Fcategories&post=264336"},{"taxonomy":"post_tag","embeddable":true,"href":"https:\/\/zakrasnejsivimperk.cz\/index.php?rest_route=%2Fwp%2Fv2%2Ftags&post=264336"}],"curies":[{"name":"wp","href":"https:\/\/api.w.org\/{rel}","templated":true}]}}