{"id":264027,"date":"2022-10-02T11:28:12","date_gmt":"2022-10-02T10:28:12","guid":{"rendered":"https:\/\/zakrasnejsivimperk.cz\/?p=264027"},"modified":"2022-10-04T12:01:15","modified_gmt":"2022-10-04T11:01:15","slug":"nase-mesto-vimperk-arboretum-uz-vstup-napovida-ze-radnice-peci-o-tento-ostrov-prirody-v-centru-mesta-zanedbava","status":"publish","type":"post","link":"https:\/\/zakrasnejsivimperk.cz\/?p=264027","title":{"rendered":"NA\u0160E M\u011aSTO VIMPERK: Arboretum &#8211; u\u017e vstup napov\u00edd\u00e1, \u017ee radnice p\u00e9\u010di o tento ostrov p\u0159\u00edrody v centru m\u011bsta zanedb\u00e1v\u00e1"},"content":{"rendered":"<p><img loading=\"lazy\" decoding=\"async\" class=\"aligncenter wp-image-249847 size-full\" src=\"https:\/\/zakrasnejsivimperk.cz\/wp-content\/uploads\/2022\/03\/19\/Logo-fb.jpg\" alt=\"\" width=\"800\" height=\"324\" srcset=\"https:\/\/zakrasnejsivimperk.cz\/wp-content\/uploads\/2022\/03\/19\/Logo-fb.jpg 800w, https:\/\/zakrasnejsivimperk.cz\/wp-content\/uploads\/2022\/03\/19\/Logo-fb-300x122.jpg 300w, https:\/\/zakrasnejsivimperk.cz\/wp-content\/uploads\/2022\/03\/19\/Logo-fb-768x311.jpg 768w\" sizes=\"(max-width: 800px) 100vw, 800px\" \/><\/p>\n<hr \/>\n<p>&nbsp;<\/p>\n<p>&nbsp;<\/p>\n<p><img loading=\"lazy\" decoding=\"async\" class=\"aligncenter wp-image-264028 size-full\" src=\"https:\/\/zakrasnejsivimperk.cz\/wp-content\/uploads\/2022\/09\/29\/arboretum-1.jpg\" alt=\"\" width=\"1100\" height=\"712\" srcset=\"https:\/\/zakrasnejsivimperk.cz\/wp-content\/uploads\/2022\/09\/29\/arboretum-1.jpg 1100w, https:\/\/zakrasnejsivimperk.cz\/wp-content\/uploads\/2022\/09\/29\/arboretum-1-300x194.jpg 300w, https:\/\/zakrasnejsivimperk.cz\/wp-content\/uploads\/2022\/09\/29\/arboretum-1-768x497.jpg 768w, https:\/\/zakrasnejsivimperk.cz\/wp-content\/uploads\/2022\/09\/29\/arboretum-1-1024x663.jpg 1024w, https:\/\/zakrasnejsivimperk.cz\/wp-content\/uploads\/2022\/09\/29\/arboretum-1-100x65.jpg 100w, https:\/\/zakrasnejsivimperk.cz\/wp-content\/uploads\/2022\/09\/29\/arboretum-1-552x357.jpg 552w, https:\/\/zakrasnejsivimperk.cz\/wp-content\/uploads\/2022\/09\/29\/arboretum-1-746x483.jpg 746w, https:\/\/zakrasnejsivimperk.cz\/wp-content\/uploads\/2022\/09\/29\/arboretum-1-745x483.jpg 745w\" sizes=\"(max-width: 1100px) 100vw, 1100px\" \/><\/p>\n<p>&nbsp;<\/p>\n<p>&nbsp;<\/p>\n<p><img loading=\"lazy\" decoding=\"async\" class=\"aligncenter wp-image-264032 size-full\" src=\"https:\/\/zakrasnejsivimperk.cz\/wp-content\/uploads\/2022\/09\/29\/arboretum-5.jpg\" alt=\"\" width=\"1100\" height=\"825\" srcset=\"https:\/\/zakrasnejsivimperk.cz\/wp-content\/uploads\/2022\/09\/29\/arboretum-5.jpg 1100w, https:\/\/zakrasnejsivimperk.cz\/wp-content\/uploads\/2022\/09\/29\/arboretum-5-300x225.jpg 300w, https:\/\/zakrasnejsivimperk.cz\/wp-content\/uploads\/2022\/09\/29\/arboretum-5-768x576.jpg 768w, https:\/\/zakrasnejsivimperk.cz\/wp-content\/uploads\/2022\/09\/29\/arboretum-5-1024x768.jpg 1024w, https:\/\/zakrasnejsivimperk.cz\/wp-content\/uploads\/2022\/09\/29\/arboretum-5-476x357.jpg 476w, https:\/\/zakrasnejsivimperk.cz\/wp-content\/uploads\/2022\/09\/29\/arboretum-5-644x483.jpg 644w\" sizes=\"(max-width: 1100px) 100vw, 1100px\" \/><\/p>\n<p>&nbsp;<\/p>\n<p>&nbsp;<\/p>\n<p><img loading=\"lazy\" decoding=\"async\" class=\"aligncenter wp-image-264030 size-full\" src=\"https:\/\/zakrasnejsivimperk.cz\/wp-content\/uploads\/2022\/09\/29\/arboretum-3.jpg\" alt=\"\" width=\"930\" height=\"1100\" srcset=\"https:\/\/zakrasnejsivimperk.cz\/wp-content\/uploads\/2022\/09\/29\/arboretum-3.jpg 930w, https:\/\/zakrasnejsivimperk.cz\/wp-content\/uploads\/2022\/09\/29\/arboretum-3-254x300.jpg 254w, https:\/\/zakrasnejsivimperk.cz\/wp-content\/uploads\/2022\/09\/29\/arboretum-3-768x908.jpg 768w, https:\/\/zakrasnejsivimperk.cz\/wp-content\/uploads\/2022\/09\/29\/arboretum-3-866x1024.jpg 866w, https:\/\/zakrasnejsivimperk.cz\/wp-content\/uploads\/2022\/09\/29\/arboretum-3-302x357.jpg 302w, https:\/\/zakrasnejsivimperk.cz\/wp-content\/uploads\/2022\/09\/29\/arboretum-3-408x483.jpg 408w\" sizes=\"(max-width: 930px) 100vw, 930px\" \/><\/p>\n<p>&nbsp;<\/p>\n<p>&nbsp;<\/p>\n<p><img loading=\"lazy\" decoding=\"async\" class=\"aligncenter wp-image-264031 size-full\" src=\"https:\/\/zakrasnejsivimperk.cz\/wp-content\/uploads\/2022\/09\/29\/arboretum-4.jpg\" alt=\"\" width=\"1006\" height=\"1100\" srcset=\"https:\/\/zakrasnejsivimperk.cz\/wp-content\/uploads\/2022\/09\/29\/arboretum-4.jpg 1006w, https:\/\/zakrasnejsivimperk.cz\/wp-content\/uploads\/2022\/09\/29\/arboretum-4-274x300.jpg 274w, https:\/\/zakrasnejsivimperk.cz\/wp-content\/uploads\/2022\/09\/29\/arboretum-4-768x840.jpg 768w, https:\/\/zakrasnejsivimperk.cz\/wp-content\/uploads\/2022\/09\/29\/arboretum-4-936x1024.jpg 936w, https:\/\/zakrasnejsivimperk.cz\/wp-content\/uploads\/2022\/09\/29\/arboretum-4-326x357.jpg 326w, https:\/\/zakrasnejsivimperk.cz\/wp-content\/uploads\/2022\/09\/29\/arboretum-4-442x483.jpg 442w\" sizes=\"(max-width: 1006px) 100vw, 1006px\" \/><\/p>\n<p>&nbsp;<\/p>\n<p><strong>Foto: (red) &#8211; Za kr\u00e1sn\u011bj\u0161\u00ed Vimperk\u00a0<\/strong><\/p>\n<hr \/>\n<p>&nbsp;<\/p>\n<p>&nbsp;<\/p>\n<p>&nbsp;<\/p>\n","protected":false},"excerpt":{"rendered":"<p>&nbsp; &nbsp; <\/p>\n","protected":false},"author":2,"featured_media":264033,"comment_status":"open","ping_status":"open","sticky":false,"template":"","format":"gallery","meta":{"footnotes":""},"categories":[120,107,108],"tags":[],"jetpack_featured_media_url":"https:\/\/zakrasnejsivimperk.cz\/wp-content\/uploads\/2022\/09\/29\/r\u00e1m-arboretum.jpg","_links":{"self":[{"href":"https:\/\/zakrasnejsivimperk.cz\/index.php?rest_route=\/wp\/v2\/posts\/264027"}],"collection":[{"href":"https:\/\/zakrasnejsivimperk.cz\/index.php?rest_route=\/wp\/v2\/posts"}],"about":[{"href":"https:\/\/zakrasnejsivimperk.cz\/index.php?rest_route=\/wp\/v2\/types\/post"}],"author":[{"embeddable":true,"href":"https:\/\/zakrasnejsivimperk.cz\/index.php?rest_route=\/wp\/v2\/users\/2"}],"replies":[{"embeddable":true,"href":"https:\/\/zakrasnejsivimperk.cz\/index.php?rest_route=%2Fwp%2Fv2%2Fcomments&post=264027"}],"version-history":[{"count":1,"href":"https:\/\/zakrasnejsivimperk.cz\/index.php?rest_route=\/wp\/v2\/posts\/264027\/revisions"}],"predecessor-version":[{"id":264034,"href":"https:\/\/zakrasnejsivimperk.cz\/index.php?rest_route=\/wp\/v2\/posts\/264027\/revisions\/264034"}],"wp:featuredmedia":[{"embeddable":true,"href":"https:\/\/zakrasnejsivimperk.cz\/index.php?rest_route=\/wp\/v2\/media\/264033"}],"wp:attachment":[{"href":"https:\/\/zakrasnejsivimperk.cz\/index.php?rest_route=%2Fwp%2Fv2%2Fmedia&parent=264027"}],"wp:term":[{"taxonomy":"category","embeddable":true,"href":"https:\/\/zakrasnejsivimperk.cz\/index.php?rest_route=%2Fwp%2Fv2%2Fcategories&post=264027"},{"taxonomy":"post_tag","embeddable":true,"href":"https:\/\/zakrasnejsivimperk.cz\/index.php?rest_route=%2Fwp%2Fv2%2Ftags&post=264027"}],"curies":[{"name":"wp","href":"https:\/\/api.w.org\/{rel}","templated":true}]}}