{"id":263993,"date":"2022-09-29T13:28:08","date_gmt":"2022-09-29T12:28:08","guid":{"rendered":"https:\/\/zakrasnejsivimperk.cz\/?p=263993"},"modified":"2022-10-01T19:38:04","modified_gmt":"2022-10-01T18:38:04","slug":"volby-2022-kdo-nove-vladne-ve-vimperku-prohlednete-si-zastupitele","status":"publish","type":"post","link":"https:\/\/zakrasnejsivimperk.cz\/?p=263993","title":{"rendered":"VOLBY 2022: Kdo nov\u011b vl\u00e1dne ve Vimperku? Prohl\u00e9dn\u011bte si zastupitele"},"content":{"rendered":"<p><img loading=\"lazy\" decoding=\"async\" class=\"aligncenter wp-image-138115 size-full\" src=\"https:\/\/zakrasnejsivimperk.cz\/wp-content\/uploads\/2018\/08\/18\/komun\u00e1ln\u00ed-volby-logo.jpg\" alt=\"\" width=\"299\" height=\"123\" \/><\/p>\n<p>&nbsp;<\/p>\n<h4 style=\"text-align: center;\">Fotogalerii nov\u011b zvolen\u00fdch vimpersk\u00fdch zastupitel\u016f p\u0159ipravil Prachatick\u00fd den\u00edk.<\/h4>\n<p><a href=\"https:\/\/prachaticky.denik.cz\/zpravy_region\/kdo-nove-vladne-ve-vimperku-prohlednete-si-zastupitele-20220929.html\" target=\"_blank\" rel=\"noopener\"><img loading=\"lazy\" decoding=\"async\" class=\"aligncenter wp-image-172681 size-full\" src=\"https:\/\/zakrasnejsivimperk.cz\/wp-content\/uploads\/2019\/09\/29\/prachatick\u00fd-den\u00edk-logo.jpg\" alt=\"\" width=\"235\" height=\"82\" \/><\/a><\/p>\n<h1 style=\"text-align: center;\"><a href=\"https:\/\/prachaticky.denik.cz\/zpravy_region\/kdo-nove-vladne-ve-vimperku-prohlednete-si-zastupitele-20220929.html\" target=\"_blank\" rel=\"noopener\">Prohl\u00ed\u017eet m\u016f\u017eete ZDE<\/a><\/h1>\n<hr \/>\n<p>(red) &#8211; Za kr\u00e1sn\u011bj\u0161\u00ed Vimperk<\/p>\n<hr \/>\n<p>&nbsp;<\/p>\n<p>&nbsp;<\/p>\n","protected":false},"excerpt":{"rendered":"<p>&nbsp; Fotogalerii <\/p>\n","protected":false},"author":2,"featured_media":263994,"comment_status":"open","ping_status":"open","sticky":false,"template":"","format":"gallery","meta":{"footnotes":""},"categories":[109,120,107,108],"tags":[],"jetpack_featured_media_url":"https:\/\/zakrasnejsivimperk.cz\/wp-content\/uploads\/2022\/09\/29\/r\u00e1m-17.jpg","_links":{"self":[{"href":"https:\/\/zakrasnejsivimperk.cz\/index.php?rest_route=\/wp\/v2\/posts\/263993"}],"collection":[{"href":"https:\/\/zakrasnejsivimperk.cz\/index.php?rest_route=\/wp\/v2\/posts"}],"about":[{"href":"https:\/\/zakrasnejsivimperk.cz\/index.php?rest_route=\/wp\/v2\/types\/post"}],"author":[{"embeddable":true,"href":"https:\/\/zakrasnejsivimperk.cz\/index.php?rest_route=\/wp\/v2\/users\/2"}],"replies":[{"embeddable":true,"href":"https:\/\/zakrasnejsivimperk.cz\/index.php?rest_route=%2Fwp%2Fv2%2Fcomments&post=263993"}],"version-history":[{"count":3,"href":"https:\/\/zakrasnejsivimperk.cz\/index.php?rest_route=\/wp\/v2\/posts\/263993\/revisions"}],"predecessor-version":[{"id":263997,"href":"https:\/\/zakrasnejsivimperk.cz\/index.php?rest_route=\/wp\/v2\/posts\/263993\/revisions\/263997"}],"wp:featuredmedia":[{"embeddable":true,"href":"https:\/\/zakrasnejsivimperk.cz\/index.php?rest_route=\/wp\/v2\/media\/263994"}],"wp:attachment":[{"href":"https:\/\/zakrasnejsivimperk.cz\/index.php?rest_route=%2Fwp%2Fv2%2Fmedia&parent=263993"}],"wp:term":[{"taxonomy":"category","embeddable":true,"href":"https:\/\/zakrasnejsivimperk.cz\/index.php?rest_route=%2Fwp%2Fv2%2Fcategories&post=263993"},{"taxonomy":"post_tag","embeddable":true,"href":"https:\/\/zakrasnejsivimperk.cz\/index.php?rest_route=%2Fwp%2Fv2%2Ftags&post=263993"}],"curies":[{"name":"wp","href":"https:\/\/api.w.org\/{rel}","templated":true}]}}