{"id":263990,"date":"2022-09-29T13:01:14","date_gmt":"2022-09-29T12:01:14","guid":{"rendered":"https:\/\/zakrasnejsivimperk.cz\/?p=263990"},"modified":"2022-09-30T20:45:32","modified_gmt":"2022-09-30T19:45:32","slug":"nase-mesto-vimperk-zacinajici-podzim-na-sklarskem-vrchu","status":"publish","type":"post","link":"https:\/\/zakrasnejsivimperk.cz\/?p=263990","title":{"rendered":"NA\u0160E M\u011aSTO VIMPERK: Za\u010d\u00ednaj\u00edc\u00ed podzim na Skl\u00e1\u0159sk\u00e9m vrchu"},"content":{"rendered":"<figure id=\"attachment_263991\" aria-describedby=\"caption-attachment-263991\" style=\"width: 924px\" class=\"wp-caption aligncenter\"><img loading=\"lazy\" decoding=\"async\" class=\"wp-image-263991 size-full\" src=\"https:\/\/zakrasnejsivimperk.cz\/wp-content\/uploads\/2022\/09\/29\/\u017e\u00e1\u0159\u00ed-skl\u00e1\u0159sk\u00fd-vrch-29.jpg\" alt=\"\" width=\"924\" height=\"1100\" srcset=\"https:\/\/zakrasnejsivimperk.cz\/wp-content\/uploads\/2022\/09\/29\/\u017e\u00e1\u0159\u00ed-skl\u00e1\u0159sk\u00fd-vrch-29.jpg 924w, https:\/\/zakrasnejsivimperk.cz\/wp-content\/uploads\/2022\/09\/29\/\u017e\u00e1\u0159\u00ed-skl\u00e1\u0159sk\u00fd-vrch-29-252x300.jpg 252w, https:\/\/zakrasnejsivimperk.cz\/wp-content\/uploads\/2022\/09\/29\/\u017e\u00e1\u0159\u00ed-skl\u00e1\u0159sk\u00fd-vrch-29-768x914.jpg 768w, https:\/\/zakrasnejsivimperk.cz\/wp-content\/uploads\/2022\/09\/29\/\u017e\u00e1\u0159\u00ed-skl\u00e1\u0159sk\u00fd-vrch-29-860x1024.jpg 860w, https:\/\/zakrasnejsivimperk.cz\/wp-content\/uploads\/2022\/09\/29\/\u017e\u00e1\u0159\u00ed-skl\u00e1\u0159sk\u00fd-vrch-29-300x357.jpg 300w, https:\/\/zakrasnejsivimperk.cz\/wp-content\/uploads\/2022\/09\/29\/\u017e\u00e1\u0159\u00ed-skl\u00e1\u0159sk\u00fd-vrch-29-406x483.jpg 406w\" sizes=\"(max-width: 924px) 100vw, 924px\" \/><figcaption id=\"caption-attachment-263991\" class=\"wp-caption-text\">Foto: (red) &#8211; Za kr\u00e1sn\u011bj\u0161\u00ed Vimperk<\/figcaption><\/figure>\n<hr \/>\n<p>&nbsp;<\/p>\n<p>&nbsp;<\/p>\n","protected":false},"excerpt":{"rendered":"<p>&nbsp; &nbsp;<\/p>\n","protected":false},"author":2,"featured_media":263991,"comment_status":"open","ping_status":"open","sticky":false,"template":"","format":"gallery","meta":{"footnotes":""},"categories":[171],"tags":[],"jetpack_featured_media_url":"https:\/\/zakrasnejsivimperk.cz\/wp-content\/uploads\/2022\/09\/29\/\u017e\u00e1\u0159\u00ed-skl\u00e1\u0159sk\u00fd-vrch-29.jpg","_links":{"self":[{"href":"https:\/\/zakrasnejsivimperk.cz\/index.php?rest_route=\/wp\/v2\/posts\/263990"}],"collection":[{"href":"https:\/\/zakrasnejsivimperk.cz\/index.php?rest_route=\/wp\/v2\/posts"}],"about":[{"href":"https:\/\/zakrasnejsivimperk.cz\/index.php?rest_route=\/wp\/v2\/types\/post"}],"author":[{"embeddable":true,"href":"https:\/\/zakrasnejsivimperk.cz\/index.php?rest_route=\/wp\/v2\/users\/2"}],"replies":[{"embeddable":true,"href":"https:\/\/zakrasnejsivimperk.cz\/index.php?rest_route=%2Fwp%2Fv2%2Fcomments&post=263990"}],"version-history":[{"count":1,"href":"https:\/\/zakrasnejsivimperk.cz\/index.php?rest_route=\/wp\/v2\/posts\/263990\/revisions"}],"predecessor-version":[{"id":263992,"href":"https:\/\/zakrasnejsivimperk.cz\/index.php?rest_route=\/wp\/v2\/posts\/263990\/revisions\/263992"}],"wp:featuredmedia":[{"embeddable":true,"href":"https:\/\/zakrasnejsivimperk.cz\/index.php?rest_route=\/wp\/v2\/media\/263991"}],"wp:attachment":[{"href":"https:\/\/zakrasnejsivimperk.cz\/index.php?rest_route=%2Fwp%2Fv2%2Fmedia&parent=263990"}],"wp:term":[{"taxonomy":"category","embeddable":true,"href":"https:\/\/zakrasnejsivimperk.cz\/index.php?rest_route=%2Fwp%2Fv2%2Fcategories&post=263990"},{"taxonomy":"post_tag","embeddable":true,"href":"https:\/\/zakrasnejsivimperk.cz\/index.php?rest_route=%2Fwp%2Fv2%2Ftags&post=263990"}],"curies":[{"name":"wp","href":"https:\/\/api.w.org\/{rel}","templated":true}]}}