{"id":263841,"date":"2022-09-27T15:24:23","date_gmt":"2022-09-27T14:24:23","guid":{"rendered":"https:\/\/zakrasnejsivimperk.cz\/?p=263841"},"modified":"2022-09-28T14:25:43","modified_gmt":"2022-09-28T13:25:43","slug":"volby-2022-podekovani-spd-vimperk","status":"publish","type":"post","link":"https:\/\/zakrasnejsivimperk.cz\/?p=263841","title":{"rendered":"VOLBY 2022: Pod\u011bkov\u00e1n\u00ed SPD Vimperk"},"content":{"rendered":"<p><img loading=\"lazy\" decoding=\"async\" class=\"aligncenter wp-image-263842 size-full\" src=\"https:\/\/zakrasnejsivimperk.cz\/wp-content\/uploads\/2022\/09\/27\/r\u00e1m-volby-spd.jpg\" alt=\"\" width=\"926\" height=\"1100\" srcset=\"https:\/\/zakrasnejsivimperk.cz\/wp-content\/uploads\/2022\/09\/27\/r\u00e1m-volby-spd.jpg 926w, https:\/\/zakrasnejsivimperk.cz\/wp-content\/uploads\/2022\/09\/27\/r\u00e1m-volby-spd-253x300.jpg 253w, https:\/\/zakrasnejsivimperk.cz\/wp-content\/uploads\/2022\/09\/27\/r\u00e1m-volby-spd-768x912.jpg 768w, https:\/\/zakrasnejsivimperk.cz\/wp-content\/uploads\/2022\/09\/27\/r\u00e1m-volby-spd-862x1024.jpg 862w, https:\/\/zakrasnejsivimperk.cz\/wp-content\/uploads\/2022\/09\/27\/r\u00e1m-volby-spd-301x357.jpg 301w, https:\/\/zakrasnejsivimperk.cz\/wp-content\/uploads\/2022\/09\/27\/r\u00e1m-volby-spd-407x483.jpg 407w\" sizes=\"(max-width: 926px) 100vw, 926px\" \/><\/p>\n<p>&nbsp;<\/p>\n<p style=\"text-align: center;\"><strong>FB &#8211;\u00a0<a href=\"https:\/\/www.facebook.com\/spdprachaticko\" target=\"_blank\" rel=\"noopener\">SPD Prachatice a okol\u00ed<\/a><\/strong><\/p>\n<hr \/>\n<p>&nbsp;<\/p>\n<p>&nbsp;<\/p>\n","protected":false},"excerpt":{"rendered":"<p>&nbsp; FB <\/p>\n","protected":false},"author":2,"featured_media":263842,"comment_status":"open","ping_status":"open","sticky":false,"template":"","format":"gallery","meta":{"footnotes":""},"categories":[85,120],"tags":[],"jetpack_featured_media_url":"https:\/\/zakrasnejsivimperk.cz\/wp-content\/uploads\/2022\/09\/27\/r\u00e1m-volby-spd.jpg","_links":{"self":[{"href":"https:\/\/zakrasnejsivimperk.cz\/index.php?rest_route=\/wp\/v2\/posts\/263841"}],"collection":[{"href":"https:\/\/zakrasnejsivimperk.cz\/index.php?rest_route=\/wp\/v2\/posts"}],"about":[{"href":"https:\/\/zakrasnejsivimperk.cz\/index.php?rest_route=\/wp\/v2\/types\/post"}],"author":[{"embeddable":true,"href":"https:\/\/zakrasnejsivimperk.cz\/index.php?rest_route=\/wp\/v2\/users\/2"}],"replies":[{"embeddable":true,"href":"https:\/\/zakrasnejsivimperk.cz\/index.php?rest_route=%2Fwp%2Fv2%2Fcomments&post=263841"}],"version-history":[{"count":1,"href":"https:\/\/zakrasnejsivimperk.cz\/index.php?rest_route=\/wp\/v2\/posts\/263841\/revisions"}],"predecessor-version":[{"id":263843,"href":"https:\/\/zakrasnejsivimperk.cz\/index.php?rest_route=\/wp\/v2\/posts\/263841\/revisions\/263843"}],"wp:featuredmedia":[{"embeddable":true,"href":"https:\/\/zakrasnejsivimperk.cz\/index.php?rest_route=\/wp\/v2\/media\/263842"}],"wp:attachment":[{"href":"https:\/\/zakrasnejsivimperk.cz\/index.php?rest_route=%2Fwp%2Fv2%2Fmedia&parent=263841"}],"wp:term":[{"taxonomy":"category","embeddable":true,"href":"https:\/\/zakrasnejsivimperk.cz\/index.php?rest_route=%2Fwp%2Fv2%2Fcategories&post=263841"},{"taxonomy":"post_tag","embeddable":true,"href":"https:\/\/zakrasnejsivimperk.cz\/index.php?rest_route=%2Fwp%2Fv2%2Ftags&post=263841"}],"curies":[{"name":"wp","href":"https:\/\/api.w.org\/{rel}","templated":true}]}}