{"id":263791,"date":"2022-09-26T18:36:48","date_gmt":"2022-09-26T17:36:48","guid":{"rendered":"https:\/\/zakrasnejsivimperk.cz\/?p=263791"},"modified":"2022-09-27T15:25:48","modified_gmt":"2022-09-27T14:25:48","slug":"volby-2022-prohlaseni-hnuti-jihocesi-2012-vimperk","status":"publish","type":"post","link":"https:\/\/zakrasnejsivimperk.cz\/?p=263791","title":{"rendered":"VOLBY 2022: Povolebn\u00ed prohl\u00e1\u0161en\u00ed Hnut\u00ed Jiho\u010de\u0161i 2012 Vimperk"},"content":{"rendered":"<p><img loading=\"lazy\" decoding=\"async\" class=\"size-full wp-image-138115 aligncenter\" src=\"https:\/\/zakrasnejsivimperk.cz\/wp-content\/uploads\/2018\/08\/18\/komun\u00e1ln\u00ed-volby-logo.jpg\" alt=\"\" width=\"299\" height=\"123\" \/><\/p>\n<p>&nbsp;<\/p>\n<h6>&#8220;&#8230; V\u00fdsledek voleb pova\u017eujeme za velk\u00fd \u00fasp\u011bch. Na\u0161\u00ed sou\u010dasnou prioritn\u00ed snahou bude dodr\u017eet n\u00e1mi dan\u00e9 sliby a jsme p\u0159ipraveni jednat s ostatn\u00edmi stranami k jejich napln\u011bn\u00ed. Douf\u00e1me, \u017ee se n\u00e1m to poda\u0159\u00ed!&#8230;&#8221;<\/h6>\n<p>&nbsp;<\/p>\n<p><strong>FB &#8211;\u00a0<a href=\"https:\/\/www.facebook.com\/Vimperk-Jiho%C4%8De%C5%A1i2012-781103195262591\" target=\"_blank\" rel=\"noopener\">Vimperk Jiho\u010de\u0161i2012<\/a><\/strong><\/p>\n<hr \/>\n<p>&nbsp;<\/p>\n<p>&nbsp;<\/p>\n","protected":false},"excerpt":{"rendered":"<p>&nbsp; &#8220;&#8230; <\/p>\n","protected":false},"author":2,"featured_media":263798,"comment_status":"open","ping_status":"open","sticky":false,"template":"","format":"gallery","meta":{"footnotes":""},"categories":[85,120],"tags":[],"jetpack_featured_media_url":"https:\/\/zakrasnejsivimperk.cz\/wp-content\/uploads\/2022\/09\/26\/volby-2022-jih.jpg","_links":{"self":[{"href":"https:\/\/zakrasnejsivimperk.cz\/index.php?rest_route=\/wp\/v2\/posts\/263791"}],"collection":[{"href":"https:\/\/zakrasnejsivimperk.cz\/index.php?rest_route=\/wp\/v2\/posts"}],"about":[{"href":"https:\/\/zakrasnejsivimperk.cz\/index.php?rest_route=\/wp\/v2\/types\/post"}],"author":[{"embeddable":true,"href":"https:\/\/zakrasnejsivimperk.cz\/index.php?rest_route=\/wp\/v2\/users\/2"}],"replies":[{"embeddable":true,"href":"https:\/\/zakrasnejsivimperk.cz\/index.php?rest_route=%2Fwp%2Fv2%2Fcomments&post=263791"}],"version-history":[{"count":4,"href":"https:\/\/zakrasnejsivimperk.cz\/index.php?rest_route=\/wp\/v2\/posts\/263791\/revisions"}],"predecessor-version":[{"id":263797,"href":"https:\/\/zakrasnejsivimperk.cz\/index.php?rest_route=\/wp\/v2\/posts\/263791\/revisions\/263797"}],"wp:featuredmedia":[{"embeddable":true,"href":"https:\/\/zakrasnejsivimperk.cz\/index.php?rest_route=\/wp\/v2\/media\/263798"}],"wp:attachment":[{"href":"https:\/\/zakrasnejsivimperk.cz\/index.php?rest_route=%2Fwp%2Fv2%2Fmedia&parent=263791"}],"wp:term":[{"taxonomy":"category","embeddable":true,"href":"https:\/\/zakrasnejsivimperk.cz\/index.php?rest_route=%2Fwp%2Fv2%2Fcategories&post=263791"},{"taxonomy":"post_tag","embeddable":true,"href":"https:\/\/zakrasnejsivimperk.cz\/index.php?rest_route=%2Fwp%2Fv2%2Ftags&post=263791"}],"curies":[{"name":"wp","href":"https:\/\/api.w.org\/{rel}","templated":true}]}}