{"id":263782,"date":"2022-09-26T13:44:14","date_gmt":"2022-09-26T12:44:14","guid":{"rendered":"https:\/\/zakrasnejsivimperk.cz\/?p=263782"},"modified":"2022-09-30T20:56:15","modified_gmt":"2022-09-30T19:56:15","slug":"vimperk-a-okoli-socha-karla-klostermanna-v-javorniku","status":"publish","type":"post","link":"https:\/\/zakrasnejsivimperk.cz\/?p=263782","title":{"rendered":"VIMPERK A OKOL\u00cd: Socha Karla Klostermanna v Javorn\u00edku"},"content":{"rendered":"<figure id=\"attachment_263783\" aria-describedby=\"caption-attachment-263783\" style=\"width: 821px\" class=\"wp-caption aligncenter\"><img loading=\"lazy\" decoding=\"async\" class=\"wp-image-263783 size-full\" src=\"https:\/\/zakrasnejsivimperk.cz\/wp-content\/uploads\/2022\/09\/26\/socha-klostermann.jpg\" alt=\"\" width=\"821\" height=\"1100\" srcset=\"https:\/\/zakrasnejsivimperk.cz\/wp-content\/uploads\/2022\/09\/26\/socha-klostermann.jpg 821w, https:\/\/zakrasnejsivimperk.cz\/wp-content\/uploads\/2022\/09\/26\/socha-klostermann-224x300.jpg 224w, https:\/\/zakrasnejsivimperk.cz\/wp-content\/uploads\/2022\/09\/26\/socha-klostermann-768x1029.jpg 768w, https:\/\/zakrasnejsivimperk.cz\/wp-content\/uploads\/2022\/09\/26\/socha-klostermann-764x1024.jpg 764w, https:\/\/zakrasnejsivimperk.cz\/wp-content\/uploads\/2022\/09\/26\/socha-klostermann-266x357.jpg 266w, https:\/\/zakrasnejsivimperk.cz\/wp-content\/uploads\/2022\/09\/26\/socha-klostermann-360x483.jpg 360w\" sizes=\"(max-width: 821px) 100vw, 821px\" \/><figcaption id=\"caption-attachment-263783\" class=\"wp-caption-text\">Foto: (red) &#8211; Za kr\u00e1sn\u011bj\u0161\u00ed Vimperk<\/figcaption><\/figure>\n<hr \/>\n<p>&nbsp;<\/p>\n<p>&nbsp;<\/p>\n","protected":false},"excerpt":{"rendered":"<p>&nbsp; &nbsp;<\/p>\n","protected":false},"author":2,"featured_media":263783,"comment_status":"open","ping_status":"open","sticky":false,"template":"","format":"gallery","meta":{"footnotes":""},"categories":[171,168,86],"tags":[],"jetpack_featured_media_url":"https:\/\/zakrasnejsivimperk.cz\/wp-content\/uploads\/2022\/09\/26\/socha-klostermann.jpg","_links":{"self":[{"href":"https:\/\/zakrasnejsivimperk.cz\/index.php?rest_route=\/wp\/v2\/posts\/263782"}],"collection":[{"href":"https:\/\/zakrasnejsivimperk.cz\/index.php?rest_route=\/wp\/v2\/posts"}],"about":[{"href":"https:\/\/zakrasnejsivimperk.cz\/index.php?rest_route=\/wp\/v2\/types\/post"}],"author":[{"embeddable":true,"href":"https:\/\/zakrasnejsivimperk.cz\/index.php?rest_route=\/wp\/v2\/users\/2"}],"replies":[{"embeddable":true,"href":"https:\/\/zakrasnejsivimperk.cz\/index.php?rest_route=%2Fwp%2Fv2%2Fcomments&post=263782"}],"version-history":[{"count":1,"href":"https:\/\/zakrasnejsivimperk.cz\/index.php?rest_route=\/wp\/v2\/posts\/263782\/revisions"}],"predecessor-version":[{"id":263784,"href":"https:\/\/zakrasnejsivimperk.cz\/index.php?rest_route=\/wp\/v2\/posts\/263782\/revisions\/263784"}],"wp:featuredmedia":[{"embeddable":true,"href":"https:\/\/zakrasnejsivimperk.cz\/index.php?rest_route=\/wp\/v2\/media\/263783"}],"wp:attachment":[{"href":"https:\/\/zakrasnejsivimperk.cz\/index.php?rest_route=%2Fwp%2Fv2%2Fmedia&parent=263782"}],"wp:term":[{"taxonomy":"category","embeddable":true,"href":"https:\/\/zakrasnejsivimperk.cz\/index.php?rest_route=%2Fwp%2Fv2%2Fcategories&post=263782"},{"taxonomy":"post_tag","embeddable":true,"href":"https:\/\/zakrasnejsivimperk.cz\/index.php?rest_route=%2Fwp%2Fv2%2Ftags&post=263782"}],"curies":[{"name":"wp","href":"https:\/\/api.w.org\/{rel}","templated":true}]}}