{"id":263591,"date":"2022-09-24T14:04:39","date_gmt":"2022-09-24T13:04:39","guid":{"rendered":"https:\/\/zakrasnejsivimperk.cz\/?p=263591"},"modified":"2022-09-26T13:45:03","modified_gmt":"2022-09-26T12:45:03","slug":"volby-2022-vysledky-v-nekterych-obcich-na-vimpersku","status":"publish","type":"post","link":"https:\/\/zakrasnejsivimperk.cz\/?p=263591","title":{"rendered":"VOLBY 2022: V\u00fdsledky v n\u011bkter\u00fdch obc\u00edch na Vimpersku"},"content":{"rendered":"<p><img loading=\"lazy\" decoding=\"async\" class=\"aligncenter wp-image-138115 size-full\" src=\"https:\/\/zakrasnejsivimperk.cz\/wp-content\/uploads\/2018\/08\/18\/komun\u00e1ln\u00ed-volby-logo.jpg\" alt=\"\" width=\"299\" height=\"123\" \/><\/p>\n<h6 style=\"text-align: center;\">Zdroj \u010cS\u00da<\/h6>\n<hr \/>\n<h1 style=\"text-align: center;\">\u00a0Zvolen\u00ed \u010dlenov\u00e9 obecn\u00edch zastupitelstev:<\/h1>\n<hr \/>\n<p>&nbsp;<\/p>\n<h4 style=\"text-align: center;\">Nov\u00e9 Hut\u011b<\/h4>\n<p><img loading=\"lazy\" decoding=\"async\" class=\"aligncenter wp-image-263675 size-full\" src=\"https:\/\/zakrasnejsivimperk.cz\/wp-content\/uploads\/2022\/09\/24\/nov\u00e9-hut\u011b.jpg\" alt=\"\" width=\"839\" height=\"274\" srcset=\"https:\/\/zakrasnejsivimperk.cz\/wp-content\/uploads\/2022\/09\/24\/nov\u00e9-hut\u011b.jpg 839w, https:\/\/zakrasnejsivimperk.cz\/wp-content\/uploads\/2022\/09\/24\/nov\u00e9-hut\u011b-300x98.jpg 300w, https:\/\/zakrasnejsivimperk.cz\/wp-content\/uploads\/2022\/09\/24\/nov\u00e9-hut\u011b-768x251.jpg 768w\" sizes=\"(max-width: 839px) 100vw, 839px\" \/><\/p>\n<p>&nbsp;<\/p>\n<h4 style=\"text-align: center;\">Svat\u00e1 Ma\u0159\u00ed<\/h4>\n<p><img loading=\"lazy\" decoding=\"async\" class=\"aligncenter wp-image-263673 size-full\" src=\"https:\/\/zakrasnejsivimperk.cz\/wp-content\/uploads\/2022\/09\/24\/svat\u00e1-ma\u0159\u00ed.jpg\" alt=\"\" width=\"872\" height=\"396\" srcset=\"https:\/\/zakrasnejsivimperk.cz\/wp-content\/uploads\/2022\/09\/24\/svat\u00e1-ma\u0159\u00ed.jpg 872w, https:\/\/zakrasnejsivimperk.cz\/wp-content\/uploads\/2022\/09\/24\/svat\u00e1-ma\u0159\u00ed-300x136.jpg 300w, https:\/\/zakrasnejsivimperk.cz\/wp-content\/uploads\/2022\/09\/24\/svat\u00e1-ma\u0159\u00ed-768x349.jpg 768w, https:\/\/zakrasnejsivimperk.cz\/wp-content\/uploads\/2022\/09\/24\/svat\u00e1-ma\u0159\u00ed-786x357.jpg 786w\" sizes=\"(max-width: 872px) 100vw, 872px\" \/><\/p>\n<p>&nbsp;<\/p>\n<h4 style=\"text-align: center;\">Zd\u00edkov<\/h4>\n<p><img loading=\"lazy\" decoding=\"async\" class=\"aligncenter wp-image-263656 size-full\" src=\"https:\/\/zakrasnejsivimperk.cz\/wp-content\/uploads\/2022\/09\/24\/zd\u00edkov.jpg\" alt=\"\" width=\"884\" height=\"594\" srcset=\"https:\/\/zakrasnejsivimperk.cz\/wp-content\/uploads\/2022\/09\/24\/zd\u00edkov.jpg 884w, https:\/\/zakrasnejsivimperk.cz\/wp-content\/uploads\/2022\/09\/24\/zd\u00edkov-300x202.jpg 300w, https:\/\/zakrasnejsivimperk.cz\/wp-content\/uploads\/2022\/09\/24\/zd\u00edkov-768x516.jpg 768w, https:\/\/zakrasnejsivimperk.cz\/wp-content\/uploads\/2022\/09\/24\/zd\u00edkov-531x357.jpg 531w, https:\/\/zakrasnejsivimperk.cz\/wp-content\/uploads\/2022\/09\/24\/zd\u00edkov-719x483.jpg 719w\" sizes=\"(max-width: 884px) 100vw, 884px\" \/><\/p>\n<p>&nbsp;<\/p>\n<h4 style=\"text-align: center;\">Vacov<\/h4>\n<p><img loading=\"lazy\" decoding=\"async\" class=\"aligncenter wp-image-263638 size-full\" src=\"https:\/\/zakrasnejsivimperk.cz\/wp-content\/uploads\/2022\/09\/24\/vacov.jpg\" alt=\"\" width=\"882\" height=\"595\" srcset=\"https:\/\/zakrasnejsivimperk.cz\/wp-content\/uploads\/2022\/09\/24\/vacov.jpg 882w, https:\/\/zakrasnejsivimperk.cz\/wp-content\/uploads\/2022\/09\/24\/vacov-300x202.jpg 300w, https:\/\/zakrasnejsivimperk.cz\/wp-content\/uploads\/2022\/09\/24\/vacov-768x518.jpg 768w, https:\/\/zakrasnejsivimperk.cz\/wp-content\/uploads\/2022\/09\/24\/vacov-529x357.jpg 529w, https:\/\/zakrasnejsivimperk.cz\/wp-content\/uploads\/2022\/09\/24\/vacov-716x483.jpg 716w\" sizes=\"(max-width: 882px) 100vw, 882px\" \/><\/p>\n<p>&nbsp;<\/p>\n<h4 style=\"text-align: center;\">Stachy<\/h4>\n<p><img loading=\"lazy\" decoding=\"async\" class=\"aligncenter wp-image-263628 size-full\" src=\"https:\/\/zakrasnejsivimperk.cz\/wp-content\/uploads\/2022\/09\/24\/stachy.jpg\" alt=\"\" width=\"879\" height=\"589\" srcset=\"https:\/\/zakrasnejsivimperk.cz\/wp-content\/uploads\/2022\/09\/24\/stachy.jpg 879w, https:\/\/zakrasnejsivimperk.cz\/wp-content\/uploads\/2022\/09\/24\/stachy-300x201.jpg 300w, https:\/\/zakrasnejsivimperk.cz\/wp-content\/uploads\/2022\/09\/24\/stachy-768x515.jpg 768w, https:\/\/zakrasnejsivimperk.cz\/wp-content\/uploads\/2022\/09\/24\/stachy-533x357.jpg 533w, https:\/\/zakrasnejsivimperk.cz\/wp-content\/uploads\/2022\/09\/24\/stachy-721x483.jpg 721w\" sizes=\"(max-width: 879px) 100vw, 879px\" \/><\/p>\n<p>&nbsp;<\/p>\n<h4 style=\"text-align: center;\">\u010ckyn\u011b<\/h4>\n<p><img loading=\"lazy\" decoding=\"async\" class=\"aligncenter wp-image-263626 size-full\" src=\"https:\/\/zakrasnejsivimperk.cz\/wp-content\/uploads\/2022\/09\/24\/\u010dkyn\u011b.jpg\" alt=\"\" width=\"847\" height=\"590\" srcset=\"https:\/\/zakrasnejsivimperk.cz\/wp-content\/uploads\/2022\/09\/24\/\u010dkyn\u011b.jpg 847w, https:\/\/zakrasnejsivimperk.cz\/wp-content\/uploads\/2022\/09\/24\/\u010dkyn\u011b-300x209.jpg 300w, https:\/\/zakrasnejsivimperk.cz\/wp-content\/uploads\/2022\/09\/24\/\u010dkyn\u011b-768x535.jpg 768w, https:\/\/zakrasnejsivimperk.cz\/wp-content\/uploads\/2022\/09\/24\/\u010dkyn\u011b-513x357.jpg 513w, https:\/\/zakrasnejsivimperk.cz\/wp-content\/uploads\/2022\/09\/24\/\u010dkyn\u011b-693x483.jpg 693w\" sizes=\"(max-width: 847px) 100vw, 847px\" \/><\/p>\n<p>&nbsp;<\/p>\n<h4 style=\"text-align: center;\">Horn\u00ed Vltavice<\/h4>\n<p><img loading=\"lazy\" decoding=\"async\" class=\"aligncenter wp-image-263624 size-full\" src=\"https:\/\/zakrasnejsivimperk.cz\/wp-content\/uploads\/2022\/09\/24\/horn\u00ed-vltavice.jpg\" alt=\"\" width=\"879\" height=\"402\" srcset=\"https:\/\/zakrasnejsivimperk.cz\/wp-content\/uploads\/2022\/09\/24\/horn\u00ed-vltavice.jpg 879w, https:\/\/zakrasnejsivimperk.cz\/wp-content\/uploads\/2022\/09\/24\/horn\u00ed-vltavice-300x137.jpg 300w, https:\/\/zakrasnejsivimperk.cz\/wp-content\/uploads\/2022\/09\/24\/horn\u00ed-vltavice-768x351.jpg 768w, https:\/\/zakrasnejsivimperk.cz\/wp-content\/uploads\/2022\/09\/24\/horn\u00ed-vltavice-781x357.jpg 781w\" sizes=\"(max-width: 879px) 100vw, 879px\" \/><\/p>\n<p>&nbsp;<\/p>\n<h4 style=\"text-align: center;\">Radhostice<\/h4>\n<p><img loading=\"lazy\" decoding=\"async\" class=\"aligncenter wp-image-263621 size-full\" src=\"https:\/\/zakrasnejsivimperk.cz\/wp-content\/uploads\/2022\/09\/24\/radhostice.jpg\" alt=\"\" width=\"842\" height=\"338\" srcset=\"https:\/\/zakrasnejsivimperk.cz\/wp-content\/uploads\/2022\/09\/24\/radhostice.jpg 842w, https:\/\/zakrasnejsivimperk.cz\/wp-content\/uploads\/2022\/09\/24\/radhostice-300x120.jpg 300w, https:\/\/zakrasnejsivimperk.cz\/wp-content\/uploads\/2022\/09\/24\/radhostice-768x308.jpg 768w\" sizes=\"(max-width: 842px) 100vw, 842px\" \/><\/p>\n<p>&nbsp;<\/p>\n<h4 style=\"text-align: center;\">Z\u00e1lezly<\/h4>\n<p><img loading=\"lazy\" decoding=\"async\" class=\"aligncenter wp-image-263619 size-full\" src=\"https:\/\/zakrasnejsivimperk.cz\/wp-content\/uploads\/2022\/09\/24\/z\u00e1lezly.jpg\" alt=\"\" width=\"878\" height=\"340\" srcset=\"https:\/\/zakrasnejsivimperk.cz\/wp-content\/uploads\/2022\/09\/24\/z\u00e1lezly.jpg 878w, https:\/\/zakrasnejsivimperk.cz\/wp-content\/uploads\/2022\/09\/24\/z\u00e1lezly-300x116.jpg 300w, https:\/\/zakrasnejsivimperk.cz\/wp-content\/uploads\/2022\/09\/24\/z\u00e1lezly-768x297.jpg 768w\" sizes=\"(max-width: 878px) 100vw, 878px\" \/><\/p>\n<p>&nbsp;<\/p>\n<h4 style=\"text-align: center;\">Lenora<\/h4>\n<p><img loading=\"lazy\" decoding=\"async\" class=\"aligncenter wp-image-263617 size-full\" src=\"https:\/\/zakrasnejsivimperk.cz\/wp-content\/uploads\/2022\/09\/24\/lenora.jpg\" alt=\"\" width=\"799\" height=\"338\" srcset=\"https:\/\/zakrasnejsivimperk.cz\/wp-content\/uploads\/2022\/09\/24\/lenora.jpg 799w, https:\/\/zakrasnejsivimperk.cz\/wp-content\/uploads\/2022\/09\/24\/lenora-300x127.jpg 300w, https:\/\/zakrasnejsivimperk.cz\/wp-content\/uploads\/2022\/09\/24\/lenora-768x325.jpg 768w\" sizes=\"(max-width: 799px) 100vw, 799px\" \/><\/p>\n<p>&nbsp;<\/p>\n<h4 style=\"text-align: center;\">Str\u00e1\u017en\u00fd<\/h4>\n<p><img loading=\"lazy\" decoding=\"async\" class=\"aligncenter wp-image-263615 size-full\" src=\"https:\/\/zakrasnejsivimperk.cz\/wp-content\/uploads\/2022\/09\/24\/str\u00e1\u017en\u00fd.jpg\" alt=\"\" width=\"855\" height=\"337\" srcset=\"https:\/\/zakrasnejsivimperk.cz\/wp-content\/uploads\/2022\/09\/24\/str\u00e1\u017en\u00fd.jpg 855w, https:\/\/zakrasnejsivimperk.cz\/wp-content\/uploads\/2022\/09\/24\/str\u00e1\u017en\u00fd-300x118.jpg 300w, https:\/\/zakrasnejsivimperk.cz\/wp-content\/uploads\/2022\/09\/24\/str\u00e1\u017en\u00fd-768x303.jpg 768w\" sizes=\"(max-width: 855px) 100vw, 855px\" \/><\/p>\n<p>&nbsp;<\/p>\n<h4 style=\"text-align: center;\">Kvilda<\/h4>\n<p><img loading=\"lazy\" decoding=\"async\" class=\"aligncenter wp-image-263613 size-full\" src=\"https:\/\/zakrasnejsivimperk.cz\/wp-content\/uploads\/2022\/09\/24\/kvilda.jpg\" alt=\"\" width=\"831\" height=\"338\" srcset=\"https:\/\/zakrasnejsivimperk.cz\/wp-content\/uploads\/2022\/09\/24\/kvilda.jpg 831w, https:\/\/zakrasnejsivimperk.cz\/wp-content\/uploads\/2022\/09\/24\/kvilda-300x122.jpg 300w, https:\/\/zakrasnejsivimperk.cz\/wp-content\/uploads\/2022\/09\/24\/kvilda-768x312.jpg 768w\" sizes=\"(max-width: 831px) 100vw, 831px\" \/><\/p>\n<p>&nbsp;<\/p>\n<h4 style=\"text-align: center;\">Bohumilice<\/h4>\n<p><img loading=\"lazy\" decoding=\"async\" class=\"aligncenter wp-image-263611 size-full\" src=\"https:\/\/zakrasnejsivimperk.cz\/wp-content\/uploads\/2022\/09\/24\/bohumilice.jpg\" alt=\"\" width=\"876\" height=\"336\" srcset=\"https:\/\/zakrasnejsivimperk.cz\/wp-content\/uploads\/2022\/09\/24\/bohumilice.jpg 876w, https:\/\/zakrasnejsivimperk.cz\/wp-content\/uploads\/2022\/09\/24\/bohumilice-300x115.jpg 300w, https:\/\/zakrasnejsivimperk.cz\/wp-content\/uploads\/2022\/09\/24\/bohumilice-768x295.jpg 768w\" sizes=\"(max-width: 876px) 100vw, 876px\" \/><\/p>\n<p>&nbsp;<\/p>\n<h4 style=\"text-align: center;\">Nicov<\/h4>\n<p><img loading=\"lazy\" decoding=\"async\" class=\"aligncenter wp-image-263593 size-full\" src=\"https:\/\/zakrasnejsivimperk.cz\/wp-content\/uploads\/2022\/09\/24\/nicov.jpg\" alt=\"\" width=\"832\" height=\"331\" srcset=\"https:\/\/zakrasnejsivimperk.cz\/wp-content\/uploads\/2022\/09\/24\/nicov.jpg 832w, https:\/\/zakrasnejsivimperk.cz\/wp-content\/uploads\/2022\/09\/24\/nicov-300x119.jpg 300w, https:\/\/zakrasnejsivimperk.cz\/wp-content\/uploads\/2022\/09\/24\/nicov-768x306.jpg 768w\" sizes=\"(max-width: 832px) 100vw, 832px\" \/><\/p>\n<p>&nbsp;<\/p>\n<h4 style=\"text-align: center;\">Kubova Hu\u0165<\/h4>\n<p><img loading=\"lazy\" decoding=\"async\" class=\"aligncenter wp-image-263596 size-full\" src=\"https:\/\/zakrasnejsivimperk.cz\/wp-content\/uploads\/2022\/09\/24\/kubova-hut.jpg\" alt=\"\" width=\"821\" height=\"336\" srcset=\"https:\/\/zakrasnejsivimperk.cz\/wp-content\/uploads\/2022\/09\/24\/kubova-hut.jpg 821w, https:\/\/zakrasnejsivimperk.cz\/wp-content\/uploads\/2022\/09\/24\/kubova-hut-300x123.jpg 300w, https:\/\/zakrasnejsivimperk.cz\/wp-content\/uploads\/2022\/09\/24\/kubova-hut-768x314.jpg 768w\" sizes=\"(max-width: 821px) 100vw, 821px\" \/><\/p>\n<p>&nbsp;<\/p>\n<h4 style=\"text-align: center;\">L\u010dovice<\/h4>\n<p><img loading=\"lazy\" decoding=\"async\" class=\"aligncenter wp-image-263598 size-full\" src=\"https:\/\/zakrasnejsivimperk.cz\/wp-content\/uploads\/2022\/09\/24\/l\u010dovice.jpg\" alt=\"\" width=\"846\" height=\"400\" srcset=\"https:\/\/zakrasnejsivimperk.cz\/wp-content\/uploads\/2022\/09\/24\/l\u010dovice.jpg 846w, https:\/\/zakrasnejsivimperk.cz\/wp-content\/uploads\/2022\/09\/24\/l\u010dovice-300x142.jpg 300w, https:\/\/zakrasnejsivimperk.cz\/wp-content\/uploads\/2022\/09\/24\/l\u010dovice-768x363.jpg 768w, https:\/\/zakrasnejsivimperk.cz\/wp-content\/uploads\/2022\/09\/24\/l\u010dovice-755x357.jpg 755w\" sizes=\"(max-width: 846px) 100vw, 846px\" \/><\/p>\n<p>&nbsp;<\/p>\n<h4 style=\"text-align: center;\">\u017d\u00e1rovn\u00e1<\/h4>\n<p><img loading=\"lazy\" decoding=\"async\" class=\"aligncenter wp-image-263600 size-full\" src=\"https:\/\/zakrasnejsivimperk.cz\/wp-content\/uploads\/2022\/09\/24\/\u017e\u00e1rovn\u00e1.jpg\" alt=\"\" width=\"807\" height=\"330\" srcset=\"https:\/\/zakrasnejsivimperk.cz\/wp-content\/uploads\/2022\/09\/24\/\u017e\u00e1rovn\u00e1.jpg 807w, https:\/\/zakrasnejsivimperk.cz\/wp-content\/uploads\/2022\/09\/24\/\u017e\u00e1rovn\u00e1-300x123.jpg 300w, https:\/\/zakrasnejsivimperk.cz\/wp-content\/uploads\/2022\/09\/24\/\u017e\u00e1rovn\u00e1-768x314.jpg 768w\" sizes=\"(max-width: 807px) 100vw, 807px\" \/><\/p>\n<p>&nbsp;<\/p>\n<h4 style=\"text-align: center;\">Borov\u00e1 Lada<\/h4>\n<p><img loading=\"lazy\" decoding=\"async\" class=\"aligncenter wp-image-263603 size-full\" src=\"https:\/\/zakrasnejsivimperk.cz\/wp-content\/uploads\/2022\/09\/24\/borov\u00e1-lada.jpg\" alt=\"\" width=\"877\" height=\"337\" srcset=\"https:\/\/zakrasnejsivimperk.cz\/wp-content\/uploads\/2022\/09\/24\/borov\u00e1-lada.jpg 877w, https:\/\/zakrasnejsivimperk.cz\/wp-content\/uploads\/2022\/09\/24\/borov\u00e1-lada-300x115.jpg 300w, https:\/\/zakrasnejsivimperk.cz\/wp-content\/uploads\/2022\/09\/24\/borov\u00e1-lada-768x295.jpg 768w\" sizes=\"(max-width: 877px) 100vw, 877px\" \/><\/p>\n<p>&nbsp;<\/p>\n<h4 style=\"text-align: center;\">Buk<\/h4>\n<p><img loading=\"lazy\" decoding=\"async\" class=\"aligncenter wp-image-263605 size-full\" src=\"https:\/\/zakrasnejsivimperk.cz\/wp-content\/uploads\/2022\/09\/24\/buk.jpg\" alt=\"\" width=\"875\" height=\"339\" srcset=\"https:\/\/zakrasnejsivimperk.cz\/wp-content\/uploads\/2022\/09\/24\/buk.jpg 875w, https:\/\/zakrasnejsivimperk.cz\/wp-content\/uploads\/2022\/09\/24\/buk-300x116.jpg 300w, https:\/\/zakrasnejsivimperk.cz\/wp-content\/uploads\/2022\/09\/24\/buk-768x298.jpg 768w\" sizes=\"(max-width: 875px) 100vw, 875px\" \/><\/p>\n<p>&nbsp;<\/p>\n<h4 style=\"text-align: center;\">Bo\u0161ice<\/h4>\n<p><img loading=\"lazy\" decoding=\"async\" class=\"aligncenter wp-image-263607 size-full\" src=\"https:\/\/zakrasnejsivimperk.cz\/wp-content\/uploads\/2022\/09\/24\/bo\u0161ice.jpg\" alt=\"\" width=\"818\" height=\"333\" srcset=\"https:\/\/zakrasnejsivimperk.cz\/wp-content\/uploads\/2022\/09\/24\/bo\u0161ice.jpg 818w, https:\/\/zakrasnejsivimperk.cz\/wp-content\/uploads\/2022\/09\/24\/bo\u0161ice-300x122.jpg 300w, https:\/\/zakrasnejsivimperk.cz\/wp-content\/uploads\/2022\/09\/24\/bo\u0161ice-768x313.jpg 768w\" sizes=\"(max-width: 818px) 100vw, 818px\" \/><\/p>\n<p>&nbsp;<\/p>\n<h4 style=\"text-align: center;\">\u0160umavsk\u00e9 Ho\u0161tice<\/h4>\n<p><img loading=\"lazy\" decoding=\"async\" class=\"aligncenter wp-image-263609 size-full\" src=\"https:\/\/zakrasnejsivimperk.cz\/wp-content\/uploads\/2022\/09\/24\/\u0161umavsk\u00e9-ho\u0161tice.jpg\" alt=\"\" width=\"873\" height=\"334\" srcset=\"https:\/\/zakrasnejsivimperk.cz\/wp-content\/uploads\/2022\/09\/24\/\u0161umavsk\u00e9-ho\u0161tice.jpg 873w, https:\/\/zakrasnejsivimperk.cz\/wp-content\/uploads\/2022\/09\/24\/\u0161umavsk\u00e9-ho\u0161tice-300x115.jpg 300w, https:\/\/zakrasnejsivimperk.cz\/wp-content\/uploads\/2022\/09\/24\/\u0161umavsk\u00e9-ho\u0161tice-768x294.jpg 768w\" sizes=\"(max-width: 873px) 100vw, 873px\" \/><\/p>\n<hr \/>\n<p><strong>(red) &#8211; Za kr\u00e1sn\u011bj\u0161\u00ed Vimperk<\/strong><\/p>\n<p>&nbsp;<\/p>\n<p>&nbsp;<\/p>\n","protected":false},"excerpt":{"rendered":"<p>Zdroj \u010cS\u00da <\/p>\n","protected":false},"author":2,"featured_media":263588,"comment_status":"open","ping_status":"open","sticky":false,"template":"","format":"gallery","meta":{"footnotes":""},"categories":[119,86],"tags":[],"jetpack_featured_media_url":"https:\/\/zakrasnejsivimperk.cz\/wp-content\/uploads\/2022\/09\/24\/r\u00e1m-volby-obce.jpg","_links":{"self":[{"href":"https:\/\/zakrasnejsivimperk.cz\/index.php?rest_route=\/wp\/v2\/posts\/263591"}],"collection":[{"href":"https:\/\/zakrasnejsivimperk.cz\/index.php?rest_route=\/wp\/v2\/posts"}],"about":[{"href":"https:\/\/zakrasnejsivimperk.cz\/index.php?rest_route=\/wp\/v2\/types\/post"}],"author":[{"embeddable":true,"href":"https:\/\/zakrasnejsivimperk.cz\/index.php?rest_route=\/wp\/v2\/users\/2"}],"replies":[{"embeddable":true,"href":"https:\/\/zakrasnejsivimperk.cz\/index.php?rest_route=%2Fwp%2Fv2%2Fcomments&post=263591"}],"version-history":[{"count":26,"href":"https:\/\/zakrasnejsivimperk.cz\/index.php?rest_route=\/wp\/v2\/posts\/263591\/revisions"}],"predecessor-version":[{"id":263679,"href":"https:\/\/zakrasnejsivimperk.cz\/index.php?rest_route=\/wp\/v2\/posts\/263591\/revisions\/263679"}],"wp:featuredmedia":[{"embeddable":true,"href":"https:\/\/zakrasnejsivimperk.cz\/index.php?rest_route=\/wp\/v2\/media\/263588"}],"wp:attachment":[{"href":"https:\/\/zakrasnejsivimperk.cz\/index.php?rest_route=%2Fwp%2Fv2%2Fmedia&parent=263591"}],"wp:term":[{"taxonomy":"category","embeddable":true,"href":"https:\/\/zakrasnejsivimperk.cz\/index.php?rest_route=%2Fwp%2Fv2%2Fcategories&post=263591"},{"taxonomy":"post_tag","embeddable":true,"href":"https:\/\/zakrasnejsivimperk.cz\/index.php?rest_route=%2Fwp%2Fv2%2Ftags&post=263591"}],"curies":[{"name":"wp","href":"https:\/\/api.w.org\/{rel}","templated":true}]}}