{"id":263373,"date":"2022-09-21T15:08:40","date_gmt":"2022-09-21T14:08:40","guid":{"rendered":"https:\/\/zakrasnejsivimperk.cz\/?p=263373"},"modified":"2022-09-23T12:17:15","modified_gmt":"2022-09-23T11:17:15","slug":"nase-mesto-vimperk-vaznenevazne-pred-komunalnimi-volbami","status":"publish","type":"post","link":"https:\/\/zakrasnejsivimperk.cz\/?p=263373","title":{"rendered":"NA\u0160E M\u011aSTO VIMPERK: P\u0159edvolebn\u00ed kampa\u0148 nabrala ne\u010dekan\u00fd sm\u011br"},"content":{"rendered":"<p><img loading=\"lazy\" decoding=\"async\" class=\"aligncenter wp-image-263380 size-full\" src=\"https:\/\/zakrasnejsivimperk.cz\/wp-content\/uploads\/2022\/09\/21\/r\u00e1m-hlava-nehlava.jpg\" alt=\"\" width=\"915\" height=\"1100\" srcset=\"https:\/\/zakrasnejsivimperk.cz\/wp-content\/uploads\/2022\/09\/21\/r\u00e1m-hlava-nehlava.jpg 915w, https:\/\/zakrasnejsivimperk.cz\/wp-content\/uploads\/2022\/09\/21\/r\u00e1m-hlava-nehlava-250x300.jpg 250w, https:\/\/zakrasnejsivimperk.cz\/wp-content\/uploads\/2022\/09\/21\/r\u00e1m-hlava-nehlava-768x923.jpg 768w, https:\/\/zakrasnejsivimperk.cz\/wp-content\/uploads\/2022\/09\/21\/r\u00e1m-hlava-nehlava-852x1024.jpg 852w, https:\/\/zakrasnejsivimperk.cz\/wp-content\/uploads\/2022\/09\/21\/r\u00e1m-hlava-nehlava-297x357.jpg 297w, https:\/\/zakrasnejsivimperk.cz\/wp-content\/uploads\/2022\/09\/21\/r\u00e1m-hlava-nehlava-402x483.jpg 402w\" sizes=\"(max-width: 915px) 100vw, 915px\" \/><\/p>\n<p>&nbsp;<\/p>\n<p>&nbsp;<\/p>\n<p><img loading=\"lazy\" decoding=\"async\" class=\"aligncenter wp-image-263375 size-full\" src=\"https:\/\/zakrasnejsivimperk.cz\/wp-content\/uploads\/2022\/09\/21\/stanislav-hlava.jpg\" alt=\"\" width=\"931\" height=\"479\" srcset=\"https:\/\/zakrasnejsivimperk.cz\/wp-content\/uploads\/2022\/09\/21\/stanislav-hlava.jpg 931w, https:\/\/zakrasnejsivimperk.cz\/wp-content\/uploads\/2022\/09\/21\/stanislav-hlava-300x154.jpg 300w, https:\/\/zakrasnejsivimperk.cz\/wp-content\/uploads\/2022\/09\/21\/stanislav-hlava-768x395.jpg 768w, https:\/\/zakrasnejsivimperk.cz\/wp-content\/uploads\/2022\/09\/21\/stanislav-hlava-694x357.jpg 694w\" sizes=\"(max-width: 931px) 100vw, 931px\" \/><\/p>\n<p style=\"text-align: center;\"><em>(D\u011bkujeme na\u0161\u00ed \u010dten\u00e1\u0159ce Jan\u011b S. za zasl\u00e1n\u00ed v\u00fdst\u0159i\u017eku.)<\/em><\/p>\n<hr \/>\n<p>&nbsp;<\/p>\n<p><strong>(red) &#8211; Za kr\u00e1sn\u011bj\u0161\u00ed Vimperk\u00a0<\/strong><\/p>\n<hr \/>\n<p>&nbsp;<\/p>\n<p>&nbsp;<\/p>\n<p>&nbsp;<\/p>\n","protected":false},"excerpt":{"rendered":"<p>&nbsp; &nbsp; <\/p>\n","protected":false},"author":2,"featured_media":263380,"comment_status":"open","ping_status":"open","sticky":false,"template":"","format":"gallery","meta":{"footnotes":""},"categories":[85,121],"tags":[],"jetpack_featured_media_url":"https:\/\/zakrasnejsivimperk.cz\/wp-content\/uploads\/2022\/09\/21\/r\u00e1m-hlava-nehlava.jpg","_links":{"self":[{"href":"https:\/\/zakrasnejsivimperk.cz\/index.php?rest_route=\/wp\/v2\/posts\/263373"}],"collection":[{"href":"https:\/\/zakrasnejsivimperk.cz\/index.php?rest_route=\/wp\/v2\/posts"}],"about":[{"href":"https:\/\/zakrasnejsivimperk.cz\/index.php?rest_route=\/wp\/v2\/types\/post"}],"author":[{"embeddable":true,"href":"https:\/\/zakrasnejsivimperk.cz\/index.php?rest_route=\/wp\/v2\/users\/2"}],"replies":[{"embeddable":true,"href":"https:\/\/zakrasnejsivimperk.cz\/index.php?rest_route=%2Fwp%2Fv2%2Fcomments&post=263373"}],"version-history":[{"count":5,"href":"https:\/\/zakrasnejsivimperk.cz\/index.php?rest_route=\/wp\/v2\/posts\/263373\/revisions"}],"predecessor-version":[{"id":263382,"href":"https:\/\/zakrasnejsivimperk.cz\/index.php?rest_route=\/wp\/v2\/posts\/263373\/revisions\/263382"}],"wp:featuredmedia":[{"embeddable":true,"href":"https:\/\/zakrasnejsivimperk.cz\/index.php?rest_route=\/wp\/v2\/media\/263380"}],"wp:attachment":[{"href":"https:\/\/zakrasnejsivimperk.cz\/index.php?rest_route=%2Fwp%2Fv2%2Fmedia&parent=263373"}],"wp:term":[{"taxonomy":"category","embeddable":true,"href":"https:\/\/zakrasnejsivimperk.cz\/index.php?rest_route=%2Fwp%2Fv2%2Fcategories&post=263373"},{"taxonomy":"post_tag","embeddable":true,"href":"https:\/\/zakrasnejsivimperk.cz\/index.php?rest_route=%2Fwp%2Fv2%2Ftags&post=263373"}],"curies":[{"name":"wp","href":"https:\/\/api.w.org\/{rel}","templated":true}]}}