{"id":263361,"date":"2022-09-21T13:26:00","date_gmt":"2022-09-21T12:26:00","guid":{"rendered":"https:\/\/zakrasnejsivimperk.cz\/?p=263361"},"modified":"2022-09-23T12:20:06","modified_gmt":"2022-09-23T11:20:06","slug":"nase-mesto-vimperk-stalo-se-nestalo-se-po-kritice-kontejner-na-travu-ve-sportovnim-arealu-odpoved-starostky","status":"publish","type":"post","link":"https:\/\/zakrasnejsivimperk.cz\/?p=263361","title":{"rendered":"NA\u0160E M\u011aSTO VIMPERK: Stalo se \/ nestalo se po kritice \u2013 Kontejner na tr\u00e1vu ve sportovn\u00edm are\u00e1lu &#8211; vyj\u00e1d\u0159en\u00ed starostky"},"content":{"rendered":"<p><img loading=\"lazy\" decoding=\"async\" class=\"aligncenter wp-image-249847 size-full\" src=\"https:\/\/zakrasnejsivimperk.cz\/wp-content\/uploads\/2022\/03\/19\/Logo-fb.jpg\" alt=\"\" width=\"800\" height=\"324\" srcset=\"https:\/\/zakrasnejsivimperk.cz\/wp-content\/uploads\/2022\/03\/19\/Logo-fb.jpg 800w, https:\/\/zakrasnejsivimperk.cz\/wp-content\/uploads\/2022\/03\/19\/Logo-fb-300x122.jpg 300w, https:\/\/zakrasnejsivimperk.cz\/wp-content\/uploads\/2022\/03\/19\/Logo-fb-768x311.jpg 768w\" sizes=\"(max-width: 800px) 100vw, 800px\" \/><\/p>\n<hr \/>\n<p>&nbsp;<\/p>\n<h4>Jak sl\u00edbila minul\u00fd t\u00fdden v p\u00e1tek, tak v\u010dera u\u010dinila. Vimpersk\u00e1 starostka Jaroslava Martanov\u00e1 poslala na\u0161\u00ed redakci vyj\u00e1d\u0159en\u00ed (odpov\u011b\u010f na ot\u00e1zky) k um\u00edst\u011bn\u00ed zap\u00e1chaj\u00edc\u00edho kontejneru na pose\u010denou tr\u00e1vu z fotbalov\u00e9ho h\u0159i\u0161t\u011b ve sportovn\u00edm are\u00e1lu:<\/h4>\n<p><strong>Ot\u00e1zky redakce:\u00a0<\/strong><\/p>\n<ul>\n<li>Jak a k\u00fdm bylo za jeden den prok\u00e1z\u00e1no, \u017ee nebylo po\u0161kozeno \u017eivotn\u00ed prost\u0159ed\u00ed?<\/li>\n<li>Byl proveden chemick\u00fd rozbor \u010dern\u00e9ho v\u00fdluhu, kter\u00fd evidentn\u011b spaluje p\u0159ilehl\u00fd tr\u00e1vn\u00edk?<\/li>\n<li>Co se zm\u011bnilo popota\u017een\u00edm kontejneru?<\/li>\n<li>Bude t\u00edm zabr\u00e1n\u011bno dal\u0161\u00edmu v\u00fdluhu a kontaminaci spodn\u00edch vrstev v\u010detn\u011b \u0161\u00ed\u0159en\u00ed z\u00e1pachu z tlej\u00edc\u00ed tr\u00e1vy?<\/li>\n<li>Pro\u010d m\u011bstsk\u00e9 slu\u017eby aspo\u0148 trochu neupravily okoln\u00ed ter\u00e9n?<\/li>\n<li>Neexistuje efektivn\u011bj\u0161\u00ed zp\u016fsob likvidace pose\u010den\u00e9 tr\u00e1vy?<\/li>\n<\/ul>\n<h6><em>&#8220;Sou\u010dasn\u00e9 \u0159e\u0161en\u00ed um\u00edst\u011bn\u00ed kontejneru v\u00a0are\u00e1lu letn\u00edch sport\u016f nen\u00ed optim\u00e1ln\u00ed. S nov\u00fdm jednatelem M\u011bstsk\u00fdch slu\u017eeb Vimperk jsme p\u0159i spole\u010dn\u00e9 porad\u011b \u0159e\u0161ili tuto ot\u00e1zku i za p\u0159\u00edtomnosti pana Ing. Kot\u00e1la, vedouc\u00edho odboru \u017eivotn\u00edho prost\u0159ed\u00ed. Domluvili jsme se na spole\u010dn\u00e9 poch\u016fzce na m\u00edst\u011b sam\u00e9m, kde prov\u011b\u0159\u00edme mo\u017enosti pro jeho um\u00edst\u011bn\u00ed pro letn\u00ed sezonu 2023. Kontejner na tr\u00e1vu je nezbytn\u00e9 m\u00edt v\u00a0tomto are\u00e1lu z\u00a0d\u016fvodu \u010dast\u00e9ho sek\u00e1n\u00ed travnat\u00fdch ploch. M\u00edsto, kter\u00e9 bude vybr\u00e1no, mus\u00ed b\u00fdt p\u0159\u00edstupn\u00e9 pro techniku zaji\u0161\u0165uj\u00edc\u00ed sek\u00e1n\u00ed tr\u00e1vy a z\u00e1rove\u0148 by nem\u011blo br\u00e1nit v\u00a0lep\u0161\u00edm vyu\u017e\u00edv\u00e1n\u00ed plochy a obt\u011b\u017eovat z\u00e1pachem. V\u00fdluhem z\u00a0tr\u00e1vy um\u00edst\u011bn\u00e9 v\u00a0kontejneru nedo\u0161lo k\u00a0po\u0161kozen\u00ed \u017eivotn\u00edho prost\u0159ed\u00ed.&#8221;<\/em><\/h6>\n<h6>Jaroslava MARTANOV\u00c1, starostka m\u011bsta Vimperk<\/h6>\n<hr \/>\n<p>&nbsp;<\/p>\n<p><img loading=\"lazy\" decoding=\"async\" class=\"aligncenter wp-image-263098 size-full\" src=\"https:\/\/zakrasnejsivimperk.cz\/wp-content\/uploads\/2022\/09\/16\/kontejner-ve-sportovn\u00edm-are\u00e1lu-2.jpg\" alt=\"\" width=\"1100\" height=\"668\" srcset=\"https:\/\/zakrasnejsivimperk.cz\/wp-content\/uploads\/2022\/09\/16\/kontejner-ve-sportovn\u00edm-are\u00e1lu-2.jpg 1100w, https:\/\/zakrasnejsivimperk.cz\/wp-content\/uploads\/2022\/09\/16\/kontejner-ve-sportovn\u00edm-are\u00e1lu-2-300x182.jpg 300w, https:\/\/zakrasnejsivimperk.cz\/wp-content\/uploads\/2022\/09\/16\/kontejner-ve-sportovn\u00edm-are\u00e1lu-2-768x466.jpg 768w, https:\/\/zakrasnejsivimperk.cz\/wp-content\/uploads\/2022\/09\/16\/kontejner-ve-sportovn\u00edm-are\u00e1lu-2-1024x622.jpg 1024w, https:\/\/zakrasnejsivimperk.cz\/wp-content\/uploads\/2022\/09\/16\/kontejner-ve-sportovn\u00edm-are\u00e1lu-2-588x357.jpg 588w, https:\/\/zakrasnejsivimperk.cz\/wp-content\/uploads\/2022\/09\/16\/kontejner-ve-sportovn\u00edm-are\u00e1lu-2-795x483.jpg 795w\" sizes=\"(max-width: 1100px) 100vw, 1100px\" \/><\/p>\n<p>&nbsp;<\/p>\n<h6>Informovali jsme:<\/h6>\n<h4><a href=\"https:\/\/zakrasnejsivimperk.cz\/?p=263096\" target=\"_blank\" rel=\"noopener\">NA\u0160E M\u011aSTO VIMPERK: Stalo se \/ nestalo se po kritice \u2013 Kontejner na tr\u00e1vu ve sportovn\u00edm are\u00e1lu<\/a><\/h4>\n<h4><a href=\"https:\/\/zakrasnejsivimperk.cz\/?p=261608\" target=\"_blank\" rel=\"noopener\">NA\u0160E M\u011aSTO VIMPERK: V\u0161\u00edmav\u00fd objektiv \u2013 Kontejner ve sportovn\u00edm are\u00e1lu<\/a><\/h4>\n<p>&nbsp;<\/p>\n<p><strong>Text a foto: (red) &#8211; Za kr\u00e1sn\u011bj\u0161\u00ed Vimperk<\/strong><\/p>\n<hr \/>\n<p>&nbsp;<\/p>\n<p>&nbsp;<\/p>\n<p>&nbsp;<\/p>\n","protected":false},"excerpt":{"rendered":"<p>&nbsp; Jak <\/p>\n","protected":false},"author":2,"featured_media":263363,"comment_status":"open","ping_status":"open","sticky":false,"template":"","format":"gallery","meta":{"footnotes":""},"categories":[119,108],"tags":[],"jetpack_featured_media_url":"https:\/\/zakrasnejsivimperk.cz\/wp-content\/uploads\/2022\/09\/21\/r\u00e1m-kontejner.jpg","_links":{"self":[{"href":"https:\/\/zakrasnejsivimperk.cz\/index.php?rest_route=\/wp\/v2\/posts\/263361"}],"collection":[{"href":"https:\/\/zakrasnejsivimperk.cz\/index.php?rest_route=\/wp\/v2\/posts"}],"about":[{"href":"https:\/\/zakrasnejsivimperk.cz\/index.php?rest_route=\/wp\/v2\/types\/post"}],"author":[{"embeddable":true,"href":"https:\/\/zakrasnejsivimperk.cz\/index.php?rest_route=\/wp\/v2\/users\/2"}],"replies":[{"embeddable":true,"href":"https:\/\/zakrasnejsivimperk.cz\/index.php?rest_route=%2Fwp%2Fv2%2Fcomments&post=263361"}],"version-history":[{"count":6,"href":"https:\/\/zakrasnejsivimperk.cz\/index.php?rest_route=\/wp\/v2\/posts\/263361\/revisions"}],"predecessor-version":[{"id":263398,"href":"https:\/\/zakrasnejsivimperk.cz\/index.php?rest_route=\/wp\/v2\/posts\/263361\/revisions\/263398"}],"wp:featuredmedia":[{"embeddable":true,"href":"https:\/\/zakrasnejsivimperk.cz\/index.php?rest_route=\/wp\/v2\/media\/263363"}],"wp:attachment":[{"href":"https:\/\/zakrasnejsivimperk.cz\/index.php?rest_route=%2Fwp%2Fv2%2Fmedia&parent=263361"}],"wp:term":[{"taxonomy":"category","embeddable":true,"href":"https:\/\/zakrasnejsivimperk.cz\/index.php?rest_route=%2Fwp%2Fv2%2Fcategories&post=263361"},{"taxonomy":"post_tag","embeddable":true,"href":"https:\/\/zakrasnejsivimperk.cz\/index.php?rest_route=%2Fwp%2Fv2%2Ftags&post=263361"}],"curies":[{"name":"wp","href":"https:\/\/api.w.org\/{rel}","templated":true}]}}