{"id":263257,"date":"2022-09-18T13:37:57","date_gmt":"2022-09-18T12:37:57","guid":{"rendered":"https:\/\/zakrasnejsivimperk.cz\/?p=263257"},"modified":"2022-09-20T12:54:18","modified_gmt":"2022-09-20T11:54:18","slug":"nase-mesto-vimperk-cerna-zamecka-brana-3","status":"publish","type":"post","link":"https:\/\/zakrasnejsivimperk.cz\/?p=263257","title":{"rendered":"NA\u0160E M\u011aSTO VIMPERK: \u010cern\u00e1 (z\u00e1meck\u00e1) br\u00e1na"},"content":{"rendered":"<figure id=\"attachment_263258\" aria-describedby=\"caption-attachment-263258\" style=\"width: 879px\" class=\"wp-caption aligncenter\"><img loading=\"lazy\" decoding=\"async\" class=\"wp-image-263258 size-full\" src=\"https:\/\/zakrasnejsivimperk.cz\/wp-content\/uploads\/2022\/09\/19\/vpk-pohledy-09-3.jpg\" alt=\"\" width=\"879\" height=\"1100\" srcset=\"https:\/\/zakrasnejsivimperk.cz\/wp-content\/uploads\/2022\/09\/19\/vpk-pohledy-09-3.jpg 879w, https:\/\/zakrasnejsivimperk.cz\/wp-content\/uploads\/2022\/09\/19\/vpk-pohledy-09-3-240x300.jpg 240w, https:\/\/zakrasnejsivimperk.cz\/wp-content\/uploads\/2022\/09\/19\/vpk-pohledy-09-3-768x961.jpg 768w, https:\/\/zakrasnejsivimperk.cz\/wp-content\/uploads\/2022\/09\/19\/vpk-pohledy-09-3-818x1024.jpg 818w, https:\/\/zakrasnejsivimperk.cz\/wp-content\/uploads\/2022\/09\/19\/vpk-pohledy-09-3-285x357.jpg 285w, https:\/\/zakrasnejsivimperk.cz\/wp-content\/uploads\/2022\/09\/19\/vpk-pohledy-09-3-386x483.jpg 386w\" sizes=\"(max-width: 879px) 100vw, 879px\" \/><figcaption id=\"caption-attachment-263258\" class=\"wp-caption-text\">Foto: (red) &#8211; Za kr\u00e1sn\u011bj\u0161\u00ed Vimperk<\/figcaption><\/figure>\n<hr \/>\n<p>&nbsp;<\/p>\n<p>&nbsp;<\/p>\n<p>&nbsp;<\/p>\n","protected":false},"excerpt":{"rendered":"<p>&nbsp; &nbsp; <\/p>\n","protected":false},"author":2,"featured_media":263258,"comment_status":"open","ping_status":"open","sticky":false,"template":"","format":"gallery","meta":{"footnotes":""},"categories":[171,86],"tags":[],"jetpack_featured_media_url":"https:\/\/zakrasnejsivimperk.cz\/wp-content\/uploads\/2022\/09\/19\/vpk-pohledy-09-3.jpg","_links":{"self":[{"href":"https:\/\/zakrasnejsivimperk.cz\/index.php?rest_route=\/wp\/v2\/posts\/263257"}],"collection":[{"href":"https:\/\/zakrasnejsivimperk.cz\/index.php?rest_route=\/wp\/v2\/posts"}],"about":[{"href":"https:\/\/zakrasnejsivimperk.cz\/index.php?rest_route=\/wp\/v2\/types\/post"}],"author":[{"embeddable":true,"href":"https:\/\/zakrasnejsivimperk.cz\/index.php?rest_route=\/wp\/v2\/users\/2"}],"replies":[{"embeddable":true,"href":"https:\/\/zakrasnejsivimperk.cz\/index.php?rest_route=%2Fwp%2Fv2%2Fcomments&post=263257"}],"version-history":[{"count":1,"href":"https:\/\/zakrasnejsivimperk.cz\/index.php?rest_route=\/wp\/v2\/posts\/263257\/revisions"}],"predecessor-version":[{"id":263259,"href":"https:\/\/zakrasnejsivimperk.cz\/index.php?rest_route=\/wp\/v2\/posts\/263257\/revisions\/263259"}],"wp:featuredmedia":[{"embeddable":true,"href":"https:\/\/zakrasnejsivimperk.cz\/index.php?rest_route=\/wp\/v2\/media\/263258"}],"wp:attachment":[{"href":"https:\/\/zakrasnejsivimperk.cz\/index.php?rest_route=%2Fwp%2Fv2%2Fmedia&parent=263257"}],"wp:term":[{"taxonomy":"category","embeddable":true,"href":"https:\/\/zakrasnejsivimperk.cz\/index.php?rest_route=%2Fwp%2Fv2%2Fcategories&post=263257"},{"taxonomy":"post_tag","embeddable":true,"href":"https:\/\/zakrasnejsivimperk.cz\/index.php?rest_route=%2Fwp%2Fv2%2Ftags&post=263257"}],"curies":[{"name":"wp","href":"https:\/\/api.w.org\/{rel}","templated":true}]}}