{"id":263137,"date":"2022-09-16T20:02:02","date_gmt":"2022-09-16T19:02:02","guid":{"rendered":"https:\/\/zakrasnejsivimperk.cz\/?p=263137"},"modified":"2022-09-17T10:37:47","modified_gmt":"2022-09-17T09:37:47","slug":"nase-mesto-vimperk-ulicka-kostelni","status":"publish","type":"post","link":"https:\/\/zakrasnejsivimperk.cz\/?p=263137","title":{"rendered":"NA\u0160E M\u011aSTO VIMPERK: Uli\u010dka Kosteln\u00ed"},"content":{"rendered":"<figure id=\"attachment_263138\" aria-describedby=\"caption-attachment-263138\" style=\"width: 874px\" class=\"wp-caption aligncenter\"><img loading=\"lazy\" decoding=\"async\" class=\"wp-image-263138 size-full\" src=\"https:\/\/zakrasnejsivimperk.cz\/wp-content\/uploads\/2022\/09\/16\/vpk-uli\u010dka-kosteln\u00ed.jpg\" alt=\"\" width=\"874\" height=\"1100\" srcset=\"https:\/\/zakrasnejsivimperk.cz\/wp-content\/uploads\/2022\/09\/16\/vpk-uli\u010dka-kosteln\u00ed.jpg 874w, https:\/\/zakrasnejsivimperk.cz\/wp-content\/uploads\/2022\/09\/16\/vpk-uli\u010dka-kosteln\u00ed-238x300.jpg 238w, https:\/\/zakrasnejsivimperk.cz\/wp-content\/uploads\/2022\/09\/16\/vpk-uli\u010dka-kosteln\u00ed-768x967.jpg 768w, https:\/\/zakrasnejsivimperk.cz\/wp-content\/uploads\/2022\/09\/16\/vpk-uli\u010dka-kosteln\u00ed-814x1024.jpg 814w, https:\/\/zakrasnejsivimperk.cz\/wp-content\/uploads\/2022\/09\/16\/vpk-uli\u010dka-kosteln\u00ed-284x357.jpg 284w, https:\/\/zakrasnejsivimperk.cz\/wp-content\/uploads\/2022\/09\/16\/vpk-uli\u010dka-kosteln\u00ed-384x483.jpg 384w\" sizes=\"(max-width: 874px) 100vw, 874px\" \/><figcaption id=\"caption-attachment-263138\" class=\"wp-caption-text\">Foto: (red) &#8211; Za kr\u00e1sn\u011bj\u0161\u00ed Vimperk<\/figcaption><\/figure>\n<hr \/>\n<p>&nbsp;<\/p>\n<p>&nbsp;<\/p>\n","protected":false},"excerpt":{"rendered":"<p>&nbsp; &nbsp;<\/p>\n","protected":false},"author":2,"featured_media":263138,"comment_status":"open","ping_status":"open","sticky":false,"template":"","format":"gallery","meta":{"footnotes":""},"categories":[171],"tags":[],"jetpack_featured_media_url":"https:\/\/zakrasnejsivimperk.cz\/wp-content\/uploads\/2022\/09\/16\/vpk-uli\u010dka-kosteln\u00ed.jpg","_links":{"self":[{"href":"https:\/\/zakrasnejsivimperk.cz\/index.php?rest_route=\/wp\/v2\/posts\/263137"}],"collection":[{"href":"https:\/\/zakrasnejsivimperk.cz\/index.php?rest_route=\/wp\/v2\/posts"}],"about":[{"href":"https:\/\/zakrasnejsivimperk.cz\/index.php?rest_route=\/wp\/v2\/types\/post"}],"author":[{"embeddable":true,"href":"https:\/\/zakrasnejsivimperk.cz\/index.php?rest_route=\/wp\/v2\/users\/2"}],"replies":[{"embeddable":true,"href":"https:\/\/zakrasnejsivimperk.cz\/index.php?rest_route=%2Fwp%2Fv2%2Fcomments&post=263137"}],"version-history":[{"count":2,"href":"https:\/\/zakrasnejsivimperk.cz\/index.php?rest_route=\/wp\/v2\/posts\/263137\/revisions"}],"predecessor-version":[{"id":263188,"href":"https:\/\/zakrasnejsivimperk.cz\/index.php?rest_route=\/wp\/v2\/posts\/263137\/revisions\/263188"}],"wp:featuredmedia":[{"embeddable":true,"href":"https:\/\/zakrasnejsivimperk.cz\/index.php?rest_route=\/wp\/v2\/media\/263138"}],"wp:attachment":[{"href":"https:\/\/zakrasnejsivimperk.cz\/index.php?rest_route=%2Fwp%2Fv2%2Fmedia&parent=263137"}],"wp:term":[{"taxonomy":"category","embeddable":true,"href":"https:\/\/zakrasnejsivimperk.cz\/index.php?rest_route=%2Fwp%2Fv2%2Fcategories&post=263137"},{"taxonomy":"post_tag","embeddable":true,"href":"https:\/\/zakrasnejsivimperk.cz\/index.php?rest_route=%2Fwp%2Fv2%2Ftags&post=263137"}],"curies":[{"name":"wp","href":"https:\/\/api.w.org\/{rel}","templated":true}]}}