{"id":262749,"date":"2022-09-11T13:02:50","date_gmt":"2022-09-11T12:02:50","guid":{"rendered":"https:\/\/zakrasnejsivimperk.cz\/?p=262749"},"modified":"2022-09-21T13:30:15","modified_gmt":"2022-09-21T12:30:15","slug":"nase-mesto-vimperk-vsimavy-objektiv-skvrny-na-vzhledu-ulice-1-maje","status":"publish","type":"post","link":"https:\/\/zakrasnejsivimperk.cz\/?p=262749","title":{"rendered":"NA\u0160E M\u011aSTO VIMPERK: V\u0161\u00edmav\u00fd objektiv &#8211; Skvrny na vzhledu ulice 1. m\u00e1je"},"content":{"rendered":"<p><img loading=\"lazy\" decoding=\"async\" class=\"aligncenter wp-image-249847 size-full\" src=\"https:\/\/zakrasnejsivimperk.cz\/wp-content\/uploads\/2022\/03\/19\/Logo-fb.jpg\" alt=\"\" width=\"800\" height=\"324\" srcset=\"https:\/\/zakrasnejsivimperk.cz\/wp-content\/uploads\/2022\/03\/19\/Logo-fb.jpg 800w, https:\/\/zakrasnejsivimperk.cz\/wp-content\/uploads\/2022\/03\/19\/Logo-fb-300x122.jpg 300w, https:\/\/zakrasnejsivimperk.cz\/wp-content\/uploads\/2022\/03\/19\/Logo-fb-768x311.jpg 768w\" sizes=\"(max-width: 800px) 100vw, 800px\" \/><\/p>\n<hr \/>\n<p>&nbsp;<\/p>\n<h6>Veden\u00ed m\u011bsta by se m\u011blo zmodernizovanou ulic\u00ed 1. m\u00e1je nejen chlubit, ale tak\u00e9 se postarat o jej\u00ed pravideln\u00fd \u00faklid.<\/h6>\n<p>&nbsp;<\/p>\n<p><img loading=\"lazy\" decoding=\"async\" class=\"aligncenter wp-image-262750 size-full\" src=\"https:\/\/zakrasnejsivimperk.cz\/wp-content\/uploads\/2022\/09\/10\/ulice-1.-m\u00e1je-ne\u010distoty-1.jpg\" alt=\"\" width=\"915\" height=\"1100\" srcset=\"https:\/\/zakrasnejsivimperk.cz\/wp-content\/uploads\/2022\/09\/10\/ulice-1.-m\u00e1je-ne\u010distoty-1.jpg 915w, https:\/\/zakrasnejsivimperk.cz\/wp-content\/uploads\/2022\/09\/10\/ulice-1.-m\u00e1je-ne\u010distoty-1-250x300.jpg 250w, https:\/\/zakrasnejsivimperk.cz\/wp-content\/uploads\/2022\/09\/10\/ulice-1.-m\u00e1je-ne\u010distoty-1-768x923.jpg 768w, https:\/\/zakrasnejsivimperk.cz\/wp-content\/uploads\/2022\/09\/10\/ulice-1.-m\u00e1je-ne\u010distoty-1-852x1024.jpg 852w, https:\/\/zakrasnejsivimperk.cz\/wp-content\/uploads\/2022\/09\/10\/ulice-1.-m\u00e1je-ne\u010distoty-1-297x357.jpg 297w, https:\/\/zakrasnejsivimperk.cz\/wp-content\/uploads\/2022\/09\/10\/ulice-1.-m\u00e1je-ne\u010distoty-1-402x483.jpg 402w\" sizes=\"(max-width: 915px) 100vw, 915px\" \/><\/p>\n<p>&nbsp;<\/p>\n<p>&nbsp;<\/p>\n<p><img loading=\"lazy\" decoding=\"async\" class=\"aligncenter wp-image-262751 size-full\" src=\"https:\/\/zakrasnejsivimperk.cz\/wp-content\/uploads\/2022\/09\/10\/ulice-1.-m\u00e1je-ne\u010distoty-2.jpg\" alt=\"\" width=\"941\" height=\"1100\" srcset=\"https:\/\/zakrasnejsivimperk.cz\/wp-content\/uploads\/2022\/09\/10\/ulice-1.-m\u00e1je-ne\u010distoty-2.jpg 941w, https:\/\/zakrasnejsivimperk.cz\/wp-content\/uploads\/2022\/09\/10\/ulice-1.-m\u00e1je-ne\u010distoty-2-257x300.jpg 257w, https:\/\/zakrasnejsivimperk.cz\/wp-content\/uploads\/2022\/09\/10\/ulice-1.-m\u00e1je-ne\u010distoty-2-768x898.jpg 768w, https:\/\/zakrasnejsivimperk.cz\/wp-content\/uploads\/2022\/09\/10\/ulice-1.-m\u00e1je-ne\u010distoty-2-876x1024.jpg 876w, https:\/\/zakrasnejsivimperk.cz\/wp-content\/uploads\/2022\/09\/10\/ulice-1.-m\u00e1je-ne\u010distoty-2-305x357.jpg 305w, https:\/\/zakrasnejsivimperk.cz\/wp-content\/uploads\/2022\/09\/10\/ulice-1.-m\u00e1je-ne\u010distoty-2-413x483.jpg 413w\" sizes=\"(max-width: 941px) 100vw, 941px\" \/><\/p>\n<p>&nbsp;<\/p>\n<p>&nbsp;<\/p>\n<p><img loading=\"lazy\" decoding=\"async\" class=\"aligncenter wp-image-262752 size-full\" src=\"https:\/\/zakrasnejsivimperk.cz\/wp-content\/uploads\/2022\/09\/10\/ulice-1.-m\u00e1je-ne\u010distoty-3.jpg\" alt=\"\" width=\"1100\" height=\"556\" srcset=\"https:\/\/zakrasnejsivimperk.cz\/wp-content\/uploads\/2022\/09\/10\/ulice-1.-m\u00e1je-ne\u010distoty-3.jpg 1100w, https:\/\/zakrasnejsivimperk.cz\/wp-content\/uploads\/2022\/09\/10\/ulice-1.-m\u00e1je-ne\u010distoty-3-300x152.jpg 300w, https:\/\/zakrasnejsivimperk.cz\/wp-content\/uploads\/2022\/09\/10\/ulice-1.-m\u00e1je-ne\u010distoty-3-768x388.jpg 768w, https:\/\/zakrasnejsivimperk.cz\/wp-content\/uploads\/2022\/09\/10\/ulice-1.-m\u00e1je-ne\u010distoty-3-1024x518.jpg 1024w, https:\/\/zakrasnejsivimperk.cz\/wp-content\/uploads\/2022\/09\/10\/ulice-1.-m\u00e1je-ne\u010distoty-3-706x357.jpg 706w, https:\/\/zakrasnejsivimperk.cz\/wp-content\/uploads\/2022\/09\/10\/ulice-1.-m\u00e1je-ne\u010distoty-3-956x483.jpg 956w\" sizes=\"(max-width: 1100px) 100vw, 1100px\" \/><\/p>\n<p>&nbsp;<\/p>\n<p>&nbsp;<\/p>\n<p><img loading=\"lazy\" decoding=\"async\" class=\"aligncenter wp-image-262753 size-full\" src=\"https:\/\/zakrasnejsivimperk.cz\/wp-content\/uploads\/2022\/09\/10\/ulice-1.-m\u00e1je-ne\u010distoty-4.jpg\" alt=\"\" width=\"1042\" height=\"1100\" srcset=\"https:\/\/zakrasnejsivimperk.cz\/wp-content\/uploads\/2022\/09\/10\/ulice-1.-m\u00e1je-ne\u010distoty-4.jpg 1042w, https:\/\/zakrasnejsivimperk.cz\/wp-content\/uploads\/2022\/09\/10\/ulice-1.-m\u00e1je-ne\u010distoty-4-284x300.jpg 284w, https:\/\/zakrasnejsivimperk.cz\/wp-content\/uploads\/2022\/09\/10\/ulice-1.-m\u00e1je-ne\u010distoty-4-768x811.jpg 768w, https:\/\/zakrasnejsivimperk.cz\/wp-content\/uploads\/2022\/09\/10\/ulice-1.-m\u00e1je-ne\u010distoty-4-970x1024.jpg 970w, https:\/\/zakrasnejsivimperk.cz\/wp-content\/uploads\/2022\/09\/10\/ulice-1.-m\u00e1je-ne\u010distoty-4-338x357.jpg 338w, https:\/\/zakrasnejsivimperk.cz\/wp-content\/uploads\/2022\/09\/10\/ulice-1.-m\u00e1je-ne\u010distoty-4-458x483.jpg 458w\" sizes=\"(max-width: 1042px) 100vw, 1042px\" \/><\/p>\n<p>&nbsp;<\/p>\n<p><strong>Foto: (red) &#8211; Za kr\u00e1sn\u011bj\u0161\u00ed Vimperk<\/strong><\/p>\n<hr \/>\n<p>&nbsp;<\/p>\n<p>&nbsp;<\/p>\n","protected":false},"excerpt":{"rendered":"<p>&nbsp; Veden\u00ed <\/p>\n","protected":false},"author":2,"featured_media":262755,"comment_status":"open","ping_status":"open","sticky":false,"template":"","format":"gallery","meta":{"footnotes":""},"categories":[119,108],"tags":[],"jetpack_featured_media_url":"https:\/\/zakrasnejsivimperk.cz\/wp-content\/uploads\/2022\/09\/10\/r\u00e1m-objektiv.jpg","_links":{"self":[{"href":"https:\/\/zakrasnejsivimperk.cz\/index.php?rest_route=\/wp\/v2\/posts\/262749"}],"collection":[{"href":"https:\/\/zakrasnejsivimperk.cz\/index.php?rest_route=\/wp\/v2\/posts"}],"about":[{"href":"https:\/\/zakrasnejsivimperk.cz\/index.php?rest_route=\/wp\/v2\/types\/post"}],"author":[{"embeddable":true,"href":"https:\/\/zakrasnejsivimperk.cz\/index.php?rest_route=\/wp\/v2\/users\/2"}],"replies":[{"embeddable":true,"href":"https:\/\/zakrasnejsivimperk.cz\/index.php?rest_route=%2Fwp%2Fv2%2Fcomments&post=262749"}],"version-history":[{"count":2,"href":"https:\/\/zakrasnejsivimperk.cz\/index.php?rest_route=\/wp\/v2\/posts\/262749\/revisions"}],"predecessor-version":[{"id":262756,"href":"https:\/\/zakrasnejsivimperk.cz\/index.php?rest_route=\/wp\/v2\/posts\/262749\/revisions\/262756"}],"wp:featuredmedia":[{"embeddable":true,"href":"https:\/\/zakrasnejsivimperk.cz\/index.php?rest_route=\/wp\/v2\/media\/262755"}],"wp:attachment":[{"href":"https:\/\/zakrasnejsivimperk.cz\/index.php?rest_route=%2Fwp%2Fv2%2Fmedia&parent=262749"}],"wp:term":[{"taxonomy":"category","embeddable":true,"href":"https:\/\/zakrasnejsivimperk.cz\/index.php?rest_route=%2Fwp%2Fv2%2Fcategories&post=262749"},{"taxonomy":"post_tag","embeddable":true,"href":"https:\/\/zakrasnejsivimperk.cz\/index.php?rest_route=%2Fwp%2Fv2%2Ftags&post=262749"}],"curies":[{"name":"wp","href":"https:\/\/api.w.org\/{rel}","templated":true}]}}