{"id":262548,"date":"2022-09-08T15:21:08","date_gmt":"2022-09-08T14:21:08","guid":{"rendered":"https:\/\/zakrasnejsivimperk.cz\/?p=262548"},"modified":"2022-09-11T12:59:38","modified_gmt":"2022-09-11T11:59:38","slug":"nase-mesto-vimperk-nova-lavka-pres-kresanovsky-potok-zkracuje-cestu-z-arealu-nemocnice-do-rekreacniho-a-sportovniho-arealu-vodnik","status":"publish","type":"post","link":"https:\/\/zakrasnejsivimperk.cz\/?p=262548","title":{"rendered":"NA\u0160E M\u011aSTO VIMPERK: Nov\u00e1 l\u00e1vka p\u0159es K\u0159es\u00e1novsk\u00fd potok zkracuje cestu z are\u00e1lu nemocnice do rekrea\u010dn\u00edho a sportovn\u00edho are\u00e1lu Vodn\u00edk"},"content":{"rendered":"<p><img loading=\"lazy\" decoding=\"async\" class=\"aligncenter wp-image-249847 size-full\" src=\"https:\/\/zakrasnejsivimperk.cz\/wp-content\/uploads\/2022\/03\/19\/Logo-fb.jpg\" alt=\"\" width=\"800\" height=\"324\" srcset=\"https:\/\/zakrasnejsivimperk.cz\/wp-content\/uploads\/2022\/03\/19\/Logo-fb.jpg 800w, https:\/\/zakrasnejsivimperk.cz\/wp-content\/uploads\/2022\/03\/19\/Logo-fb-300x122.jpg 300w, https:\/\/zakrasnejsivimperk.cz\/wp-content\/uploads\/2022\/03\/19\/Logo-fb-768x311.jpg 768w\" sizes=\"(max-width: 800px) 100vw, 800px\" \/><\/p>\n<hr \/>\n<p>&nbsp;<\/p>\n<p>&nbsp;<\/p>\n<p><img loading=\"lazy\" decoding=\"async\" class=\"aligncenter wp-image-262549 size-full\" src=\"https:\/\/zakrasnejsivimperk.cz\/wp-content\/uploads\/2022\/09\/08\/l\u00e1vka-vodn\u00edk-1.jpg\" alt=\"\" width=\"1100\" height=\"825\" srcset=\"https:\/\/zakrasnejsivimperk.cz\/wp-content\/uploads\/2022\/09\/08\/l\u00e1vka-vodn\u00edk-1.jpg 1100w, https:\/\/zakrasnejsivimperk.cz\/wp-content\/uploads\/2022\/09\/08\/l\u00e1vka-vodn\u00edk-1-300x225.jpg 300w, https:\/\/zakrasnejsivimperk.cz\/wp-content\/uploads\/2022\/09\/08\/l\u00e1vka-vodn\u00edk-1-768x576.jpg 768w, https:\/\/zakrasnejsivimperk.cz\/wp-content\/uploads\/2022\/09\/08\/l\u00e1vka-vodn\u00edk-1-1024x768.jpg 1024w, https:\/\/zakrasnejsivimperk.cz\/wp-content\/uploads\/2022\/09\/08\/l\u00e1vka-vodn\u00edk-1-476x357.jpg 476w, https:\/\/zakrasnejsivimperk.cz\/wp-content\/uploads\/2022\/09\/08\/l\u00e1vka-vodn\u00edk-1-644x483.jpg 644w\" sizes=\"(max-width: 1100px) 100vw, 1100px\" \/><\/p>\n<p>&nbsp;<\/p>\n<p>&nbsp;<\/p>\n<p><img loading=\"lazy\" decoding=\"async\" class=\"aligncenter wp-image-262550 size-full\" src=\"https:\/\/zakrasnejsivimperk.cz\/wp-content\/uploads\/2022\/09\/08\/l\u00e1vka-vodn\u00edk-2.jpg\" alt=\"\" width=\"993\" height=\"1100\" srcset=\"https:\/\/zakrasnejsivimperk.cz\/wp-content\/uploads\/2022\/09\/08\/l\u00e1vka-vodn\u00edk-2.jpg 993w, https:\/\/zakrasnejsivimperk.cz\/wp-content\/uploads\/2022\/09\/08\/l\u00e1vka-vodn\u00edk-2-271x300.jpg 271w, https:\/\/zakrasnejsivimperk.cz\/wp-content\/uploads\/2022\/09\/08\/l\u00e1vka-vodn\u00edk-2-768x851.jpg 768w, https:\/\/zakrasnejsivimperk.cz\/wp-content\/uploads\/2022\/09\/08\/l\u00e1vka-vodn\u00edk-2-924x1024.jpg 924w, https:\/\/zakrasnejsivimperk.cz\/wp-content\/uploads\/2022\/09\/08\/l\u00e1vka-vodn\u00edk-2-322x357.jpg 322w, https:\/\/zakrasnejsivimperk.cz\/wp-content\/uploads\/2022\/09\/08\/l\u00e1vka-vodn\u00edk-2-436x483.jpg 436w\" sizes=\"(max-width: 993px) 100vw, 993px\" \/><\/p>\n<p>&nbsp;<\/p>\n<p>&nbsp;<\/p>\n<p><img loading=\"lazy\" decoding=\"async\" class=\"aligncenter wp-image-262554 size-full\" src=\"https:\/\/zakrasnejsivimperk.cz\/wp-content\/uploads\/2022\/09\/08\/l\u00e1vka-vodn\u00edk-6.jpg\" alt=\"\" width=\"1100\" height=\"682\" srcset=\"https:\/\/zakrasnejsivimperk.cz\/wp-content\/uploads\/2022\/09\/08\/l\u00e1vka-vodn\u00edk-6.jpg 1100w, https:\/\/zakrasnejsivimperk.cz\/wp-content\/uploads\/2022\/09\/08\/l\u00e1vka-vodn\u00edk-6-300x186.jpg 300w, https:\/\/zakrasnejsivimperk.cz\/wp-content\/uploads\/2022\/09\/08\/l\u00e1vka-vodn\u00edk-6-768x476.jpg 768w, https:\/\/zakrasnejsivimperk.cz\/wp-content\/uploads\/2022\/09\/08\/l\u00e1vka-vodn\u00edk-6-1024x635.jpg 1024w, https:\/\/zakrasnejsivimperk.cz\/wp-content\/uploads\/2022\/09\/08\/l\u00e1vka-vodn\u00edk-6-576x357.jpg 576w, https:\/\/zakrasnejsivimperk.cz\/wp-content\/uploads\/2022\/09\/08\/l\u00e1vka-vodn\u00edk-6-779x483.jpg 779w\" sizes=\"(max-width: 1100px) 100vw, 1100px\" \/><\/p>\n<p>&nbsp;<\/p>\n<p>&nbsp;<\/p>\n<p><img loading=\"lazy\" decoding=\"async\" class=\"aligncenter wp-image-262555 size-full\" src=\"https:\/\/zakrasnejsivimperk.cz\/wp-content\/uploads\/2022\/09\/08\/l\u00e1vka-vodn\u00edk-7.jpg\" alt=\"\" width=\"1033\" height=\"1100\" srcset=\"https:\/\/zakrasnejsivimperk.cz\/wp-content\/uploads\/2022\/09\/08\/l\u00e1vka-vodn\u00edk-7.jpg 1033w, https:\/\/zakrasnejsivimperk.cz\/wp-content\/uploads\/2022\/09\/08\/l\u00e1vka-vodn\u00edk-7-282x300.jpg 282w, https:\/\/zakrasnejsivimperk.cz\/wp-content\/uploads\/2022\/09\/08\/l\u00e1vka-vodn\u00edk-7-768x818.jpg 768w, https:\/\/zakrasnejsivimperk.cz\/wp-content\/uploads\/2022\/09\/08\/l\u00e1vka-vodn\u00edk-7-962x1024.jpg 962w, https:\/\/zakrasnejsivimperk.cz\/wp-content\/uploads\/2022\/09\/08\/l\u00e1vka-vodn\u00edk-7-335x357.jpg 335w, https:\/\/zakrasnejsivimperk.cz\/wp-content\/uploads\/2022\/09\/08\/l\u00e1vka-vodn\u00edk-7-454x483.jpg 454w\" sizes=\"(max-width: 1033px) 100vw, 1033px\" \/><\/p>\n<p>&nbsp;<\/p>\n<p>&nbsp;<\/p>\n<p><img loading=\"lazy\" decoding=\"async\" class=\"aligncenter wp-image-262552 size-full\" src=\"https:\/\/zakrasnejsivimperk.cz\/wp-content\/uploads\/2022\/09\/08\/l\u00e1vka-vodn\u00edk-4.jpg\" alt=\"\" width=\"1100\" height=\"744\" srcset=\"https:\/\/zakrasnejsivimperk.cz\/wp-content\/uploads\/2022\/09\/08\/l\u00e1vka-vodn\u00edk-4.jpg 1100w, https:\/\/zakrasnejsivimperk.cz\/wp-content\/uploads\/2022\/09\/08\/l\u00e1vka-vodn\u00edk-4-300x203.jpg 300w, https:\/\/zakrasnejsivimperk.cz\/wp-content\/uploads\/2022\/09\/08\/l\u00e1vka-vodn\u00edk-4-768x519.jpg 768w, https:\/\/zakrasnejsivimperk.cz\/wp-content\/uploads\/2022\/09\/08\/l\u00e1vka-vodn\u00edk-4-1024x693.jpg 1024w, https:\/\/zakrasnejsivimperk.cz\/wp-content\/uploads\/2022\/09\/08\/l\u00e1vka-vodn\u00edk-4-528x357.jpg 528w, https:\/\/zakrasnejsivimperk.cz\/wp-content\/uploads\/2022\/09\/08\/l\u00e1vka-vodn\u00edk-4-714x483.jpg 714w\" sizes=\"(max-width: 1100px) 100vw, 1100px\" \/><\/p>\n<p>&nbsp;<\/p>\n<p>&nbsp;<\/p>\n<p><img loading=\"lazy\" decoding=\"async\" class=\"aligncenter wp-image-262553 size-full\" src=\"https:\/\/zakrasnejsivimperk.cz\/wp-content\/uploads\/2022\/09\/08\/l\u00e1vka-vodn\u00edk-5.jpg\" alt=\"\" width=\"1100\" height=\"708\" srcset=\"https:\/\/zakrasnejsivimperk.cz\/wp-content\/uploads\/2022\/09\/08\/l\u00e1vka-vodn\u00edk-5.jpg 1100w, https:\/\/zakrasnejsivimperk.cz\/wp-content\/uploads\/2022\/09\/08\/l\u00e1vka-vodn\u00edk-5-300x193.jpg 300w, https:\/\/zakrasnejsivimperk.cz\/wp-content\/uploads\/2022\/09\/08\/l\u00e1vka-vodn\u00edk-5-768x494.jpg 768w, https:\/\/zakrasnejsivimperk.cz\/wp-content\/uploads\/2022\/09\/08\/l\u00e1vka-vodn\u00edk-5-1024x659.jpg 1024w, https:\/\/zakrasnejsivimperk.cz\/wp-content\/uploads\/2022\/09\/08\/l\u00e1vka-vodn\u00edk-5-100x65.jpg 100w, https:\/\/zakrasnejsivimperk.cz\/wp-content\/uploads\/2022\/09\/08\/l\u00e1vka-vodn\u00edk-5-555x357.jpg 555w, https:\/\/zakrasnejsivimperk.cz\/wp-content\/uploads\/2022\/09\/08\/l\u00e1vka-vodn\u00edk-5-750x483.jpg 750w\" sizes=\"(max-width: 1100px) 100vw, 1100px\" \/><\/p>\n<p>&nbsp;<\/p>\n<p>&nbsp;<\/p>\n<p><img loading=\"lazy\" decoding=\"async\" class=\"aligncenter wp-image-262551 size-full\" src=\"https:\/\/zakrasnejsivimperk.cz\/wp-content\/uploads\/2022\/09\/08\/l\u00e1vka-vodn\u00edk-3.jpg\" alt=\"\" width=\"1037\" height=\"1100\" srcset=\"https:\/\/zakrasnejsivimperk.cz\/wp-content\/uploads\/2022\/09\/08\/l\u00e1vka-vodn\u00edk-3.jpg 1037w, https:\/\/zakrasnejsivimperk.cz\/wp-content\/uploads\/2022\/09\/08\/l\u00e1vka-vodn\u00edk-3-283x300.jpg 283w, https:\/\/zakrasnejsivimperk.cz\/wp-content\/uploads\/2022\/09\/08\/l\u00e1vka-vodn\u00edk-3-768x815.jpg 768w, https:\/\/zakrasnejsivimperk.cz\/wp-content\/uploads\/2022\/09\/08\/l\u00e1vka-vodn\u00edk-3-965x1024.jpg 965w, https:\/\/zakrasnejsivimperk.cz\/wp-content\/uploads\/2022\/09\/08\/l\u00e1vka-vodn\u00edk-3-337x357.jpg 337w, https:\/\/zakrasnejsivimperk.cz\/wp-content\/uploads\/2022\/09\/08\/l\u00e1vka-vodn\u00edk-3-455x483.jpg 455w\" sizes=\"(max-width: 1037px) 100vw, 1037px\" \/><\/p>\n<p>&nbsp;<\/p>\n<p><strong>Foto: (red) &#8211; Za kr\u00e1sn\u011bj\u0161\u00ed Vimperk<\/strong><\/p>\n<hr \/>\n<p>&nbsp;<\/p>\n<p>&nbsp;<\/p>\n<p>&nbsp;<\/p>\n","protected":false},"excerpt":{"rendered":"<p>&nbsp; &nbsp; <\/p>\n","protected":false},"author":2,"featured_media":262557,"comment_status":"open","ping_status":"open","sticky":false,"template":"","format":"gallery","meta":{"footnotes":""},"categories":[119,108],"tags":[],"jetpack_featured_media_url":"https:\/\/zakrasnejsivimperk.cz\/wp-content\/uploads\/2022\/09\/08\/r\u00e1m-l\u00e1vka.jpg","_links":{"self":[{"href":"https:\/\/zakrasnejsivimperk.cz\/index.php?rest_route=\/wp\/v2\/posts\/262548"}],"collection":[{"href":"https:\/\/zakrasnejsivimperk.cz\/index.php?rest_route=\/wp\/v2\/posts"}],"about":[{"href":"https:\/\/zakrasnejsivimperk.cz\/index.php?rest_route=\/wp\/v2\/types\/post"}],"author":[{"embeddable":true,"href":"https:\/\/zakrasnejsivimperk.cz\/index.php?rest_route=\/wp\/v2\/users\/2"}],"replies":[{"embeddable":true,"href":"https:\/\/zakrasnejsivimperk.cz\/index.php?rest_route=%2Fwp%2Fv2%2Fcomments&post=262548"}],"version-history":[{"count":2,"href":"https:\/\/zakrasnejsivimperk.cz\/index.php?rest_route=\/wp\/v2\/posts\/262548\/revisions"}],"predecessor-version":[{"id":262558,"href":"https:\/\/zakrasnejsivimperk.cz\/index.php?rest_route=\/wp\/v2\/posts\/262548\/revisions\/262558"}],"wp:featuredmedia":[{"embeddable":true,"href":"https:\/\/zakrasnejsivimperk.cz\/index.php?rest_route=\/wp\/v2\/media\/262557"}],"wp:attachment":[{"href":"https:\/\/zakrasnejsivimperk.cz\/index.php?rest_route=%2Fwp%2Fv2%2Fmedia&parent=262548"}],"wp:term":[{"taxonomy":"category","embeddable":true,"href":"https:\/\/zakrasnejsivimperk.cz\/index.php?rest_route=%2Fwp%2Fv2%2Fcategories&post=262548"},{"taxonomy":"post_tag","embeddable":true,"href":"https:\/\/zakrasnejsivimperk.cz\/index.php?rest_route=%2Fwp%2Fv2%2Ftags&post=262548"}],"curies":[{"name":"wp","href":"https:\/\/api.w.org\/{rel}","templated":true}]}}