{"id":262361,"date":"2022-09-06T12:29:32","date_gmt":"2022-09-06T11:29:32","guid":{"rendered":"https:\/\/zakrasnejsivimperk.cz\/?p=262361"},"modified":"2022-09-13T12:46:39","modified_gmt":"2022-09-13T11:46:39","slug":"nase-mesto-vimperk-vsimavy-objektiv-kostelni-ulice-od-cervence-s-naplavenym-sterkem","status":"publish","type":"post","link":"https:\/\/zakrasnejsivimperk.cz\/?p=262361","title":{"rendered":"NA\u0160E M\u011aSTO VIMPERK: V\u0161\u00edmav\u00fd objektiv &#8211; Kosteln\u00ed ulice, od \u010dervence s naplaven\u00fdm \u0161t\u011brkem"},"content":{"rendered":"<p><img loading=\"lazy\" decoding=\"async\" class=\"aligncenter wp-image-249847 size-full\" src=\"https:\/\/zakrasnejsivimperk.cz\/wp-content\/uploads\/2022\/03\/19\/Logo-fb.jpg\" alt=\"\" width=\"800\" height=\"324\" srcset=\"https:\/\/zakrasnejsivimperk.cz\/wp-content\/uploads\/2022\/03\/19\/Logo-fb.jpg 800w, https:\/\/zakrasnejsivimperk.cz\/wp-content\/uploads\/2022\/03\/19\/Logo-fb-300x122.jpg 300w, https:\/\/zakrasnejsivimperk.cz\/wp-content\/uploads\/2022\/03\/19\/Logo-fb-768x311.jpg 768w\" sizes=\"(max-width: 800px) 100vw, 800px\" \/><\/p>\n<hr \/>\n<p>&nbsp;<\/p>\n<h6>Po prudk\u00fdch \u010dervencov\u00fdch de\u0161t\u00edch naplaven\u00fd drobn\u00fd \u0161t\u011brk ze \u017eulov\u00e9 dla\u017eby ve vimpersk\u00e9 Kosteln\u00ed ulici, ne moc daleko od n\u00e1m\u011bst\u00ed a radnice. Z\u0159ejm\u011b to funkcion\u00e1\u0159\u016fm m\u011bsta nevad\u00ed, jinak by se snad postarali o \u00faklid. M\u00e1me ve Vimperku m\u011bstsk\u00e9 slu\u017eby, pro\u010d je k tomu nikdo z radnice nevyzval, kdy\u017e je jejich veden\u00ed k podobn\u00fdm nepo\u0159\u00e1dk\u016fm nev\u0161\u00edmav\u00e9?<\/h6>\n<p><strong>Text a foto: (zj) &#8211; Za kr\u00e1sn\u011bj\u0161\u00ed Vimperk<\/strong><\/p>\n<p>&nbsp;<\/p>\n<p><img loading=\"lazy\" decoding=\"async\" class=\"aligncenter wp-image-262362 size-full\" src=\"https:\/\/zakrasnejsivimperk.cz\/wp-content\/uploads\/2022\/09\/06\/kosteln\u00ed-\u0161t\u011brk-1.jpg\" alt=\"\" width=\"1100\" height=\"719\" srcset=\"https:\/\/zakrasnejsivimperk.cz\/wp-content\/uploads\/2022\/09\/06\/kosteln\u00ed-\u0161t\u011brk-1.jpg 1100w, https:\/\/zakrasnejsivimperk.cz\/wp-content\/uploads\/2022\/09\/06\/kosteln\u00ed-\u0161t\u011brk-1-300x196.jpg 300w, https:\/\/zakrasnejsivimperk.cz\/wp-content\/uploads\/2022\/09\/06\/kosteln\u00ed-\u0161t\u011brk-1-768x502.jpg 768w, https:\/\/zakrasnejsivimperk.cz\/wp-content\/uploads\/2022\/09\/06\/kosteln\u00ed-\u0161t\u011brk-1-1024x669.jpg 1024w, https:\/\/zakrasnejsivimperk.cz\/wp-content\/uploads\/2022\/09\/06\/kosteln\u00ed-\u0161t\u011brk-1-100x65.jpg 100w, https:\/\/zakrasnejsivimperk.cz\/wp-content\/uploads\/2022\/09\/06\/kosteln\u00ed-\u0161t\u011brk-1-546x357.jpg 546w, https:\/\/zakrasnejsivimperk.cz\/wp-content\/uploads\/2022\/09\/06\/kosteln\u00ed-\u0161t\u011brk-1-739x483.jpg 739w\" sizes=\"(max-width: 1100px) 100vw, 1100px\" \/><\/p>\n<p>&nbsp;<\/p>\n<p>&nbsp;<\/p>\n<p><img loading=\"lazy\" decoding=\"async\" class=\"aligncenter wp-image-262363 size-full\" src=\"https:\/\/zakrasnejsivimperk.cz\/wp-content\/uploads\/2022\/09\/06\/kosteln\u00ed-\u0161t\u011brk-2.jpg\" alt=\"\" width=\"1100\" height=\"825\" srcset=\"https:\/\/zakrasnejsivimperk.cz\/wp-content\/uploads\/2022\/09\/06\/kosteln\u00ed-\u0161t\u011brk-2.jpg 1100w, https:\/\/zakrasnejsivimperk.cz\/wp-content\/uploads\/2022\/09\/06\/kosteln\u00ed-\u0161t\u011brk-2-300x225.jpg 300w, https:\/\/zakrasnejsivimperk.cz\/wp-content\/uploads\/2022\/09\/06\/kosteln\u00ed-\u0161t\u011brk-2-768x576.jpg 768w, https:\/\/zakrasnejsivimperk.cz\/wp-content\/uploads\/2022\/09\/06\/kosteln\u00ed-\u0161t\u011brk-2-1024x768.jpg 1024w, https:\/\/zakrasnejsivimperk.cz\/wp-content\/uploads\/2022\/09\/06\/kosteln\u00ed-\u0161t\u011brk-2-476x357.jpg 476w, https:\/\/zakrasnejsivimperk.cz\/wp-content\/uploads\/2022\/09\/06\/kosteln\u00ed-\u0161t\u011brk-2-644x483.jpg 644w\" sizes=\"(max-width: 1100px) 100vw, 1100px\" \/><\/p>\n<p>&nbsp;<\/p>\n<p>&nbsp;<\/p>\n<p><img loading=\"lazy\" decoding=\"async\" class=\"aligncenter wp-image-262364 size-full\" src=\"https:\/\/zakrasnejsivimperk.cz\/wp-content\/uploads\/2022\/09\/06\/kosteln\u00ed-\u0161t\u011brk-3.jpg\" alt=\"\" width=\"909\" height=\"1100\" srcset=\"https:\/\/zakrasnejsivimperk.cz\/wp-content\/uploads\/2022\/09\/06\/kosteln\u00ed-\u0161t\u011brk-3.jpg 909w, https:\/\/zakrasnejsivimperk.cz\/wp-content\/uploads\/2022\/09\/06\/kosteln\u00ed-\u0161t\u011brk-3-248x300.jpg 248w, https:\/\/zakrasnejsivimperk.cz\/wp-content\/uploads\/2022\/09\/06\/kosteln\u00ed-\u0161t\u011brk-3-768x929.jpg 768w, https:\/\/zakrasnejsivimperk.cz\/wp-content\/uploads\/2022\/09\/06\/kosteln\u00ed-\u0161t\u011brk-3-846x1024.jpg 846w, https:\/\/zakrasnejsivimperk.cz\/wp-content\/uploads\/2022\/09\/06\/kosteln\u00ed-\u0161t\u011brk-3-295x357.jpg 295w, https:\/\/zakrasnejsivimperk.cz\/wp-content\/uploads\/2022\/09\/06\/kosteln\u00ed-\u0161t\u011brk-3-399x483.jpg 399w\" sizes=\"(max-width: 909px) 100vw, 909px\" \/><\/p>\n<p>&nbsp;<\/p>\n<p>&nbsp;<\/p>\n<p><img loading=\"lazy\" decoding=\"async\" class=\"aligncenter wp-image-262365 size-full\" src=\"https:\/\/zakrasnejsivimperk.cz\/wp-content\/uploads\/2022\/09\/06\/kosteln\u00ed-\u0161t\u011brk-4.jpg\" alt=\"\" width=\"1100\" height=\"825\" srcset=\"https:\/\/zakrasnejsivimperk.cz\/wp-content\/uploads\/2022\/09\/06\/kosteln\u00ed-\u0161t\u011brk-4.jpg 1100w, https:\/\/zakrasnejsivimperk.cz\/wp-content\/uploads\/2022\/09\/06\/kosteln\u00ed-\u0161t\u011brk-4-300x225.jpg 300w, https:\/\/zakrasnejsivimperk.cz\/wp-content\/uploads\/2022\/09\/06\/kosteln\u00ed-\u0161t\u011brk-4-768x576.jpg 768w, https:\/\/zakrasnejsivimperk.cz\/wp-content\/uploads\/2022\/09\/06\/kosteln\u00ed-\u0161t\u011brk-4-1024x768.jpg 1024w, https:\/\/zakrasnejsivimperk.cz\/wp-content\/uploads\/2022\/09\/06\/kosteln\u00ed-\u0161t\u011brk-4-476x357.jpg 476w, https:\/\/zakrasnejsivimperk.cz\/wp-content\/uploads\/2022\/09\/06\/kosteln\u00ed-\u0161t\u011brk-4-644x483.jpg 644w\" sizes=\"(max-width: 1100px) 100vw, 1100px\" \/><\/p>\n<p>&nbsp;<\/p>\n<p>&nbsp;<\/p>\n<p><img loading=\"lazy\" decoding=\"async\" class=\"aligncenter wp-image-262366 size-full\" src=\"https:\/\/zakrasnejsivimperk.cz\/wp-content\/uploads\/2022\/09\/06\/kosteln\u00ed-\u0161t\u011brk-5.jpg\" alt=\"\" width=\"1100\" height=\"825\" srcset=\"https:\/\/zakrasnejsivimperk.cz\/wp-content\/uploads\/2022\/09\/06\/kosteln\u00ed-\u0161t\u011brk-5.jpg 1100w, https:\/\/zakrasnejsivimperk.cz\/wp-content\/uploads\/2022\/09\/06\/kosteln\u00ed-\u0161t\u011brk-5-300x225.jpg 300w, https:\/\/zakrasnejsivimperk.cz\/wp-content\/uploads\/2022\/09\/06\/kosteln\u00ed-\u0161t\u011brk-5-768x576.jpg 768w, https:\/\/zakrasnejsivimperk.cz\/wp-content\/uploads\/2022\/09\/06\/kosteln\u00ed-\u0161t\u011brk-5-1024x768.jpg 1024w, https:\/\/zakrasnejsivimperk.cz\/wp-content\/uploads\/2022\/09\/06\/kosteln\u00ed-\u0161t\u011brk-5-476x357.jpg 476w, https:\/\/zakrasnejsivimperk.cz\/wp-content\/uploads\/2022\/09\/06\/kosteln\u00ed-\u0161t\u011brk-5-644x483.jpg 644w\" sizes=\"(max-width: 1100px) 100vw, 1100px\" \/><\/p>\n<p>&nbsp;<\/p>\n<hr \/>\n<p>&nbsp;<\/p>\n<p>&nbsp;<\/p>\n<p>&nbsp;<\/p>\n","protected":false},"excerpt":{"rendered":"<p>&nbsp; Po <\/p>\n","protected":false},"author":2,"featured_media":262368,"comment_status":"open","ping_status":"open","sticky":false,"template":"","format":"gallery","meta":{"footnotes":""},"categories":[119,108],"tags":[],"jetpack_featured_media_url":"https:\/\/zakrasnejsivimperk.cz\/wp-content\/uploads\/2022\/09\/06\/r\u00e1m-kosteln\u00ed.jpg","_links":{"self":[{"href":"https:\/\/zakrasnejsivimperk.cz\/index.php?rest_route=\/wp\/v2\/posts\/262361"}],"collection":[{"href":"https:\/\/zakrasnejsivimperk.cz\/index.php?rest_route=\/wp\/v2\/posts"}],"about":[{"href":"https:\/\/zakrasnejsivimperk.cz\/index.php?rest_route=\/wp\/v2\/types\/post"}],"author":[{"embeddable":true,"href":"https:\/\/zakrasnejsivimperk.cz\/index.php?rest_route=\/wp\/v2\/users\/2"}],"replies":[{"embeddable":true,"href":"https:\/\/zakrasnejsivimperk.cz\/index.php?rest_route=%2Fwp%2Fv2%2Fcomments&post=262361"}],"version-history":[{"count":4,"href":"https:\/\/zakrasnejsivimperk.cz\/index.php?rest_route=\/wp\/v2\/posts\/262361\/revisions"}],"predecessor-version":[{"id":262371,"href":"https:\/\/zakrasnejsivimperk.cz\/index.php?rest_route=\/wp\/v2\/posts\/262361\/revisions\/262371"}],"wp:featuredmedia":[{"embeddable":true,"href":"https:\/\/zakrasnejsivimperk.cz\/index.php?rest_route=\/wp\/v2\/media\/262368"}],"wp:attachment":[{"href":"https:\/\/zakrasnejsivimperk.cz\/index.php?rest_route=%2Fwp%2Fv2%2Fmedia&parent=262361"}],"wp:term":[{"taxonomy":"category","embeddable":true,"href":"https:\/\/zakrasnejsivimperk.cz\/index.php?rest_route=%2Fwp%2Fv2%2Fcategories&post=262361"},{"taxonomy":"post_tag","embeddable":true,"href":"https:\/\/zakrasnejsivimperk.cz\/index.php?rest_route=%2Fwp%2Fv2%2Ftags&post=262361"}],"curies":[{"name":"wp","href":"https:\/\/api.w.org\/{rel}","templated":true}]}}