{"id":262183,"date":"2022-09-03T21:58:25","date_gmt":"2022-09-03T20:58:25","guid":{"rendered":"https:\/\/zakrasnejsivimperk.cz\/?p=262183"},"modified":"2022-09-06T12:30:08","modified_gmt":"2022-09-06T11:30:08","slug":"nase-mesto-vimperk-cestou-do-hrabic-2","status":"publish","type":"post","link":"https:\/\/zakrasnejsivimperk.cz\/?p=262183","title":{"rendered":"NA\u0160E M\u011aSTO VIMPERK: Cestou do Hrabic"},"content":{"rendered":"<figure id=\"attachment_262181\" aria-describedby=\"caption-attachment-262181\" style=\"width: 901px\" class=\"wp-caption aligncenter\"><img loading=\"lazy\" decoding=\"async\" class=\"wp-image-262181 size-full\" src=\"https:\/\/zakrasnejsivimperk.cz\/wp-content\/uploads\/2022\/09\/03\/vpk-cesta-hrabice-2.jpg\" alt=\"\" width=\"901\" height=\"1100\" srcset=\"https:\/\/zakrasnejsivimperk.cz\/wp-content\/uploads\/2022\/09\/03\/vpk-cesta-hrabice-2.jpg 901w, https:\/\/zakrasnejsivimperk.cz\/wp-content\/uploads\/2022\/09\/03\/vpk-cesta-hrabice-2-246x300.jpg 246w, https:\/\/zakrasnejsivimperk.cz\/wp-content\/uploads\/2022\/09\/03\/vpk-cesta-hrabice-2-768x938.jpg 768w, https:\/\/zakrasnejsivimperk.cz\/wp-content\/uploads\/2022\/09\/03\/vpk-cesta-hrabice-2-839x1024.jpg 839w, https:\/\/zakrasnejsivimperk.cz\/wp-content\/uploads\/2022\/09\/03\/vpk-cesta-hrabice-2-292x357.jpg 292w, https:\/\/zakrasnejsivimperk.cz\/wp-content\/uploads\/2022\/09\/03\/vpk-cesta-hrabice-2-396x483.jpg 396w\" sizes=\"(max-width: 901px) 100vw, 901px\" \/><figcaption id=\"caption-attachment-262181\" class=\"wp-caption-text\">Foto: (red) &#8211; Za kr\u00e1sn\u011bj\u0161\u00ed Vimperk<\/figcaption><\/figure>\n<hr \/>\n<p>&nbsp;<\/p>\n<p>&nbsp;<\/p>\n","protected":false},"excerpt":{"rendered":"<p>&nbsp; &nbsp;<\/p>\n","protected":false},"author":2,"featured_media":262181,"comment_status":"open","ping_status":"open","sticky":false,"template":"","format":"gallery","meta":{"footnotes":""},"categories":[171],"tags":[],"jetpack_featured_media_url":"https:\/\/zakrasnejsivimperk.cz\/wp-content\/uploads\/2022\/09\/03\/vpk-cesta-hrabice-2.jpg","_links":{"self":[{"href":"https:\/\/zakrasnejsivimperk.cz\/index.php?rest_route=\/wp\/v2\/posts\/262183"}],"collection":[{"href":"https:\/\/zakrasnejsivimperk.cz\/index.php?rest_route=\/wp\/v2\/posts"}],"about":[{"href":"https:\/\/zakrasnejsivimperk.cz\/index.php?rest_route=\/wp\/v2\/types\/post"}],"author":[{"embeddable":true,"href":"https:\/\/zakrasnejsivimperk.cz\/index.php?rest_route=\/wp\/v2\/users\/2"}],"replies":[{"embeddable":true,"href":"https:\/\/zakrasnejsivimperk.cz\/index.php?rest_route=%2Fwp%2Fv2%2Fcomments&post=262183"}],"version-history":[{"count":1,"href":"https:\/\/zakrasnejsivimperk.cz\/index.php?rest_route=\/wp\/v2\/posts\/262183\/revisions"}],"predecessor-version":[{"id":262184,"href":"https:\/\/zakrasnejsivimperk.cz\/index.php?rest_route=\/wp\/v2\/posts\/262183\/revisions\/262184"}],"wp:featuredmedia":[{"embeddable":true,"href":"https:\/\/zakrasnejsivimperk.cz\/index.php?rest_route=\/wp\/v2\/media\/262181"}],"wp:attachment":[{"href":"https:\/\/zakrasnejsivimperk.cz\/index.php?rest_route=%2Fwp%2Fv2%2Fmedia&parent=262183"}],"wp:term":[{"taxonomy":"category","embeddable":true,"href":"https:\/\/zakrasnejsivimperk.cz\/index.php?rest_route=%2Fwp%2Fv2%2Fcategories&post=262183"},{"taxonomy":"post_tag","embeddable":true,"href":"https:\/\/zakrasnejsivimperk.cz\/index.php?rest_route=%2Fwp%2Fv2%2Ftags&post=262183"}],"curies":[{"name":"wp","href":"https:\/\/api.w.org\/{rel}","templated":true}]}}